{"id":1644,"date":"2012-10-31T11:11:17","date_gmt":"2012-10-31T10:11:17","guid":{"rendered":"http:\/\/www.mszporoszlany.hu\/?p=1644"},"modified":"2012-10-31T11:11:17","modified_gmt":"2012-10-31T10:11:17","slug":"hol-van-a-takacshoz-kover","status":"publish","type":"post","link":"https:\/\/www.mszporoszlany.hu\/?p=1644","title":{"rendered":"Hol van a Tak\u00e1cshoz K\u00f6v\u00e9r?!"},"content":{"rendered":"<p><img loading=\"lazy\" decoding=\"async\" class=\"alignleft size-full wp-image-1645\" title=\"KoverTakacs\" src=\"https:\/\/www.mszporoszlany.hu\/wp-content\/uploads\/2012\/10\/KoverTakacs.png\" alt=\"\" width=\"200\" height=\"120\" \/>2011-ben \u00f6sszesen 57 600 km-t tett meg, \u00e9s 4,185 milli\u00f3 forintot k\u00f6lt\u00f6tt benzinre hivatali aut\u00f3j\u00e1val K\u00f6v\u00e9r L\u00e1szl\u00f3, az Orsz\u00e1ggy\u0171l\u00e9s eln\u00f6ke \u2013 der\u00fclt ki abb\u00f3l a k\u00f6z\u00e9rdek\u0171 adatig\u00e9nyl\u00e9sb\u0151l, amelyet m\u00e9g szeptember k\u00f6zep\u00e9n adtunk be a parlamenthez, \u00e1m v\u00e1laszt csak most kaptunk r\u00e1 \u2013 \u00edrja az atlatszo.blog.hu.<\/p>\n<p><!--more--><\/p>\n<p>A h\u00e1zeln\u00f6k egy Audi A8 Lang Quattro 4.2 V8-as aut\u00f3val k\u00f6zlekedik, a tavalyi \u00e9vben 9 300 liter \u00fczemanyagot v\u00e1s\u00e1rolt 4,185 milli\u00f3 forint\u00e9rt. A parlament sajt\u00f3szolg\u00e1lata a biztos\u00edt\u00e1si d\u00edjakat is elk\u00fcldte, e szerint az aut\u00f3 ut\u00e1n 82 684 forint k\u00f6telez\u0151 biztos\u00edt\u00e1st \u00e9s 965 520 forint CASCO-t fizettek. Az aut\u00f3n v\u00e9gzett jav\u00edt\u00e1sok 53 ezer forintot tettek ki.<\/p>\n<p>Na, de hol van ez a fut\u00e1steljes\u00edtm\u00e9ny a mi Tak\u00e1cs K\u00e1rolyunk\u00e9hoz k\u00e9pest? \u00d6sszess\u00e9g\u00e9ben 69 ezer kilom\u00e9tert gurult a Ford Mondeo egy \u00e9v alatt, s volt olyan h\u00f3nap \u2013 szeptember \u2013 amikor k\u00f6zel nyolc \u00e9s f\u00e9lezer kilom\u00e9tert tett meg. Ehhez a tisztes mennyis\u00e9ghez persze benzin is kell, amib\u0151l 2,4 milli\u00f3 forintnyit tankoltak a j\u00e1rg\u00e1nyba (tal\u00e1n m\u00e9gse volt olyan benzinzab\u00e1l\u00f3 az a Ford \u2013 legal\u00e1bb is az Audi A8-hoz k\u00e9pest), s 793 ezret vitt el a karbantart\u00e1si \u00e9s egy\u00e9b k\u00f6lts\u00e9g, s akkor m\u00e9g nem eml\u00edtett\u00fck a sof\u0151r d\u00edjaz\u00e1s\u00e1t.<\/p>\n<p>Oroszl\u00e1ny polg\u00e1rmestere 2011-ben mintegy nyolcmilli\u00f3 forintnyi k\u00f6zp\u00e9nz\u00e9rt r\u00f3tta \u00fatjait, azaz 638 ezer forintba ker\u00fclt havonta \u00e1tlagosan hivatalos \u00fcgyeinek aut\u00f3val val\u00f3 int\u00e9z\u00e9se.<\/p>\n<p>Az eredeti cikket <a title=\"Az eredeti cikk\" href=\"http:\/\/atlatszo.blog.hu\/2012\/10\/30\/kimittud_4_2_millio_forintert_vett_benzint_kover_laszlo\" target=\"_blank\">itt olvashatja!<\/a><\/p>\n","protected":false},"excerpt":{"rendered":"<p>2011-ben \u00f6sszesen 57 600 km-t tett meg, \u00e9s 4,185 milli\u00f3 forintot k\u00f6lt\u00f6tt benzinre hivatali aut\u00f3j\u00e1val K\u00f6v\u00e9r L\u00e1szl\u00f3, az Orsz\u00e1ggy\u0171l\u00e9s eln\u00f6ke \u2013 der\u00fclt ki abb\u00f3l a k\u00f6z\u00e9rdek\u0171 adatig\u00e9nyl\u00e9sb\u0151l, amelyet m\u00e9g szeptember k\u00f6zep\u00e9n adtunk be a parlamenthez, \u00e1m v\u00e1laszt csak most kaptunk r\u00e1 \u2013 \u00edrja az atlatszo.blog.hu. <a href=\"https:\/\/www.mszporoszlany.hu\/?p=1644\">Egy kattint\u00e1s ide a folytat\u00e1shoz&#8230;. <span class=\"meta-nav\">&rarr;<\/span><\/a><\/p>\n","protected":false},"author":35,"featured_media":0,"comment_status":"open","ping_status":"closed","sticky":false,"template":"","format":"standard","meta":{"footnotes":""},"categories":[196,194],"tags":[985,987,984,988,983,986],"class_list":["post-1644","post","type-post","status-publish","format-standard","hentry","category-magyarorszag","category-oroszlany","tag-185-millio-forint","tag-987","tag-984","tag-4-millio-ft","tag-57-600-km","tag-69-000-km"],"_links":{"self":[{"href":"https:\/\/www.mszporoszlany.hu\/index.php?rest_route=\/wp\/v2\/posts\/1644","targetHints":{"allow":["GET"]}}],"collection":[{"href":"https:\/\/www.mszporoszlany.hu\/index.php?rest_route=\/wp\/v2\/posts"}],"about":[{"href":"https:\/\/www.mszporoszlany.hu\/index.php?rest_route=\/wp\/v2\/types\/post"}],"author":[{"embeddable":true,"href":"https:\/\/www.mszporoszlany.hu\/index.php?rest_route=\/wp\/v2\/users\/35"}],"replies":[{"embeddable":true,"href":"https:\/\/www.mszporoszlany.hu\/index.php?rest_route=%2Fwp%2Fv2%2Fcomments&post=1644"}],"version-history":[{"count":0,"href":"https:\/\/www.mszporoszlany.hu\/index.php?rest_route=\/wp\/v2\/posts\/1644\/revisions"}],"wp:attachment":[{"href":"https:\/\/www.mszporoszlany.hu\/index.php?rest_route=%2Fwp%2Fv2%2Fmedia&parent=1644"}],"wp:term":[{"taxonomy":"category","embeddable":true,"href":"https:\/\/www.mszporoszlany.hu\/index.php?rest_route=%2Fwp%2Fv2%2Fcategories&post=1644"},{"taxonomy":"post_tag","embeddable":true,"href":"https:\/\/www.mszporoszlany.hu\/index.php?rest_route=%2Fwp%2Fv2%2Ftags&post=1644"}],"curies":[{"name":"wp","href":"https:\/\/api.w.org\/{rel}","templated":true}]}}