{"id":1655,"date":"2012-11-04T10:40:47","date_gmt":"2012-11-04T09:40:47","guid":{"rendered":"http:\/\/www.mszporoszlany.hu\/?p=1655"},"modified":"2012-11-04T12:52:25","modified_gmt":"2012-11-04T11:52:25","slug":"alkalmas-nem-alkalmas","status":"publish","type":"post","link":"https:\/\/www.mszporoszlany.hu\/?p=1655","title":{"rendered":"Alkalmas \u2013 nem alkalmas"},"content":{"rendered":"<p><img loading=\"lazy\" decoding=\"async\" class=\"alignleft size-full wp-image-1661\" title=\"Alkalmatlan\" src=\"https:\/\/www.mszporoszlany.hu\/wp-content\/uploads\/2012\/11\/Alkalmatlan.png\" alt=\"\" width=\"200\" height=\"120\" \/>Abban a <a href=\"#1\">kommunizmus<\/a>nak keresztelt <a href=\"#2\">szocializmus<\/a>ban a haza v\u00e9delme minden \u00e1llampolg\u00e1rban szent k\u00f6teless\u00e9gk\u00e9nt tudatosult. J\u00f3llehet akkor sem volt kolb\u00e1szb\u00f3l a ker\u00edt\u00e9s. M\u00e9gis sokan visszas\u00edrj\u00e1k ma a viszonylagos biztons\u00e1got, kisz\u00e1m\u00edthat\u00f3s\u00e1got, mintha valamivel jobban \u00e9rezhet\u0151nek t\u0171nt volna az emberi m\u00e9lt\u00f3s\u00e1g, a munka megbecs\u00fcl\u00e9se, az emberk\u00f6zpont\u00fas\u00e1g. Persze nem m\u0171k\u00f6d\u00f6tt t\u00f6k\u00e9letesen egyetlen &#8222;g\u00e9pezet&#8221; sem. Itt van p\u00e9ld\u00e1ul a sorkatonai szolg\u00e1lat megszervez\u00e9se.<\/p>\n<p><!--more--><\/p>\n<p>Ha valaminek nagy hagyom\u00e1nyai alakultak ki, akkor az a f\u00e9rfiak katonas\u00e1g\u00e1val kapcsolatban biztons\u00e1ggal \u00e1ll\u00edthat\u00f3. Faluhelyen nem is sz\u00e1m\u00edtott igazi f\u00e9rfinak, aki nem volt <a href=\"#3\">katona<\/a>. Sokak szerint a katonai szolg\u00e1lat tette f\u00e9rfiv\u00e1 a fiatalembereket, s\u0151t a ny\u00e1mnyila alak az esetek t\u00f6bbs\u00e9g\u00e9ben er\u0151teljes, \u00f6n\u00e1ll\u00f3, \u00e9letreval\u00f3, \u00f6nmaga ut\u00e1n rendet rak\u00f3, be\u00e1gyazni, takar\u00edtani is tud\u00f3, csal\u00e1dalap\u00edt\u00e1sra alkalmas, a t\u00e1rsadalomnak hasznos tagj\u00e1v\u00e1 v\u00e1lt. Hogyan is? \u00dagy, hogy viszonylag jelent\u0151s ideig nagy megpr\u00f3b\u00e1ltat\u00e1soknak volt kit\u00e9ve hol \u00e9rtelmes, hol \u00e9rtelmetlen feladatok v\u00e9grehajt\u00e1s\u00e1ra k\u00e9nyszer\u00edtve. Legend\u00e1k sz\u00fclettek, \u00e9letre sz\u00f3l\u00f3 \u00e9lm\u00e9nyekk\u00e9 sz\u00e9p\u00fcltek a gy\u0171r\u0151d\u00e9sek. Persze k\u00f6zben az\u00e9rt t\u00f6bb\u00e9-kev\u00e9sb\u00e9 megtanulta kezelni a katona a haditechnik\u00e1t, igazi harcos lett vagy nem.<\/p>\n<p>Csakhogy az eg\u00e9sz bonyolult folyamat a soroz\u00e1ssal kezd\u0151d\u00f6tt, amikor egy nagyon nagy szak\u00e9rtelemmel meg\u00e1ldott zs\u0171ri mondta ki az \u00edt\u00e9letet az \u00e1llami oktat\u00e1sban \u00e9s csal\u00e1di nevel\u00e9sben id\u00e1ig el\u00e9rt szerencs\u00e9tlen felett: alkalmas vagy nem alkalmas. Az nem sz\u00e1m\u00edtott annyira, hogy mi van a p\u00e1ciens fej\u00e9ben, legink\u00e1bb csak a seregben val\u00f3, t\u00f6bbf\u00e9le szakter\u00fcleten t\u00f6rt\u00e9n\u0151 alkalmazhat\u00f3s\u00e1g tekintet\u00e9ben. \u00dajonckik\u00e9pz\u00e9s alatt m\u00e9g az sem.<\/p>\n<p>Tipikus kiv\u00e1laszt\u00e1si m\u00f3dszerek alakultak:<\/p>\n<p>&#8211; Emberek! Van maguk k\u00f6z\u00f6tt g\u00e9p\u00e9szm\u00e9rn\u00f6k?<br \/>\nA jelentkez\u0151 baleknak:<br \/>\n&#8211; Na fiam! Ugorjon r\u00e1 a hathengeresre, azt szidolozza ki!<\/p>\n<p>Ez volt ugye a WC takar\u00edt\u00e1sra kijel\u00f6l\u00e9s. Mit kijel\u00f6l\u00e9s? Parancs!<br \/>\n\u00c9s m\u00e9g sok ilyen.<\/p>\n<p>A fizikai alkalmass\u00e1g, az igen! Number One! Testi \u00e9ps\u00e9g, v\u00e9rnyom\u00e1s j\u00f3, arany\u00e9r nincs, szeme van, f\u00fcle van, orra van, azaz alkalmas. Kellett a l\u00e9tsz\u00e1m, \u00edgy azt\u00e1n sokszor az is alkalmas, aki nem alkalmas f\u0151leg az egyszer\u0171 ember, aki nem volt el\u00e9g tal\u00e1l\u00e9kony, \u00fcgyes vagy nem rendelkezett semmilyen kapcsolattal, \u00f6sszek\u00f6ttet\u00e9ssel . Rongy ember az, aki nem alkalmas vagy alkalmatlans\u00e1g l\u00e1tszat\u00e1t kelti, esetleg kib\u00fav\u00f3t keres.<\/p>\n<p>\u00c9rdekes m\u00f3don m\u00e9gis el\u0151fordultak kiv\u00e9telek! Ezek egy r\u00e9sze leg\u00e1lis, p\u00e9ld\u00e1ul csal\u00e1dap\u00e1k m\u00e1r a soroz\u00e1skor, t\u00e1rsadalmilag fontos munkahely, funkci\u00f3 bet\u00f6lt\u00e9se, stb. \u00c1m ez nem lehetett k\u00f6ztudott, nem illett r\u00f3la besz\u00e9lni, tal\u00e1n nem is volt tan\u00e1csos (esetleg seggbe r\u00fagt\u00e1k volna \u2013 kiemel\u00e9s az alpolg\u00e1rmestert\u0151l, l\u00e1sd. OTV okt\u00f3ber 29-i ad\u00e1sa), csak egym\u00e1s k\u00f6z\u00f6tt sugdol\u00f3ztak az emberek. Pletyk\u00e1k sz\u00f3ltak r\u00f3la, hogy egyesek meg\u00faszt\u00e1k, l\u00e9tsz\u00e1mfelettiek lettek, f\u00e9lrerakt\u00e1k a <a href=\"#4\">kiegen<\/a> a kartonj\u00e1t, esetleg eg\u00e9szs\u00e9g\u00fcgyi alkalmatlans\u00e1got m\u00edmelt. Az is el\u0151fordult \u2013 m\u00e1r a v\u00e9ge fel\u00e9 \u2013, hogy vall\u00e1si meggy\u0151z\u0151d\u00e9sre hivatkoz\u00e1ssal megtagadt\u00e1k a fegyveres szolg\u00e1latot \u00e9s akkor m\u00e1s megold\u00e1st kerestek sz\u00e1m\u00e1ra. Minden kiv\u00e9tel k\u00f6z\u00f6tt a legfelh\u00e1bor\u00edt\u00f3bbnak az t\u0171nt \u2013 f\u0151leg \u00edgy ut\u00f3lag \u2013, hogy sok estben mondvacsin\u00e1lt \u00fcr\u00fcgyekkel pont azoknak a fejeseknek a gyerekei lettek felmentve, akik az ig\u00e9t hirdett\u00e9k a tisztess\u00e9gr\u0151l, becs\u00fcletr\u0151l, a hazaszeretetr\u0151l.<\/p>\n<p>Azt hittem, hitt\u00fck ez a vil\u00e1g 89-ben megsz\u0171nt, \u00faj lesz, jobb lesz. Nem lesznek az alkalmatlanok alkalmasak \u00e9s ford\u00edtva, nem lesznek dilett\u00e1ns zs\u0171rik \u00e9s nem sz\u00farnak ki vel\u00fcnk legal\u00e1bb akkor, amikor pedig legjobb tud\u00e1sunk szerint igyekezn\u00e9nk, nem lesz titkol\u00f3z\u00e1s. A sorkatonai szolg\u00e1lat val\u00f3ban megsz\u0171nt, de a m\u00f3dszerek \u2026<br \/>\nAz emberek 2010-ben is azt hitt\u00e9k, hogy a fi\u00fak majd f\u00e9nyes szeleket f\u00fajnak, de ebb\u0151l csak lufik lettek meg \u00e1tkeresztel\u00e9sek, sok ny\u00edl, ami ink\u00e1bb visszafel\u00e9 mutat, mint el\u0151re. Ma azt akarja min\u0151s\u00edteni a hatalom, hogy alkalmas vagyok-e a szavaz\u00e1sra vagy sem. Ha nem vagyok el\u00e9g lelkes, ha nem tudom el\u00e9rni, hogy regisztr\u00e1ltassam magam, akkor nem. Akkor sem, ha nincs el\u00e9g s\u00fctnival\u00f3m, ha nem tudom bel\u00e1tni, hogy mi a nemzet \u00e9rdeke, hogy melyik az az egyed\u00fcli felkent csoportosul\u00e1s, amely az orsz\u00e1got meg tudja v\u00e9deni a nemzetk\u00f6zi t\u0151ke aljas szor\u00edt\u00e1sait\u00f3l \u00e9s csak akkor megyek szavazni, ha lecs\u00f3kolb\u00e1szt meg savany\u00fas\u00e1got osztogatnak \u00e9s arra szavazok, aki limuzinnal visz el a szavaz\u00f3f\u00fclk\u00e9hez. Ma azt akarja a hatalom, hogy alkalmas legyek \u00e9rtelmetlen int\u00e9zked\u00e9sek elfogad\u00e1s\u00e1ra, sokszor m\u00e1r h\u00fclyes\u00e9gnek t\u0171n\u0151 sz\u00e1nd\u00e9kainak k\u00f6vet\u00e9s\u00e9re, nyilv\u00e1nval\u00f3 hazugs\u00e1gaink elvisel\u00e9s\u00e9re. Ma arra k\u00f6lti a k\u00f6zp\u00e9nzt a 2\/3, hogy bel\u00e1ssam: az EU nem fen\u00e9kig tejf\u00f6l, az <a href=\"#5\">\u00e1jemef<\/a> meg egyenesen az \u00f6rd\u00f6gt\u0151l val\u00f3. <em>&#8222;A <a href=\"#6\">m\u00e9dija<\/a> nem arra sz\u00fcletett, hogy az emberek tiszt\u00e1n l\u00e1ssanak, hanem az uralkod\u00f3 \u00e9rdemeit zengj\u00e9k. Az \u00f6nkorm\u00e1nyzatis\u00e1got is meg k\u00f6ll sz\u00fcntetni, mer aki nem tudja okosan terelgetni a j\u00f3sz\u00e1got, att\u00fa el k\u00f6ll venni \u00e9s a f\u0151det is annak adni, aki \u2026&#8221; <\/em>\u2013 ezt nem tudom mi\u00e9rt! El kellene fogadnom \u2013 el\u0151sz\u00f6r is persze az elfogadhatatlan alapt\u00f6rv\u00e9nyt az asztallal meg a Ker\u00e9nyif\u00e9le marhas\u00e1gokkal egy\u00fctt \u2013 az alapjogaim csorb\u00edt\u00e1s\u00e1ra szolg\u00e1l\u00f3 tr\u00fckk\u00f6ket, az oktat\u00e1s \u00e9s eg\u00e9szs\u00e9g\u00fcgy elbalt\u00e1z\u00e1s\u00e1t, haz\u00e1nk becs\u00fclet\u00e9nek elj\u00e1tsz\u00e1s\u00e1t \u00e9s m\u00e9g ezernyi m\u00e1st, mostans\u00e1g legink\u00e1bb a v\u00e1laszt\u00e1si t\u00f6rv\u00e9ny m\u00f3dos\u00edt\u00e1s\u00e1t.<\/p>\n<p>Az \u00e9n saj\u00e1t, bels\u0151 zs\u0171rim szerint erre alkalmatlan vagyok!<\/p>\n<hr \/>\n<p style=\"padding-left: 30px;\"><strong><em>Magyar\u00e1zatok<\/em><\/strong><\/p>\n<p style=\"padding-left: 30px;\"><em><a name=\"1\"><\/a>Kommunizmus: Szitoksz\u00f3, valamikor elk\u00e9pzelt t\u00e1rsadalmi rendszer, ami sohasem val\u00f3sult meg.<\/em><\/p>\n<p style=\"padding-left: 30px;\"><em><a name=\"2\"><\/a>Szocializmus: K\u00f6z\u00f6ss\u00e9gi t\u00e1rsadalom, legsz\u00edvesebben a t\u00f6rt\u00e9nelm\u00fcnkb\u0151l \u2013 egyesek szerint \u2013 kit\u00f6rlend\u0151 id\u0151szak, a hatalom szerint mind b\u0171n\u00f6z\u0151kb\u0151l \u00e1llt, kiv\u00e9ve, aki \u00e1t\u00e1llt.<\/em><\/p>\n<p style=\"padding-left: 30px;\"><em><a name=\"3\"><\/a>Katona: H\u00e1bor\u00fa eset\u00e9n bevethet\u0151, kik\u00e9pzett \u00e9s eszk\u00f6z\u00f6kkel felszerelt \u00e9l\u0151er\u0151, ma fizetett d\u00edszpinty, na nem mindegyik.<\/em><\/p>\n<p style=\"padding-left: 30px;\"><em><a name=\"4\"><\/a>KIEG: Megyei szinteken l\u00e9trehozott katonai szervez\u0151 szervezet \u2013 Megyei Kieg\u00e9sz\u00edt\u0151 Parancsnoks\u00e1g \u2013, amely a hadk\u00f6teles \u00e1llampolg\u00e1rok adatait gy\u0171jt\u00f6tte, kezelte, int\u00e9zte \u0151ket, kiv\u00e9ve, amikor szolg\u00e1latot teljes\u00edtettek. Mostans\u00e1g Kubatov K\u00f6zpontoknak nevezn\u00e9nk.<\/em><\/p>\n<p style=\"padding-left: 30px;\"><em><a name=\"5\"><\/a>\u00c1jemef: Helyesen IMF. Olyan p\u00e9nzalap, amelyikkel nem \u00e9rdemes komolyan t\u00e1rgyalni, de lehet r\u00e1 hivatkozni.<\/em><\/p>\n<p style=\"padding-left: 30px;\"><em><a name=\"6\"><\/a>M\u00e9dija: Helyesen m\u00e9dia. N\u00e9pi csujjogat\u00f3ba val\u00f3 gy\u0171jt\u0151n\u00e9v, amely ma m\u00e1r t\u00f6bbs\u00e9g\u00e9ben azokat az eszk\u00f6z\u00f6ket foglalja mag\u00e1ba, amelyek a &#8222;zemberek&#8221; f\u00e9lrevezet\u00e9s\u00e9t szolg\u00e1lj\u00e1k. tisztelet a kiv\u00e9teleknek.<\/em><\/p>\n","protected":false},"excerpt":{"rendered":"<p>Abban a kommunizmusnak keresztelt szocializmusban a haza v\u00e9delme minden \u00e1llampolg\u00e1rban szent k\u00f6teless\u00e9gk\u00e9nt tudatosult. J\u00f3llehet akkor sem volt kolb\u00e1szb\u00f3l a ker\u00edt\u00e9s. M\u00e9gis sokan visszas\u00edrj\u00e1k ma a viszonylagos biztons\u00e1got, kisz\u00e1m\u00edthat\u00f3s\u00e1got, mintha valamivel jobban \u00e9rezhet\u0151nek t\u0171nt volna az emberi m\u00e9lt\u00f3s\u00e1g, a munka megbecs\u00fcl\u00e9se, az emberk\u00f6zpont\u00fas\u00e1g. Persze nem m\u0171k\u00f6d\u00f6tt t\u00f6k\u00e9letesen egyetlen &#8222;g\u00e9pezet&#8221; sem. Itt van p\u00e9ld\u00e1ul a sorkatonai szolg\u00e1lat megszervez\u00e9se. <a href=\"https:\/\/www.mszporoszlany.hu\/?p=1655\">Egy kattint\u00e1s ide a folytat\u00e1shoz&#8230;. <span class=\"meta-nav\">&rarr;<\/span><\/a><\/p>\n","protected":false},"author":35,"featured_media":0,"comment_status":"open","ping_status":"closed","sticky":false,"template":"","format":"standard","meta":{"footnotes":""},"categories":[196],"tags":[],"class_list":["post-1655","post","type-post","status-publish","format-standard","hentry","category-magyarorszag"],"_links":{"self":[{"href":"https:\/\/www.mszporoszlany.hu\/index.php?rest_route=\/wp\/v2\/posts\/1655","targetHints":{"allow":["GET"]}}],"collection":[{"href":"https:\/\/www.mszporoszlany.hu\/index.php?rest_route=\/wp\/v2\/posts"}],"about":[{"href":"https:\/\/www.mszporoszlany.hu\/index.php?rest_route=\/wp\/v2\/types\/post"}],"author":[{"embeddable":true,"href":"https:\/\/www.mszporoszlany.hu\/index.php?rest_route=\/wp\/v2\/users\/35"}],"replies":[{"embeddable":true,"href":"https:\/\/www.mszporoszlany.hu\/index.php?rest_route=%2Fwp%2Fv2%2Fcomments&post=1655"}],"version-history":[{"count":0,"href":"https:\/\/www.mszporoszlany.hu\/index.php?rest_route=\/wp\/v2\/posts\/1655\/revisions"}],"wp:attachment":[{"href":"https:\/\/www.mszporoszlany.hu\/index.php?rest_route=%2Fwp%2Fv2%2Fmedia&parent=1655"}],"wp:term":[{"taxonomy":"category","embeddable":true,"href":"https:\/\/www.mszporoszlany.hu\/index.php?rest_route=%2Fwp%2Fv2%2Fcategories&post=1655"},{"taxonomy":"post_tag","embeddable":true,"href":"https:\/\/www.mszporoszlany.hu\/index.php?rest_route=%2Fwp%2Fv2%2Ftags&post=1655"}],"curies":[{"name":"wp","href":"https:\/\/api.w.org\/{rel}","templated":true}]}}