{"id":1664,"date":"2012-11-04T12:58:53","date_gmt":"2012-11-04T11:58:53","guid":{"rendered":"http:\/\/www.mszporoszlany.hu\/?p=1664"},"modified":"2012-11-04T13:01:16","modified_gmt":"2012-11-04T12:01:16","slug":"heti-cikkajanlo-44-het","status":"publish","type":"post","link":"https:\/\/www.mszporoszlany.hu\/?p=1664","title":{"rendered":"Heti cikkaj\u00e1nl\u00f3 (44. h\u00e9t)"},"content":{"rendered":"<p><img loading=\"lazy\" decoding=\"async\" class=\"alignleft size-full wp-image-1441\" title=\"Cikkajanlo3\" src=\"https:\/\/www.mszporoszlany.hu\/wp-content\/uploads\/2012\/10\/Cikkajanlo3.png\" alt=\"\" width=\"200\" height=\"120\" \/>Szervezt\u00fcnk tagjai, bar\u00e1taink \u00e9s ismer\u0151seink javasolt\u00e1k az al\u00e1bbi cikkeket elolvas\u00e1sra. Amennyiben ideje \u00e9s lehet\u0151s\u00e9ge van r\u00e1, k\u00e9rj\u00fck l\u00e1togasson el a megadott oldalakra \u00e9s olvassa el \u00d6n is az \u00e1ltaluk javasolt cikkeket. Amennyiben \u00e9rdemi v\u00e9lem\u00e9nye lenne a cikkekkel kapcsolatosan, akkor Facebook oldalunkon a megfelel\u0151 cikk bejegyz\u00e9s\u00e9hez v\u00e9lem\u00e9nyt is f\u0171zhet. Kellemes olvasgat\u00e1st k\u00edv\u00e1nunk!<\/p>\n<p><!--more--><\/p>\n<ul>\n<li><a title=\"Ugr\u00e1s az eredeti cikkre\" href=\"http:\/\/morgasjoga.blog.hu\/2012\/11\/03\/addig_nyujtozkodj_ameddig_a_takarodat_nyujtjak\" target=\"_blank\">Addig ny\u00fajt\u00f3zkod<\/a>j, ameddig a takar\u00f3dat ny\u00fajtj\u00e1k<\/li>\n<li>Import nyugd\u00edjasok viszik a magyar <a title=\"Ugr\u00e1s az eredeti cikkre\" href=\" http:\/\/www.pestmegyei-hirhatar.hu\/hir\/import-nyugdijasok-viszik-a-magyar-tb-kasszat\" target=\"_blank\">TB kassz\u00e1t<\/a>!?<\/li>\n<li>\u00d6n fizeti a cechet a <a title=\"Ugr\u00e1s a cikkre\" href=\"http:\/\/hvg.hu\/gazdasag\/20121029_On_fizeti_ki_a_pazarlo_polgarmesterek_hat\" target=\"_blank\">pazarl\u00f3 polg\u00e1rmesterek<\/a> ut\u00e1n<\/li>\n<li><a title=\"Ugr\u00e1s a eredeti cikkre\" href=\"http:\/\/www.szolidaritas.org\/szoliblog\/_ti_irtatok_-___8222_pete-feszek_boom__8221__\" target=\"_blank\">Pete-f\u00e9szek<\/a> boom<\/li>\n<li><a title=\"Ugr\u00e1s az eredeti cikkre\" href=\" http:\/\/www.mszp.hu\/hirek\/otosert_a_bekemenetre\" target=\"_blank\">\u00d6t\u00f6s\u00e9rt<\/a> a B\u00e9kemenetre?<\/li>\n<li>Az \u00e1llamtitk\u00e1r nyertes szomsz\u00e9dj\u00e1nak <a title=\"Ugr\u00e1s az eredeti cikkre\" href=\"http:\/\/index.hu\/belfold\/2012\/10\/21\/foldfoglalas\" target=\"_blank\">f\u00f6ldj\u00e9t foglalt\u00e1k<\/a> Kaj\u00e1sz\u00f3n<\/li>\n<li>Botka: A Fidesz \u00e9s az MSZP nem &#8222;<a title=\"Ugr\u00e1s az eredeti cikkre\" href=\"http:\/\/szeged.hir24.hu\/szeged\/2012\/10\/12\/botka-a-fidesz-es-az-mszp-nem-egykutya\" target=\"_blank\">egykutya<\/a>&#8222;<\/li>\n<\/ul>\n","protected":false},"excerpt":{"rendered":"<p>Szervezt\u00fcnk tagjai, bar\u00e1taink \u00e9s ismer\u0151seink javasolt\u00e1k az al\u00e1bbi cikkeket elolvas\u00e1sra. Amennyiben ideje \u00e9s lehet\u0151s\u00e9ge van r\u00e1, k\u00e9rj\u00fck l\u00e1togasson el a megadott oldalakra \u00e9s olvassa el \u00d6n is az \u00e1ltaluk javasolt cikkeket. Amennyiben \u00e9rdemi v\u00e9lem\u00e9nye lenne a cikkekkel kapcsolatosan, akkor Facebook &hellip; <a href=\"https:\/\/www.mszporoszlany.hu\/?p=1664\">Egy kattint\u00e1s ide a folytat\u00e1shoz&#8230;. <span class=\"meta-nav\">&rarr;<\/span><\/a><\/p>\n","protected":false},"author":35,"featured_media":0,"comment_status":"closed","ping_status":"closed","sticky":false,"template":"","format":"standard","meta":{"footnotes":""},"categories":[1,196],"tags":[],"class_list":["post-1664","post","type-post","status-publish","format-standard","hentry","category-egyeb","category-magyarorszag"],"_links":{"self":[{"href":"https:\/\/www.mszporoszlany.hu\/index.php?rest_route=\/wp\/v2\/posts\/1664","targetHints":{"allow":["GET"]}}],"collection":[{"href":"https:\/\/www.mszporoszlany.hu\/index.php?rest_route=\/wp\/v2\/posts"}],"about":[{"href":"https:\/\/www.mszporoszlany.hu\/index.php?rest_route=\/wp\/v2\/types\/post"}],"author":[{"embeddable":true,"href":"https:\/\/www.mszporoszlany.hu\/index.php?rest_route=\/wp\/v2\/users\/35"}],"replies":[{"embeddable":true,"href":"https:\/\/www.mszporoszlany.hu\/index.php?rest_route=%2Fwp%2Fv2%2Fcomments&post=1664"}],"version-history":[{"count":0,"href":"https:\/\/www.mszporoszlany.hu\/index.php?rest_route=\/wp\/v2\/posts\/1664\/revisions"}],"wp:attachment":[{"href":"https:\/\/www.mszporoszlany.hu\/index.php?rest_route=%2Fwp%2Fv2%2Fmedia&parent=1664"}],"wp:term":[{"taxonomy":"category","embeddable":true,"href":"https:\/\/www.mszporoszlany.hu\/index.php?rest_route=%2Fwp%2Fv2%2Fcategories&post=1664"},{"taxonomy":"post_tag","embeddable":true,"href":"https:\/\/www.mszporoszlany.hu\/index.php?rest_route=%2Fwp%2Fv2%2Ftags&post=1664"}],"curies":[{"name":"wp","href":"https:\/\/api.w.org\/{rel}","templated":true}]}}