{"id":1671,"date":"2012-11-05T11:16:13","date_gmt":"2012-11-05T10:16:13","guid":{"rendered":"http:\/\/www.mszporoszlany.hu\/?p=1671"},"modified":"2012-11-05T11:16:13","modified_gmt":"2012-11-05T10:16:13","slug":"a-demokracia-halala","status":"publish","type":"post","link":"https:\/\/www.mszporoszlany.hu\/?p=1671","title":{"rendered":"A demokr\u00e1cia hal\u00e1la"},"content":{"rendered":"<p><img loading=\"lazy\" decoding=\"async\" class=\"alignleft size-full wp-image-1672\" title=\"Valasztas\" src=\"https:\/\/www.mszporoszlany.hu\/wp-content\/uploads\/2012\/11\/Valasztas.png\" alt=\"\" width=\"194\" height=\"120\" \/>Az MSZP szerint a demokr\u00e1cia hal\u00e1l\u00e1t okozza az \u00faj v\u00e1laszt\u00e1si elj\u00e1r\u00e1sr\u00f3l sz\u00f3l\u00f3 t\u00f6rv\u00e9nyjavaslat, amelyet vissza kell vonni, \u00e9s egy \u00faj, konszenzuson alapul\u00f3 javaslatot kell beterjeszteni \u00e9s elfogadtatni az Orsz\u00e1ggy\u0171l\u00e9ssel.<\/p>\n<p>Moln\u00e1r Zsolt orsz\u00e1ggy\u0171l\u00e9si k\u00e9pvisel\u0151 vas\u00e1rnap Budapesten sajt\u00f3t\u00e1j\u00e9koztat\u00f3j\u00e1n azt mondta, orsz\u00e1gos turn\u00e9ra indul az MSZP az\u00e9rt, hogy p\u00e1rbesz\u00e9det folytassanak az emberekkel arr\u00f3l, mit is jelent a feliratkoz\u00e1s int\u00e9zm\u00e9nye, \u00e9s mit kell majd tenni\u00fck, mivel ezekr\u0151l az emberek &#8222;semmit nem tudnak&#8221;.<\/p>\n<p><!--more--><\/p>\n<p>Forr\u00e1s: MSZP.HU, a teljes cikk tov\u00e1bbi <a title=\"A teljes cikk itt olvashat\u00f3\" href=\"http:\/\/www.mszp.hu\/hirek\/az_uj_valasztasi_torveny_a_demokracia_halalat_okozza\" target=\"_blank\">itt olvashat\u00f3<\/a>\u2026<br \/>\nVide\u00f3: Az interj\u00fa vide\u00f3anyaga <a title=\"A teljes vide\u00f3 itt l\u00e1that\u00f3!\" href=\"http:\/\/www.youtube.com\/watch?v=sDJGCUjfMWk#!\" target=\"_blank\">itt l\u00e1that\u00f3<\/a>\u2026<\/p>\n","protected":false},"excerpt":{"rendered":"<p>Az MSZP szerint a demokr\u00e1cia hal\u00e1l\u00e1t okozza az \u00faj v\u00e1laszt\u00e1si elj\u00e1r\u00e1sr\u00f3l sz\u00f3l\u00f3 t\u00f6rv\u00e9nyjavaslat, amelyet vissza kell vonni, \u00e9s egy \u00faj, konszenzuson alapul\u00f3 javaslatot kell beterjeszteni \u00e9s elfogadtatni az Orsz\u00e1ggy\u0171l\u00e9ssel.<br \/>\nMoln\u00e1r Zsolt orsz\u00e1ggy\u0171l\u00e9si k\u00e9pvisel\u0151 vas\u00e1rnap Budapesten sajt\u00f3t\u00e1j\u00e9koztat\u00f3j\u00e1n azt mondta, orsz\u00e1gos turn\u00e9ra indul az MSZP az\u00e9rt, hogy p\u00e1rbesz\u00e9det folytassanak az emberekkel arr\u00f3l, mit is jelent a feliratkoz\u00e1s int\u00e9zm\u00e9nye, \u00e9s mit kell majd tenni\u00fck, mivel ezekr\u0151l az emberek &#8222;semmit nem tudnak&#8221;.<br \/>\nA k\u00e9pvisel\u0151 kifejtette: ami\u00f3ta a Fidesz korm\u00e1nyon van, a v\u00e1laszt\u00e1si szab\u00e1lyok minden \u00e9vben v\u00e1ltoztak: 2010-ben az \u00f6nkorm\u00e1nyzati v\u00e1laszt\u00e1si t\u00f6rv\u00e9ny m\u00f3dosult, 2011-ben a v\u00e1laszt\u00f3ker\u00fcleteket m\u00f3dos\u00edtott\u00e1k, az id\u00e9n pedig a v\u00e1laszt\u00e1si elj\u00e1r\u00e1sr\u00f3l sz\u00f3l\u00f3 t\u00f6rv\u00e9ny vit\u00e1ja van napirenden. Ek\u00f6zben nem besz\u00e9lnek sem a kamp\u00e1nyr\u00f3l, sem a kamp\u00e1nyfinansz\u00edroz\u00e1sr\u00f3l, v\u00e9lhet\u0151en az\u00e9rt, mert ezt csak az utols\u00f3 pillanatban akarj\u00e1k megv\u00e1ltoztatni &#8211; mondta Moln\u00e1r Zsolt.<br \/>\n\u00dagy fogalmazott, a Fideszt a saj\u00e1t maga \u00e1ltal \u00edrt alapt\u00f6rv\u00e9ny sem akad\u00e1lyozza \u00e9s az Alkotm\u00e1nyb\u00edr\u00f3s\u00e1g hat\u00e1sk\u00f6r\u00e9b\u0151l is igyekeznek kivonni a k\u00e9rd\u00e9st.<br \/>\nMoln\u00e1r Zsolt jelezte: ha 2014-ben az MSZP vagy sz\u00f6vets\u00e9gese nyer, akkor elt\u00f6rlik az el\u0151zetes feliratkoz\u00e1s int\u00e9zm\u00e9ny\u00e9t. <a href=\"https:\/\/www.mszporoszlany.hu\/?p=1671\">Egy kattint\u00e1s ide a folytat\u00e1shoz&#8230;. <span class=\"meta-nav\">&rarr;<\/span><\/a><\/p>\n","protected":false},"author":35,"featured_media":0,"comment_status":"open","ping_status":"closed","sticky":false,"template":"","format":"standard","meta":{"footnotes":""},"categories":[196,58],"tags":[989,992,991,416,990,325],"class_list":["post-1671","post","type-post","status-publish","format-standard","hentry","category-magyarorszag","category-mszp","tag-demokracia-halala","tag-feliratkozas-intezmenye","tag-molnar-zsolt","tag-orszaggyules","tag-torvenyjavaslat","tag-valasztas"],"_links":{"self":[{"href":"https:\/\/www.mszporoszlany.hu\/index.php?rest_route=\/wp\/v2\/posts\/1671","targetHints":{"allow":["GET"]}}],"collection":[{"href":"https:\/\/www.mszporoszlany.hu\/index.php?rest_route=\/wp\/v2\/posts"}],"about":[{"href":"https:\/\/www.mszporoszlany.hu\/index.php?rest_route=\/wp\/v2\/types\/post"}],"author":[{"embeddable":true,"href":"https:\/\/www.mszporoszlany.hu\/index.php?rest_route=\/wp\/v2\/users\/35"}],"replies":[{"embeddable":true,"href":"https:\/\/www.mszporoszlany.hu\/index.php?rest_route=%2Fwp%2Fv2%2Fcomments&post=1671"}],"version-history":[{"count":0,"href":"https:\/\/www.mszporoszlany.hu\/index.php?rest_route=\/wp\/v2\/posts\/1671\/revisions"}],"wp:attachment":[{"href":"https:\/\/www.mszporoszlany.hu\/index.php?rest_route=%2Fwp%2Fv2%2Fmedia&parent=1671"}],"wp:term":[{"taxonomy":"category","embeddable":true,"href":"https:\/\/www.mszporoszlany.hu\/index.php?rest_route=%2Fwp%2Fv2%2Fcategories&post=1671"},{"taxonomy":"post_tag","embeddable":true,"href":"https:\/\/www.mszporoszlany.hu\/index.php?rest_route=%2Fwp%2Fv2%2Ftags&post=1671"}],"curies":[{"name":"wp","href":"https:\/\/api.w.org\/{rel}","templated":true}]}}