{"id":1679,"date":"2012-11-06T08:51:18","date_gmt":"2012-11-06T07:51:18","guid":{"rendered":"http:\/\/www.mszporoszlany.hu\/?p=1679"},"modified":"2012-11-19T11:25:29","modified_gmt":"2012-11-19T10:25:29","slug":"valasztas-hatalomvaltas-valtogazdasag","status":"publish","type":"post","link":"https:\/\/www.mszporoszlany.hu\/?p=1679","title":{"rendered":"V\u00e1laszt\u00e1s, hatalomv\u00e1lt\u00e1s, v\u00e1lt\u00f3gazdas\u00e1g"},"content":{"rendered":"<p><img loading=\"lazy\" decoding=\"async\" class=\"alignleft size-full wp-image-1483\" title=\"drKollathGyorgy\" src=\"https:\/\/www.mszporoszlany.hu\/wp-content\/uploads\/2012\/10\/drKollathGyorgy.png\" alt=\"\" width=\"200\" height=\"120\" \/>Ezek voltak a kulcsszavak az oroszl\u00e1nyi K\u00f6z\u00e9leti Klub \u00e1ltal szervezett \u00e9s dr. Koll\u00e1th Gy\u00f6rgy alkotm\u00e1nyjog\u00e1sz \u00e1ltal megtartott el\u0151ad\u00e1son \u00e9s f\u00f3rumon, amely h\u00e9tf\u0151n (2012.11.05) Oroszl\u00e1nyon ker\u00fclt megrendez\u00e9sre. A m\u0171vel\u0151d\u00e9si h\u00e1z kamaraterme zs\u00fafol\u00e1sig megtelt a t\u00e9ma ir\u00e1nt \u00e9rdekl\u0151d\u0151kkel, akik nagy megbecs\u00fcl\u00e9ssel \u00e9s kit\u00f6r\u0151 tapssal k\u00f6sz\u00f6nt\u00f6tt\u00e9k a m\u00e9lt\u00e1n ismert \u00e9s n\u00e9pszer\u0171 el\u0151ad\u00f3t.<\/p>\n<p><!--more--><\/p>\n<p>Az el\u0151ad\u00e1s &#8222;<em>A szabad v\u00e1laszt\u00e1s, a b\u00e9k\u00e9s hatalomv\u00e1lt\u00e1s, a politikai v\u00e1lt\u00f3gazdas\u00e1g napjainkban<\/em>&#8221; c\u00edmmel ker\u00fclt meghirdet\u00e9sre, amely egy 2002-ben megjelent v\u00e1laszt\u00f3joggal foglalkoz\u00f3 kiadv\u00e1ny gondolataival kezd\u0151d\u00f6tt:<\/p>\n<p style=\"padding-left: 30px;\"><em>&#8222;Ma m\u00e1r term\u00e9szetesnek vessz\u00fck, hogy jogunk is, lehet\u0151s\u00e9g\u00fcnk is van v\u00e1lasztani, \u00e9s ezzel befoly\u00e1solni \u00e9let\u00fcnket. De ez nem mindig volt \u00edgy. A vil\u00e1gos, ma \u00e9rv\u00e9nyben l\u00e9v\u0151 v\u00e1laszt\u00e1si rendszerek \u00e9vezredes civiliz\u00e1ci\u00f3s fejl\u0151d\u00e9s eredm\u00e9nyek\u00e9nt alakultak ki. Ezek megfelel\u0151 ismerete sokat seg\u00edthet abban, hogy szabad, egyenrang\u00fa \u00e9s felel\u0151s polg\u00e1rk\u00e9nt a politikai \u00e9letben, \u00e9s v\u00e9g\u00fcl a szavaz\u00f3f\u00fclk\u00e9ben \u2013 j\u00f3l felfogott \u00e9rdek\u00fcnk \u00e9s lelkiismeret\u00fcnk szerint \u2013 nyilv\u00e1n\u00edtsunk v\u00e9lem\u00e9nyt, r\u00e9szt v\u00e9ve sorsunk alakul\u00e1s\u00e1ban.&#8221;<\/em><\/p>\n<p>dr. Koll\u00e1th Gy\u00f6rgy el\u0151ad\u00e1s\u00e1ban hangs\u00falyozta, hogy a v\u00e1laszt\u00e1s jog \u00e9s lehet\u0151s\u00e9g is egyben, \u00e9s hogy a k\u00e9t sz\u00f3 nem egym\u00e1s szinonim\u00e1ja, hanem m\u00e1s-m\u00e1s tartalommal felruh\u00e1zott fogalmak. Felh\u00edvta a figyelmet arra, hogy a jog l\u00e1tsz\u00f3lag biztos\u00edtotts\u00e1ga mellett er\u0151sen korl\u00e1tozhat\u00f3 a lehet\u0151s\u00e9g, amire mind a vil\u00e1gt\u00f6rt\u00e9nelem, mind a napjainkban zajl\u00f3 hazai folyamatok mutatnak megd\u00f6bbent\u0151 megold\u00e1sokat. Megl\u00e1t\u00e1sa szerint a ma t\u00f6bb, mint 8 milli\u00f3 v\u00e1laszt\u00f3polg\u00e1r rendelkezik ugyan v\u00e1laszt\u00f3joggal, de a sz\u00fcletend\u0151 szab\u00e1lyoz\u00e1si el\u0151\u00edr\u00e1sok \u00e9s k\u00f6zsz\u00e1jon kering\u0151 megold\u00e1sok eredm\u00e9nyek\u00e9nt el\u0151fordulhat, hogy t\u00e9nylegesen csak, mintegy 2-3 milli\u00f3 ember \u00e9lhet val\u00f3j\u00e1ban ezen kiv\u00e9teles alkotm\u00e1nyos jog\u00e1val. Ami l\u00e1ssuk be a demokratikus rend er\u0151s korl\u00e1toz\u00e1sa lenne haz\u00e1nkban.<\/p>\n<p>Az el\u0151ad\u00e1ssal kapcsolatos anyagok az al\u00e1bbi c\u00edmen \u00e9rhet\u0151ek el:<\/p>\n<p>El\u0151ad\u00e1s sz\u00f6vege <a title=\"AZ el\u0151ad\u00e1s sz\u00f6vege itt olvashat\u00f3\" href=\"http:\/\/www.kollath.com\/storage\/E_2012-1031.pdf\" target=\"_blank\">itt olvashat\u00f3<\/a>\u2026<br \/>\nEl\u0151ad\u00e1s kivet\u00edtett bemutat\u00f3ja <a title=\"Az el\u0151ad\u00e1s bemutat\u00f3 anyaga itt tekinthet\u0151 meg\" href=\"http:\/\/www.kollath.com\/storage\/E_2012-1031-2.pdf\" target=\"_blank\">itt tekinthet\u0151 meg<\/a>\u2026<\/p>\n","protected":false},"excerpt":{"rendered":"<p>Ezek voltak a kulcsszavak az oroszl\u00e1nyi K\u00f6z\u00e9leti Klub \u00e1ltal szervezett \u00e9s dr. Koll\u00e1th Gy\u00f6rgy alkotm\u00e1nyjog\u00e1sz \u00e1ltal megtartott el\u0151ad\u00e1son \u00e9s f\u00f3rumon, amely h\u00e9tf\u0151n (2012.11.05) Oroszl\u00e1nyon ker\u00fclt megrendez\u00e9sre. A m\u0171vel\u0151d\u00e9si h\u00e1z kamaraterme zs\u00fafol\u00e1sig megtelt a t\u00e9ma ir\u00e1nt \u00e9rdekl\u0151d\u0151kkel, akik nagy megbecs\u00fcl\u00e9ssel \u00e9s kit\u00f6r\u0151 tapssal k\u00f6sz\u00f6nt\u00f6tt\u00e9k a m\u00e9lt\u00e1n ismert \u00e9s n\u00e9pszer\u0171 el\u0151ad\u00f3t. <a href=\"https:\/\/www.mszporoszlany.hu\/?p=1679\">Egy kattint\u00e1s ide a folytat\u00e1shoz&#8230;. <span class=\"meta-nav\">&rarr;<\/span><\/a><\/p>\n","protected":false},"author":35,"featured_media":0,"comment_status":"open","ping_status":"closed","sticky":false,"template":"","format":"standard","meta":{"footnotes":""},"categories":[196,194],"tags":[998,816,999,997],"class_list":["post-1679","post","type-post","status-publish","format-standard","hentry","category-magyarorszag","category-oroszlany","tag-bekes-hatalomvaltas","tag-dr-kollath-gyorgy","tag-politikai-valtogazdasag","tag-szabad-valasztas"],"_links":{"self":[{"href":"https:\/\/www.mszporoszlany.hu\/index.php?rest_route=\/wp\/v2\/posts\/1679","targetHints":{"allow":["GET"]}}],"collection":[{"href":"https:\/\/www.mszporoszlany.hu\/index.php?rest_route=\/wp\/v2\/posts"}],"about":[{"href":"https:\/\/www.mszporoszlany.hu\/index.php?rest_route=\/wp\/v2\/types\/post"}],"author":[{"embeddable":true,"href":"https:\/\/www.mszporoszlany.hu\/index.php?rest_route=\/wp\/v2\/users\/35"}],"replies":[{"embeddable":true,"href":"https:\/\/www.mszporoszlany.hu\/index.php?rest_route=%2Fwp%2Fv2%2Fcomments&post=1679"}],"version-history":[{"count":0,"href":"https:\/\/www.mszporoszlany.hu\/index.php?rest_route=\/wp\/v2\/posts\/1679\/revisions"}],"wp:attachment":[{"href":"https:\/\/www.mszporoszlany.hu\/index.php?rest_route=%2Fwp%2Fv2%2Fmedia&parent=1679"}],"wp:term":[{"taxonomy":"category","embeddable":true,"href":"https:\/\/www.mszporoszlany.hu\/index.php?rest_route=%2Fwp%2Fv2%2Fcategories&post=1679"},{"taxonomy":"post_tag","embeddable":true,"href":"https:\/\/www.mszporoszlany.hu\/index.php?rest_route=%2Fwp%2Fv2%2Ftags&post=1679"}],"curies":[{"name":"wp","href":"https:\/\/api.w.org\/{rel}","templated":true}]}}