{"id":1685,"date":"2012-11-07T07:07:33","date_gmt":"2012-11-07T06:07:33","guid":{"rendered":"http:\/\/www.mszporoszlany.hu\/?p=1685"},"modified":"2012-11-07T08:10:10","modified_gmt":"2012-11-07T07:10:10","slug":"csak-a-penzuk-kell-a-zaszlajuk-nem","status":"publish","type":"post","link":"https:\/\/www.mszporoszlany.hu\/?p=1685","title":{"rendered":"Csak a p\u00e9nz\u00fck kell, a z\u00e1szlajuk nem!"},"content":{"rendered":"<p><img loading=\"lazy\" decoding=\"async\" class=\"alignleft size-full wp-image-1686\" title=\"EUzaszlo\" src=\"https:\/\/www.mszporoszlany.hu\/wp-content\/uploads\/2012\/11\/EUzaszlo.png\" alt=\"\" width=\"200\" height=\"120\" \/>Hat igen, egy nem \u00e9s \u00f6t tart\u00f3zkod\u00f3 szavazattal megbukott Rajnai G\u00e1bor (MSZP) volt polg\u00e1rmester azon egy\u00e9ni ind\u00edtv\u00e1nya, hogy rendelet szab\u00e1lyozza az \u00f6nkorm\u00e1nyzat \u00e1ltal alap\u00edtott v\u00e1rosi int\u00e9zm\u00e9nyek z\u00e1szl\u00f3haszn\u00e1lat\u00e1t. E szerint ker\u00fclj\u00f6n kit\u0171z\u00e9sre a nemzeti lobog\u00f3 mellett a telep\u00fcl\u00e9s, valamint az Eur\u00f3pai Uni\u00f3 z\u00e1szlaja is.<\/p>\n<p><!--more--><\/p>\n<p>Az m\u00e1r az el\u0151k\u00e9sz\u00edt\u0151 bizotts\u00e1gi \u00fcl\u00e9seken is l\u00e1that\u00f3 volt, hogy egyeseknek ugyancsak nem tetszik az \u00f6tlet, hiszen az EU-s z\u00e1szl\u00f3t k\u00e9t bizotts\u00e1g is leszavazta.<\/p>\n<p>Ilyen el\u0151zm\u00e9nyek ut\u00e1n kezd\u0151d\u00f6tt a test\u00fcleti vita, mely sor\u00e1n \u2013 valljuk be \u0151szint\u00e9n \u2013 Tak\u00e1cs K\u00e1roly (Fidesz-KDNP) polg\u00e1rmester az elfogad\u00e1s mellett \u00e9rvelt, de m\u00e9g \u0151 sem tudta minden elvt\u00e1rs\u00e1t meggy\u0151zni, \u00edgy a k\u00e9k lobog\u00f3 nem mindenhol d\u00edsz\u00edti Oroszl\u00e1ny int\u00e9zm\u00e9nyeit, s ez bizony felvet p\u00e1r k\u00e9rd\u00e9st.<\/p>\n<p>Vajon hov\u00e1 lett az oly sokszor hangoztatott Szent Istv\u00e1ni gondolat az Eur\u00f3p\u00e1hoz val\u00f3 csatlakoz\u00e1sr\u00f3l? Mik\u00f6zben ugyanezen \u00fcl\u00e9sen azzal b\u00fcszk\u00e9lkedett a k\u00e9t \u00fcl\u00e9s k\u00f6z\u00f6tti esem\u00e9nyekr\u0151l sz\u00f3l\u00f3 el\u0151terjeszt\u00e9s, hogy nyolc uni\u00f3s p\u00e1ly\u00e1zat van folyamatban, melyekb\u0151l k\u00f6zel m\u00e1sf\u00e9l milli\u00e1rdos nagys\u00e1grendben \u00e9rkez(ett)nek forr\u00e1sok v\u00e1rosfejleszt\u00e9sre, ak\u00f6zben a jobboldalnak derog\u00e1l a p\u00e9nz forr\u00e1s\u00e1t biztos\u00edt\u00f3 k\u00f6z\u00f6ss\u00e9g jelk\u00e9p\u00e9nek k\u00f6zz\u00e9t\u00e9tele? Mit sz\u00f3lnak a testv\u00e9rv\u00e1rosaink ahhoz, hogy vel\u00fck ellent\u00e9tben nek\u00fcnk csak az Uni\u00f3 p\u00e9nze kell, de z\u00e1szlaja nem? Vajon nem eml\u00e9keznek helyi potent\u00e1tjaink, hogy a csatlakoz\u00e1sr\u00f3l n\u00e9pszavaz\u00e1s d\u00f6nt\u00f6tt 2004-ben? Vajon a bels\u0151 harc jele-e, vagy csak taktikai l\u00e9p\u00e9s volt, hogy a polg\u00e1rmester ki\u00e1llt az el\u0151terjeszt\u0151 mellett?<\/p>\n<p>\u00c9s v\u00e9g\u00fcl k\u00f6vetkezzen az \u00f6sszefoglal\u00f3 k\u00e9rd\u00e9s: hov\u00e1 vezet ez a politiz\u00e1l\u00e1s? Csak nem a Balk\u00e1n fel\u00e9, mert a nyugati demokr\u00e1ci\u00e1k m\u00e1r \u00edgy is odasorolnak benn\u00fcnket. Tal\u00e1n nem kellene \u00fajabb bizony\u00edt\u00e9kot szolg\u00e1ltatni a Magyarorsz\u00e1got joggal kritiz\u00e1l\u00f3knak!<\/p>\n","protected":false},"excerpt":{"rendered":"<p>H\u00e1t igen, egy nem \u00e9s \u00f6t tart\u00f3zkod\u00f3 szavazattal megbukott Rajnai G\u00e1bor (MSZP) volt polg\u00e1rmester azon egy\u00e9ni ind\u00edtv\u00e1nya, hogy rendelet szab\u00e1lyozza az \u00f6nkorm\u00e1nyzat \u00e1ltal alap\u00edtott v\u00e1rosi int\u00e9zm\u00e9nyek z\u00e1szl\u00f3haszn\u00e1lat\u00e1t. E szerint ker\u00fclj\u00f6n kit\u0171z\u00e9sre a nemzeti lobog\u00f3 mellett a telep\u00fcl\u00e9s, valamint az Eur\u00f3pai Uni\u00f3 z\u00e1szlaja is. <a href=\"https:\/\/www.mszporoszlany.hu\/?p=1685\">Egy kattint\u00e1s ide a folytat\u00e1shoz&#8230;. <span class=\"meta-nav\">&rarr;<\/span><\/a><\/p>\n","protected":false},"author":35,"featured_media":0,"comment_status":"open","ping_status":"closed","sticky":false,"template":"","format":"standard","meta":{"footnotes":""},"categories":[196,197,194],"tags":[],"class_list":["post-1685","post","type-post","status-publish","format-standard","hentry","category-magyarorszag","category-nemzetkozi","category-oroszlany"],"_links":{"self":[{"href":"https:\/\/www.mszporoszlany.hu\/index.php?rest_route=\/wp\/v2\/posts\/1685","targetHints":{"allow":["GET"]}}],"collection":[{"href":"https:\/\/www.mszporoszlany.hu\/index.php?rest_route=\/wp\/v2\/posts"}],"about":[{"href":"https:\/\/www.mszporoszlany.hu\/index.php?rest_route=\/wp\/v2\/types\/post"}],"author":[{"embeddable":true,"href":"https:\/\/www.mszporoszlany.hu\/index.php?rest_route=\/wp\/v2\/users\/35"}],"replies":[{"embeddable":true,"href":"https:\/\/www.mszporoszlany.hu\/index.php?rest_route=%2Fwp%2Fv2%2Fcomments&post=1685"}],"version-history":[{"count":0,"href":"https:\/\/www.mszporoszlany.hu\/index.php?rest_route=\/wp\/v2\/posts\/1685\/revisions"}],"wp:attachment":[{"href":"https:\/\/www.mszporoszlany.hu\/index.php?rest_route=%2Fwp%2Fv2%2Fmedia&parent=1685"}],"wp:term":[{"taxonomy":"category","embeddable":true,"href":"https:\/\/www.mszporoszlany.hu\/index.php?rest_route=%2Fwp%2Fv2%2Fcategories&post=1685"},{"taxonomy":"post_tag","embeddable":true,"href":"https:\/\/www.mszporoszlany.hu\/index.php?rest_route=%2Fwp%2Fv2%2Ftags&post=1685"}],"curies":[{"name":"wp","href":"https:\/\/api.w.org\/{rel}","templated":true}]}}