{"id":1693,"date":"2012-11-09T23:31:31","date_gmt":"2012-11-09T22:31:31","guid":{"rendered":"http:\/\/www.mszporoszlany.hu\/?p=1693"},"modified":"2012-11-10T09:04:13","modified_gmt":"2012-11-10T08:04:13","slug":"fagyhalal","status":"publish","type":"post","link":"https:\/\/www.mszporoszlany.hu\/?p=1693","title":{"rendered":"(F)agyhal\u00e1l!"},"content":{"rendered":"<p><img loading=\"lazy\" decoding=\"async\" class=\"alignleft size-full wp-image-1694\" title=\"Fagyhalal\" src=\"https:\/\/www.mszporoszlany.hu\/wp-content\/uploads\/2012\/11\/Fagyhalal.jpg\" alt=\"\" width=\"200\" height=\"120\" \/>Az oroszl\u00e1nyi BDSZ egy el\u00e9gg\u00e9 b\u00edr\u00e1l\u00f3 hang\u00fa cikke jelent meg v\u00e1rosunk honlapj\u00e1n. A cikk b\u00edr\u00e1lja azokat a szocialista orsz\u00e1ggy\u0171l\u00e9si k\u00e9pvisel\u0151ket, akik javasolj\u00e1k egy &#8222;Fagyhal\u00e1l elleni alap&#8221; l\u00e9trehoz\u00e1s\u00e1t a korm\u00e1nynak. Tavaly Magyarorsz\u00e1gon 400 fagyhal\u00e1l t\u00f6rt\u00e9nt \u00e9s ebb\u0151l 200 a lak\u00e1sokban. Igen! Az emberek a saj\u00e1t lak\u00e1sukban fagytak hal\u00e1lra, mert nem tudt\u00e1k fizetni a energiasz\u00e1ml\u00e1kat, amire a Fidesz azt \u00edg\u00e9rte 2010-ben, hogy folyamatos emelked\u00e9s\u00fcket befagyassza. De v\u00e9g\u00fcl is csak emelkedtek az energia \u00e1rak, minden sok egy\u00e9bbel egy\u00fctt.<\/p>\n<p><!--more--><\/p>\n<p>A szocialist\u00e1k javaslata szerint az alap finansz\u00edroz\u00e1s\u00e1hoz sz\u00fcks\u00e9ges 10 milli\u00e1rd forintot abb\u00f3l k\u00e9ne biztos\u00edtani, ami a sz\u00e9nfill\u00e9rekb\u0151l gy\u0171lt \u00f6ssze, de az uni\u00f3 hat\u00e1rozata h\u00edj\u00e1n a V\u00e9rtesi Er\u0151m\u0171 Zrt-nek az m\u00e9g nem fizethet\u0151 ki. Fontos hangs\u00falyozni, hogy 2010 \u00f3ta a Fidesz korm\u00e1ny alatt egyszer sem t\u00f6rt\u00e9nt kifizet\u00e9s, a p\u00e9nz pedig ott \u00e1ll! Mivel v\u00e1rhat\u00f3an j\u00f3 ideig nem fog olyan d\u00f6nt\u00e9s sz\u00fcletni, hogy az \u00f6sszeg a V\u00e9rt sz\u00e1ml\u00e1j\u00e1ra ker\u00fclj\u00f6n, ez\u00e9rt id\u00e9n t\u00e9len lehetne seg\u00edteni azoknak, akik nem tudj\u00e1k fizetni a f\u0171t\u00e9st, \u00e9s ember\u00e9leteket lehetne megmenteni.<\/p>\n<p>De Ill\u00e9s R\u00f3bert \u00e9s az oroszl\u00e1nyi BDSZ szerint NEM!<\/p>\n<p>Szerint\u00fck parkoltatni k\u00e9ne a p\u00e9nzt tov\u00e1bbra is, mert az ott j\u00f3 helyen van?! Vajon a V\u00e9rt h\u00e1ny fejleszt\u00e9st finansz\u00edrozott ezekb\u0151l a p\u00e9nzekb\u0151l az ut\u00f3bbi k\u00e9t \u00e9vben? Ill\u00e9s R\u00f3bert pedig \u00e9rdekl\u0151dhetett volna a B\u00e9kemeneten az elvt\u00e1rsakt\u00f3l, hogy milyen temp\u00f3ban halad az eur\u00f3pai lobbi kinn Br\u00fcsszelben a n\u00e9pp\u00e1rt r\u00e9sz\u00e9r\u0151l.<\/p>\n<p>A cikkben felh\u00edvj\u00e1k a figyelmet, a p\u00e9nz nem arra c\u00e9lra van, amire a szocialista k\u00e9pvisel\u0151k sz\u00e1nj\u00e1k, hanem: &#8222;<em>Kiz\u00e1r\u00f3lag a villamosenergia-termel\u00e9shez sz\u00fcks\u00e9ges sz\u00e9nnel, h\u0151 \u00e9s villamos energia kapcsolt termel\u00e9s\u00e9vel kapcsolatos k\u00f6lts\u00e9geket fedezheti \u2013 \u00e9s m\u00e1s c\u00e9l\u00fa felhaszn\u00e1l\u00e1sa tilos.<\/em>&#8221;<\/p>\n<p>Igen! A mag\u00e1nnyugd\u00edj p\u00e9nzt\u00e1rakban l\u00e9v\u0151 megtakar\u00edt\u00e1sok sem az\u00e9rt lettek befizetve, hogy MOL r\u00e9szv\u00e9nyeket vegyenek bel\u0151le. A babak\u00f6tv\u00e9nyt sem a k\u00f6lts\u00e9gvet\u00e9si lyukak foltoz\u00e1s\u00e1ra hozt\u00e1k l\u00e9tre, vagy Esztergomban a Szent-Mikl\u00f3s alapnak sem az volt a c\u00e9lja, hogy medenc\u00e9t \u00e9p\u00edtsenek bel\u0151le. A fenti p\u00e9ld\u00e1k megmutatj\u00e1k azt, hogy ami jelenleg t\u00f6rv\u00e9nyes, azt a Fidesz korm\u00e1ny k\u00e9nye kedve szerint v\u00e1ltoztatja meg. V\u00e9lem\u00e9ny\u00fcnk szerint most t\u00e9nyleg j\u00f3t tenne ezzel a v\u00e1ltoz\u00e1ssal, hiszen ember\u00e9leteket mentene meg. Nem tudjuk, ez kell\u0151 motiv\u00e1lts\u00e1g-e a korm\u00e1nynak?<\/p>\n<p>A megjelent cikk \u00edr\u00f3j\u00e1nak pedig javasoljuk, hogy n\u00f6vesszen egy kis emp\u00e1ti\u00e1t, \u00e9s valahonnan tegyen szert egy\u00fctt\u00e9rz\u00e9sre! Ha szerinte a b\u00e1nya helyzete most stabil &#8211; hiszen a korm\u00e1ny megtett mindent ennek \u00e9rdek\u00e9ben (nyugd\u00edjak j\u00e1rul\u00e9kk\u00e1 alak\u00edt\u00e1sa, a 98%-os b\u00fcntet\u0151ad\u00f3, stb\u2026)- , akkor nem k\u00e9ne \u00fagy ragaszkodni ahhoz a p\u00e9nzhez, ami m\u00e9g nincs is n\u00e1luk \u00e9s egy j\u00f3 ideig nem is lesz, de n\u00e9gy h\u00f3napig val\u00f3sz\u00edn\u0171en nem. Akkor addig mi\u00e9rt nem haszn\u00e1lhatjuk \u00e9letek megment\u00e9s\u00e9re?<\/p>\n<p>Ha az \u00e1llami megrendel\u00e9seket n\u00e9zz\u00fck, ami a Fidesz Zrt. ny\u00fajtott a Simicska k\u00f6zeli v\u00e1llalkoz\u00e1soknak orsz\u00e1gosan, akkor k\u00f6nnyen bel\u00e1that\u00f3, hogy a sz\u00fcks\u00e9ges egymilli\u00e1rd forint m\u00e1shonnan is el\u0151teremthet\u0151 lenne. De ez a &#8222;hum\u00e1nus&#8221; Fidesz hozz\u00e1\u00e1ll\u00e1s, amit a cikk \u00edr\u00f3ja tan\u00fas\u00edt a v\u00e1ros \u00f6sszes ad\u00f3fizet\u0151je \u00e1ltal fenntartott honlapon megd\u00f6bbent\u0151! Nem azt mondj\u00e1k, hogy j\u00f3 \u00f6tlet csak ne onnan vegy\u00fcnk el p\u00e9nzt, \u00e9s mondjuk nem lesz rep\u00fcl\u0151t\u00e9r Felcs\u00faton, hanem azt, hogy ne csin\u00e1ljuk!<\/p>\n<p>Egyesek szerint ez hangulatkelt\u00e9s csup\u00e1n!<br \/>\nTeh\u00e1t nem csak a m\u00f3dszert\u0151l z\u00e1rk\u00f3znak el, hanem a c\u00e9lt\u00f3l is!<br \/>\nAmi pedig egyszer\u0171en csak az lenne, hogy id\u00e9n ne fagyjon meg 200 ember a lak\u00e1s\u00e1ban.<\/p>\n<p>Cikk t\u00e9m\u00e1j\u00e1hoz kapcsol\u00f3d\u00f3 vide\u00f3 <a title=\"Kapcsol\u00f3d\u00f3 vide\u00f3 megtekint\u00e9se\" href=\"http:\/\/oritel.hu\/index.php?nid=1906\" target=\"_blank\">itt tekinthet\u0151 meg<\/a>&#8230;<\/p>\n","protected":false},"excerpt":{"rendered":"<p>Az oroszl\u00e1nyi BDSZ egy el\u00e9gg\u00e9 b\u00edr\u00e1l\u00f3 hang\u00fa cikke jelent meg v\u00e1rosunk honlapj\u00e1n. A cikk b\u00edr\u00e1lja azokat a szocialista orsz\u00e1ggy\u0171l\u00e9si k\u00e9pvisel\u0151ket, akik javasolj\u00e1k egy &#8222;Fagyhal\u00e1l elleni alap&#8221; l\u00e9trehoz\u00e1s\u00e1t a korm\u00e1nynak. Tavaly Magyarorsz\u00e1gon 400 fagyhal\u00e1l t\u00f6rt\u00e9nt \u00e9s ebb\u0151l 200 a lak\u00e1sokban. Igen! Az emberek a saj\u00e1t lak\u00e1sukban fagytak hal\u00e1lra, mert nem tudt\u00e1k fizetni a energiasz\u00e1ml\u00e1kat, amire a Fidesz azt \u00edg\u00e9rte 2010-ben, hogy folyamatos emelked\u00e9s\u00fcket befagyassza. De v\u00e9g\u00fcl is csak emelkedtek az energia \u00e1rak, minden sok egy\u00e9bbel egy\u00fctt. <a href=\"https:\/\/www.mszporoszlany.hu\/?p=1693\">Egy kattint\u00e1s ide a folytat\u00e1shoz&#8230;. <span class=\"meta-nav\">&rarr;<\/span><\/a><\/p>\n","protected":false},"author":35,"featured_media":0,"comment_status":"open","ping_status":"closed","sticky":false,"template":"","format":"standard","meta":{"footnotes":""},"categories":[196,58,194],"tags":[1003,1008,1013,1014,1004,1002,899,60,1012,112,1009,1006,1011,1007,1000,1005,1010,1001,110],"class_list":["post-1693","post","type-post","status-publish","format-standard","hentry","category-magyarorszag","category-mszp","category-oroszlany","tag-400-fagyhalal","tag-babakotveny","tag-egyutterzes","tag-empatia","tag-energiaar-befagyasztas","tag-fagyhalal-elleni-alap","tag-felcsut","tag-fidesz","tag-hangulatkeltes","tag-illes-robert","tag-koltsegvetesi-hiany","tag-magannyugdij","tag-medence-epites","tag-mol","tag-oroszlanyi-bdsz","tag-szenfiller","tag-szent-miklos-alap","tag-varosi-honlap","tag-vertesi-eromu-zrt"],"_links":{"self":[{"href":"https:\/\/www.mszporoszlany.hu\/index.php?rest_route=\/wp\/v2\/posts\/1693","targetHints":{"allow":["GET"]}}],"collection":[{"href":"https:\/\/www.mszporoszlany.hu\/index.php?rest_route=\/wp\/v2\/posts"}],"about":[{"href":"https:\/\/www.mszporoszlany.hu\/index.php?rest_route=\/wp\/v2\/types\/post"}],"author":[{"embeddable":true,"href":"https:\/\/www.mszporoszlany.hu\/index.php?rest_route=\/wp\/v2\/users\/35"}],"replies":[{"embeddable":true,"href":"https:\/\/www.mszporoszlany.hu\/index.php?rest_route=%2Fwp%2Fv2%2Fcomments&post=1693"}],"version-history":[{"count":0,"href":"https:\/\/www.mszporoszlany.hu\/index.php?rest_route=\/wp\/v2\/posts\/1693\/revisions"}],"wp:attachment":[{"href":"https:\/\/www.mszporoszlany.hu\/index.php?rest_route=%2Fwp%2Fv2%2Fmedia&parent=1693"}],"wp:term":[{"taxonomy":"category","embeddable":true,"href":"https:\/\/www.mszporoszlany.hu\/index.php?rest_route=%2Fwp%2Fv2%2Fcategories&post=1693"},{"taxonomy":"post_tag","embeddable":true,"href":"https:\/\/www.mszporoszlany.hu\/index.php?rest_route=%2Fwp%2Fv2%2Ftags&post=1693"}],"curies":[{"name":"wp","href":"https:\/\/api.w.org\/{rel}","templated":true}]}}