{"id":1699,"date":"2012-11-18T00:31:12","date_gmt":"2012-11-17T23:31:12","guid":{"rendered":"http:\/\/www.mszporoszlany.hu\/?p=1699"},"modified":"2012-12-04T07:00:57","modified_gmt":"2012-12-04T06:00:57","slug":"bajnai-gordon-eloadasa","status":"publish","type":"post","link":"https:\/\/www.mszporoszlany.hu\/?p=1699","title":{"rendered":"Bajnai Gordon el\u0151ad\u00e1sa"},"content":{"rendered":"<p><img loading=\"lazy\" decoding=\"async\" class=\"alignleft  wp-image-1700\" title=\"Bajnai\" src=\"https:\/\/www.mszporoszlany.hu\/wp-content\/uploads\/2012\/11\/Bajnai.png\" alt=\"\" width=\"115\" height=\"154\" \/>A K\u00f6z\u00e9leti Klub szervez\u00e9s\u00e9ben 2012.12.03-\u00e1n 17:00 \u00f3r\u00e1t\u00f3l Bajnai Gordon volt minisztereln\u00f6k, a Haza \u00e9s halad\u00e1s Alap\u00edtv\u00e1ny eln\u00f6ke tart el\u0151ad\u00e1st az oroszl\u00e1nyi K\u00f6lcsey Ferenc M\u0171vel\u0151d\u00e9si K\u00f6zpont sz\u00ednh\u00e1zterm\u00e9ben.<\/p>\n<p>Mindenkit szeretettel v\u00e1rnak a rendez\u0151k!<br \/>\nA Facebook-on <a title=\"Facebook esem\u00e9nyre jelentkez\u00e9s\" href=\"https:\/\/www.facebook.com\/events\/173718179434860\/\" target=\"_blank\">itt jelezheti<\/a> r\u00e9szv\u00e9teli sz\u00e1nd\u00e9k\u00e1t!<\/p>\n","protected":false},"excerpt":{"rendered":"<p>A K\u00f6z\u00e9leti Klub szervez\u00e9s\u00e9ben 2012.12.03-\u00e1n 17:00 \u00f3r\u00e1t\u00f3l Bajnai Gordon volt minisztereln\u00f6k, a Haza \u00e9s halad\u00e1s Alap\u00edtv\u00e1ny eln\u00f6ke tart el\u0151ad\u00e1st az oroszl\u00e1nyi K\u00f6lcsey Ferenc M\u0171vel\u0151d\u00e9si K\u00f6zpont sz\u00ednh\u00e1zterm\u00e9ben. Mindenkit szeretettel v\u00e1rnak a rendez\u0151k! A Facebook-on itt jelezheti r\u00e9szv\u00e9teli sz\u00e1nd\u00e9k\u00e1t!<\/p>\n","protected":false},"author":35,"featured_media":0,"comment_status":"closed","ping_status":"closed","sticky":false,"template":"","format":"standard","meta":{"footnotes":""},"categories":[194],"tags":[],"class_list":["post-1699","post","type-post","status-publish","format-standard","hentry","category-oroszlany"],"_links":{"self":[{"href":"https:\/\/www.mszporoszlany.hu\/index.php?rest_route=\/wp\/v2\/posts\/1699","targetHints":{"allow":["GET"]}}],"collection":[{"href":"https:\/\/www.mszporoszlany.hu\/index.php?rest_route=\/wp\/v2\/posts"}],"about":[{"href":"https:\/\/www.mszporoszlany.hu\/index.php?rest_route=\/wp\/v2\/types\/post"}],"author":[{"embeddable":true,"href":"https:\/\/www.mszporoszlany.hu\/index.php?rest_route=\/wp\/v2\/users\/35"}],"replies":[{"embeddable":true,"href":"https:\/\/www.mszporoszlany.hu\/index.php?rest_route=%2Fwp%2Fv2%2Fcomments&post=1699"}],"version-history":[{"count":0,"href":"https:\/\/www.mszporoszlany.hu\/index.php?rest_route=\/wp\/v2\/posts\/1699\/revisions"}],"wp:attachment":[{"href":"https:\/\/www.mszporoszlany.hu\/index.php?rest_route=%2Fwp%2Fv2%2Fmedia&parent=1699"}],"wp:term":[{"taxonomy":"category","embeddable":true,"href":"https:\/\/www.mszporoszlany.hu\/index.php?rest_route=%2Fwp%2Fv2%2Fcategories&post=1699"},{"taxonomy":"post_tag","embeddable":true,"href":"https:\/\/www.mszporoszlany.hu\/index.php?rest_route=%2Fwp%2Fv2%2Ftags&post=1699"}],"curies":[{"name":"wp","href":"https:\/\/api.w.org\/{rel}","templated":true}]}}