{"id":1706,"date":"2012-11-13T14:03:21","date_gmt":"2012-11-13T13:03:21","guid":{"rendered":"http:\/\/www.mszporoszlany.hu\/?p=1706"},"modified":"2012-11-13T14:03:21","modified_gmt":"2012-11-13T13:03:21","slug":"csomagolnak","status":"publish","type":"post","link":"https:\/\/www.mszporoszlany.hu\/?p=1706","title":{"rendered":"Csomagolnak"},"content":{"rendered":"<p><img loading=\"lazy\" decoding=\"async\" class=\"alignleft size-full wp-image-1707\" title=\"Siker\" src=\"https:\/\/www.mszporoszlany.hu\/wp-content\/uploads\/2012\/11\/Siker.png\" alt=\"\" width=\"200\" height=\"120\" \/>Orb\u00e1n Viktor szerint sikeres a magyar gazdas\u00e1gi modell. N\u00e9zem a tud\u00f3s\u00edt\u00e1shoz mell\u00e9kelt k\u00e9pet, a magyar korm\u00e1nyf\u0151 \u00e9ppen \u00edr koll\u00e9g\u00e1j\u00e1nak, Enda Kenny minisztereln\u00f6knek besz\u00e9l sikereinkr\u0151l. Kellemes novemberi naps\u00fct\u00e9sben \u00e1llnak az Orsz\u00e1gh\u00e1z egyik erk\u00e9ly\u00e9n, \u00e9n meg arra gondolok, alighanem szem\u00e9be s\u00fcthetett a Nap, mi m\u00e1s vak\u00edthatta el ennyire? Olvasott ez az ember sz\u00e1mokat? \u00c9rdeklik m\u00e9g a t\u00e9nyek?<\/p>\n<p><!--more--><\/p>\n<p>Forr\u00e1s: buranysandor.blog.hu, a teljes cikk <a title=\"Ugr\u00e1s a teljes cikkre\" href=\"http:\/\/buranysandor.blog.hu\/2012\/11\/10\/csomagolnak\" target=\"_blank\">itt olvashat\u00f3<\/a>\u2026<\/p>\n","protected":false},"excerpt":{"rendered":"<p>Orb\u00e1n Viktor szerint sikeres a magyar gazdas\u00e1gi modell. N\u00e9zem a tud\u00f3s\u00edt\u00e1shoz mell\u00e9kelt k\u00e9pet, a magyar korm\u00e1nyf\u0151 \u00e9ppen \u00edr koll\u00e9g\u00e1j\u00e1nak, Enda Kenny minisztereln\u00f6knek besz\u00e9l sikereinkr\u0151l. Kellemes novemberi naps\u00fct\u00e9sben \u00e1llnak az Orsz\u00e1gh\u00e1z egyik erk\u00e9ly\u00e9n, \u00e9n meg arra gondolok, alighanem szem\u00e9be s\u00fcthetett a Nap, mi m\u00e1s vak\u00edthatta el ennyire? Olvasott ez az ember sz\u00e1mokat? \u00c9rdeklik m\u00e9g a t\u00e9nyek? <a href=\"https:\/\/www.mszporoszlany.hu\/?p=1706\">Egy kattint\u00e1s ide a folytat\u00e1shoz&#8230;. <span class=\"meta-nav\">&rarr;<\/span><\/a><\/p>\n","protected":false},"author":35,"featured_media":0,"comment_status":"open","ping_status":"closed","sticky":false,"template":"","format":"standard","meta":{"footnotes":""},"categories":[196],"tags":[60,1020,1021,1017,1023,1015,1022,159,1026,317,1018,1016,1024,1025,1019],"class_list":["post-1706","post","type-post","status-publish","format-standard","hentry","category-magyarorszag","tag-fidesz","tag-inflacio","tag-inflaciogerjeszto","tag-kormanyfo","tag-kulonos-kegyetlenseg","tag-magyar-gazdasagi-modell","tag-magyar-nemzeti-bank","tag-matolcsy-gyorgy","tag-megszorito-csomag","tag-orban-viktor","tag-recesszio","tag-siker","tag-szegenysegi-mutato","tag-transzallapot","tag-versenykepesseg"],"_links":{"self":[{"href":"https:\/\/www.mszporoszlany.hu\/index.php?rest_route=\/wp\/v2\/posts\/1706","targetHints":{"allow":["GET"]}}],"collection":[{"href":"https:\/\/www.mszporoszlany.hu\/index.php?rest_route=\/wp\/v2\/posts"}],"about":[{"href":"https:\/\/www.mszporoszlany.hu\/index.php?rest_route=\/wp\/v2\/types\/post"}],"author":[{"embeddable":true,"href":"https:\/\/www.mszporoszlany.hu\/index.php?rest_route=\/wp\/v2\/users\/35"}],"replies":[{"embeddable":true,"href":"https:\/\/www.mszporoszlany.hu\/index.php?rest_route=%2Fwp%2Fv2%2Fcomments&post=1706"}],"version-history":[{"count":0,"href":"https:\/\/www.mszporoszlany.hu\/index.php?rest_route=\/wp\/v2\/posts\/1706\/revisions"}],"wp:attachment":[{"href":"https:\/\/www.mszporoszlany.hu\/index.php?rest_route=%2Fwp%2Fv2%2Fmedia&parent=1706"}],"wp:term":[{"taxonomy":"category","embeddable":true,"href":"https:\/\/www.mszporoszlany.hu\/index.php?rest_route=%2Fwp%2Fv2%2Fcategories&post=1706"},{"taxonomy":"post_tag","embeddable":true,"href":"https:\/\/www.mszporoszlany.hu\/index.php?rest_route=%2Fwp%2Fv2%2Ftags&post=1706"}],"curies":[{"name":"wp","href":"https:\/\/api.w.org\/{rel}","templated":true}]}}