{"id":1713,"date":"2012-11-17T21:19:04","date_gmt":"2012-11-17T20:19:04","guid":{"rendered":"http:\/\/www.mszporoszlany.hu\/?p=1713"},"modified":"2012-11-17T21:39:23","modified_gmt":"2012-11-17T20:39:23","slug":"a-demokracia-fideszes-ertelmezese","status":"publish","type":"post","link":"https:\/\/www.mszporoszlany.hu\/?p=1713","title":{"rendered":"A demokr\u00e1cia fideszes \u00e9rtelmez\u00e9se"},"content":{"rendered":"<p><img loading=\"lazy\" decoding=\"async\" class=\"alignleft size-full wp-image-1714\" title=\"SovagoLaszlo\" src=\"https:\/\/www.mszporoszlany.hu\/wp-content\/uploads\/2012\/11\/SovagoLaszlo.jpg\" alt=\"\" width=\"200\" height=\"120\" \/>\u2013 Ultim\u00e1tumot kaptunk, megfenyegettek benn\u00fcnket. De nem k\u00edv\u00e1nunk elvi t\u00e1mogat\u00e1st sem ny\u00fajtani ahhoz a korm\u00e1nyzati politik\u00e1hoz, amely jelent\u0151sen korl\u00e1tozza a telep\u00fcl\u00e9sek, az ott \u00e9l\u0151 emberek jogait \u2013 k\u00f6z\u00f6lte S\u00f3v\u00e1g\u00f3 L\u00e1szl\u00f3, Hajd\u00faszoboszl\u00f3 polg\u00e1rmestere cs\u00fct\u00f6rt\u00f6ki sajt\u00f3t\u00e1j\u00e9koztat\u00f3j\u00e1n, amelyet a j\u00e1r\u00e1si hivatali sz\u00e9khely k\u00f6r\u00fcli huzavona miatt h\u00edvott \u00f6ssze \u2013 adta h\u00edr\u00fcl a <a title=\"Ugr\u00e1s az eredeti cikkre...\" href=\"http:\/\/nol.hu\/belfold\/hajduszoboszlo_polgarmestere_kipakolt___megfenyegettek_bennunket__\" target=\"_blank\">nol.hu<\/a>.<\/p>\n<p><!--more--><\/p>\n<p>A hajd\u00faszoboszl\u00f3i k\u00e9pvisel\u0151-test\u00fclet a k\u00f6zelm\u00faltban nem szavazta meg azt az el\u0151terjeszt\u00e9st, amely arra hatalmazta volna f\u00f6l a v\u00e1rosvezet\u00e9st, hogy a Hajd\u00fa-Bihar Megyei Korm\u00e1nyhivatallal meg\u00e1llapod\u00e1st k\u00f6thessen a j\u00e1r\u00e1si hivatal kialak\u00edt\u00e1s\u00e1r\u00f3l. A t\u00f6rt\u00e9nteket &#8222;\u00e9rthetetlennek&#8221; \u00e9s &#8222;f\u00f6lh\u00e1bor\u00edt\u00f3nak&#8221; nevezt\u00e9k helyi fideszes k\u00e9pvisel\u0151k, akik k\u00f6z\u00fcl ketten \u2013 Kocsis R\u00f3bert megyei k\u00f6zgy\u0171l\u00e9si aleln\u00f6k \u00e9s \u00d6rvendi L\u00e1szl\u00f3 \u2013 kijelentett\u00e9k: a v\u00e1rost 19 \u00e9ve ir\u00e1ny\u00edt\u00f3 S\u00f3v\u00e1g\u00f3 L\u00e1szl\u00f3 polg\u00e1rmester (aki kor\u00e1bban az MDF parlamenti k\u00e9pvisel\u0151je volt) az elm\u00falt k\u00e9t \u00e9vben folyamatosan b\u00edr\u00e1lta a korm\u00e1nyt, s \u00fagy l\u00e1tszik, a mostani l\u00e9p\u00e9se annak tudhat\u00f3 be, hogy megkezdte a 2014-es kamp\u00e1ny\u00e1t.<\/p>\n<p>S\u00f3v\u00e1g\u00f3 L\u00e1szl\u00f3 a mai sajt\u00f3t\u00e1j\u00e9koztat\u00f3j\u00e1n azt mondta: a Hajd\u00faszoboszl\u00f3 j\u00e1r\u00e1si sz\u00e9khely l\u00e9trej\u00f6tt\u00e9t a parlament fogadta el id\u00e9n ny\u00e1ron, \u00edgy annak l\u00e9te nem f\u00fcgg Hajd\u00faszoboszl\u00f3 \u00f6nkorm\u00e1nyzat\u00e1nak d\u00f6nt\u00e9s\u00e9t\u0151l. Szerinte a mostani vita arr\u00f3l sz\u00f3l, hogy a v\u00e1rosnak melyik \u00f6nkorm\u00e1nyzati tulajdon\u00fa helyis\u00e9geket kell \u00e1tadnia k\u00e1rtalan\u00edt\u00e1s n\u00e9lk\u00fcl a leend\u0151 j\u00e1r\u00e1s c\u00e9lj\u00e1ra. Mint mondta, ehhez sem kell azonban a test\u00fclet j\u00f3v\u00e1hagy\u00e1sa, \u00edgy a t\u00f6rv\u00e9ny szerint meg\u00e1llapod\u00e1s hi\u00e1ny\u00e1ban a korm\u00e1nymegb\u00edzottnak k\u00f6teless\u00e9ge d\u00f6nteni, aki erre \u00edg\u00e9retet is tett, de nem \u00edgy cselekedett.<\/p>\n<p>Arra a k\u00e9rd\u00e9sre, hogy mi\u00e9rt nem fogadt\u00e1k el a meg\u00e1llapod\u00e1st, S\u00f3v\u00e1g\u00f3 L\u00e1szl\u00f3 kem\u00e9nyen b\u00edr\u00e1lta a korm\u00e1ny politik\u00e1j\u00e1t. A polg\u00e1rmester kijelentette: ennyi hozz\u00e1 nem \u00e9rt\u00e9s \u00e9s szakszer\u0171tlen, a v\u00e1ros polg\u00e1rait anyagilag is k\u00e1rosan \u00e9rint\u0151 d\u00f6nt\u00e9s l\u00e1tt\u00e1n a demokr\u00e1cia megcs\u00fafol\u00e1sa lenne, ha egy nem korm\u00e1nyp\u00e1rti k\u00e9pvisel\u0151nek nem lenne joga nemmel szavazni. K\u00f6z\u00f6lte: nem k\u00edv\u00e1nnak elvi t\u00e1mogat\u00e1st sem ny\u00fajtani ahhoz a korm\u00e1nyzati politik\u00e1hoz, amely jelent\u0151sen korl\u00e1tozza a telep\u00fcl\u00e9sek, az ott \u00e9l\u0151 emberek jogait. Lesz\u00f6gezte: a j\u00e1r\u00e1srendszerre val\u00f3 \u00e1tt\u00e9r\u00e9s kapkod\u00f3, el\u0151k\u00e9sz\u00edtetlen, a k\u00f6vetkezm\u00e9nyeit nem vizsg\u00e1lt\u00e1k, \u00e9s ez csup\u00e1n a j\u00e9ghegy cs\u00facsa.<\/p>\n<p>Majd sorolni kezdte: egyetlen fill\u00e9r n\u00e9lk\u00fcl elvett\u00e9k a v\u00e1ros tulajdon\u00e1ban \u00e1ll\u00f3 t\u0171zolt\u00f3laktany\u00e1t, elvitt\u00e9k a n\u00e9h\u00e1ny \u00e9ve v\u00e1s\u00e1rolt, korszer\u0171 t\u0171zolt\u00f3g\u00e9pj\u00e1rm\u0171vet, janu\u00e1rt\u00f3l elvesz\u00edtik j\u00f3l m\u0171k\u00f6d\u0151 iskol\u00e1ik fel\u00fcgyelet\u00e9t, cs\u00f6kkenni fog az oktat\u00e1s sz\u00ednvonala. A v\u00edz- \u00e9s szennyv\u00edzrendszer is a k\u00f6z\u00f6sbe v\u00e1ndorol, azt, hogy egyed\u00fcl a v\u00e1ros \u00fczemeltesse, lehetetlenn\u00e9 tett\u00e9k. Mint mondta, le\u00e9p\u00edtik a k\u00f6z\u00f6ss\u00e9gi k\u00f6zleked\u00e9s t\u00e1mogat\u00e1s\u00e1t, \u00edgy janu\u00e1r 1-t\u0151l csak a csoda tarthatja meg a jelenlegi v\u00e1rosi t\u00f6megk\u00f6zleked\u00e9si rendszert, a jegy\u00e1rak emel\u00e9se elker\u00fclhetetlen. \u00c1t kell venni a helyi m\u00fazeumok fenntart\u00e1s\u00e1t, de a juttatott p\u00e9nz csak ennek t\u00f6red\u00e9k\u00e9t fedezi. Janu\u00e1rt\u00f3l 1-t\u0151l ad\u00f3t vetnek ki a keletkezett hullad\u00e9k mennyis\u00e9ge alapj\u00e1n, \u00edgy a hullad\u00e9ksz\u00e1ll\u00edt\u00e1si d\u00edjak emel\u00e9se nem megker\u00fclhet\u0151, s \u00fajabb ad\u00f3k azonnali kivet\u00e9s\u00e9re sarkallj\u00e1k a v\u00e1rost. S\u00f3v\u00e1g\u00f3 azt mondta: 2013-ban 200 milli\u00f3 forinttal kevesebbet kapnak ann\u00e1l, mint amennyi feladatot elvesznek.<\/p>\n<p>Arra a k\u00e9rd\u00e9sre, hogy v\u00e9g\u00fcl mi\u00e9rt szavazt\u00e1k meg a leend\u0151 j\u00e1r\u00e1si sz\u00e9khely k\u00e1rtalan\u00edt\u00e1s n\u00e9lk\u00fcli \u00e1tad\u00e1s\u00e1t, S\u00f3v\u00e1g\u00f3 L\u00e1szl\u00f3 k\u00f6z\u00f6lte: &#8222;mert ultim\u00e1tumot kaptunk, megfenyegettek benn\u00fcnket&#8221;. Mint mondta, &#8222;be\u00e1llunk a sorba, vagy megv\u00e1ltoztatj\u00e1k a t\u00f6rv\u00e9nyt, felsz\u00e1molj\u00e1k a hajd\u00faszoboszl\u00f3i j\u00e1r\u00e1st&#8221;. Hozz\u00e1tette: a Fidesz vezet\u0151i \u00e9rt\u00e9s\u00fckre adt\u00e1k, m\u00e1s \u00fat nincs. Nem maradt m\u00e1s, mint engedni az ultim\u00e1tumnak \u2013 fogalmazott \u2013, mert az \u00f6nkorm\u00e1nyzat vezet\u00e9se komolyan veszi, hogy a v\u00e1ros k\u00e9pviselet\u00e9n\u00e9l nincs fontosabb dolog, Hajd\u00faszoboszl\u00f3 pedig nem vesz\u00edtheti el j\u00e1r\u00e1sk\u00f6zponti szerep\u00e9t m\u00e9g egy t\u00f6rv\u00e9nytelen elj\u00e1r\u00e1s keret\u00e9ben sem. Az \u00d6sszefog\u00e1s Hajd\u00faszoboszl\u00f3\u00e9rt \u00e9s a J\u00f6v\u0151\u00e9rt Egyes\u00fclet sz\u00edneiben megv\u00e1lasztott polg\u00e1rmester v\u00e9lem\u00e9ny\u00e9t osztja tov\u00e1bbi \u00f6t helyi \u00f6nkorm\u00e1nyzati k\u00e9pvisel\u0151 is.<\/p>\n","protected":false},"excerpt":{"rendered":"<p>\u2013 Ultim\u00e1tumot kaptunk, megfenyegettek benn\u00fcnket. De nem k\u00edv\u00e1nunk elvi t\u00e1mogat\u00e1st sem ny\u00fajtani ahhoz a korm\u00e1nyzati politik\u00e1hoz, amely jelent\u0151sen korl\u00e1tozza a telep\u00fcl\u00e9sek, az ott \u00e9l\u0151 emberek jogait \u2013 k\u00f6z\u00f6lte S\u00f3v\u00e1g\u00f3 L\u00e1szl\u00f3, Hajd\u00faszoboszl\u00f3 polg\u00e1rmestere cs\u00fct\u00f6rt\u00f6ki sajt\u00f3t\u00e1j\u00e9koztat\u00f3j\u00e1n, amelyet a j\u00e1r\u00e1si hivatali sz\u00e9khely k\u00f6r\u00fcli huzavona miatt h\u00edvott \u00f6ssze \u2013 adta h\u00edr\u00fcl a nol.hu. <a href=\"https:\/\/www.mszporoszlany.hu\/?p=1713\">Egy kattint\u00e1s ide a folytat\u00e1shoz&#8230;. <span class=\"meta-nav\">&rarr;<\/span><\/a><\/p>\n","protected":false},"author":35,"featured_media":0,"comment_status":"open","ping_status":"closed","sticky":false,"template":"","format":"standard","meta":{"footnotes":""},"categories":[196],"tags":[1039,1028,60,1031,1030,1045,1042,1037,1036,1038,1033,15,1032,1044,1034,282,1035,1046,70,1029,1041,1040,1027,1043],"class_list":["post-1713","post","type-post","status-publish","format-standard","hentry","category-magyarorszag","tag-demokracia-megcsufolasa","tag-fenyegetes","tag-fidesz","tag-hajdu-bihar-megye","tag-hajduszoboszlo","tag-hulladekszallitasi-dijak","tag-iskolak","tag-jarasi-szekhely","tag-kampany","tag-kartalanitas-nelkul","tag-kocsis-robert","tag-kormany","tag-kormanyhivatal","tag-kozossegi-kozlekedes","tag-megyei-kozgyulesi-alelnok","tag-onkormanyzat","tag-orvendi-laszlo","tag-osszefogas-hajduszoboszloert-es-a-jovoert-egyesulet","tag-polgarmester","tag-sovago-laszlo","tag-tuzoltogepjarmu","tag-tuzoltolaktanya","tag-ultimatum","tag-viz-es-szennyvizrendszer"],"_links":{"self":[{"href":"https:\/\/www.mszporoszlany.hu\/index.php?rest_route=\/wp\/v2\/posts\/1713","targetHints":{"allow":["GET"]}}],"collection":[{"href":"https:\/\/www.mszporoszlany.hu\/index.php?rest_route=\/wp\/v2\/posts"}],"about":[{"href":"https:\/\/www.mszporoszlany.hu\/index.php?rest_route=\/wp\/v2\/types\/post"}],"author":[{"embeddable":true,"href":"https:\/\/www.mszporoszlany.hu\/index.php?rest_route=\/wp\/v2\/users\/35"}],"replies":[{"embeddable":true,"href":"https:\/\/www.mszporoszlany.hu\/index.php?rest_route=%2Fwp%2Fv2%2Fcomments&post=1713"}],"version-history":[{"count":0,"href":"https:\/\/www.mszporoszlany.hu\/index.php?rest_route=\/wp\/v2\/posts\/1713\/revisions"}],"wp:attachment":[{"href":"https:\/\/www.mszporoszlany.hu\/index.php?rest_route=%2Fwp%2Fv2%2Fmedia&parent=1713"}],"wp:term":[{"taxonomy":"category","embeddable":true,"href":"https:\/\/www.mszporoszlany.hu\/index.php?rest_route=%2Fwp%2Fv2%2Fcategories&post=1713"},{"taxonomy":"post_tag","embeddable":true,"href":"https:\/\/www.mszporoszlany.hu\/index.php?rest_route=%2Fwp%2Fv2%2Ftags&post=1713"}],"curies":[{"name":"wp","href":"https:\/\/api.w.org\/{rel}","templated":true}]}}