{"id":1720,"date":"2012-11-17T22:48:12","date_gmt":"2012-11-17T21:48:12","guid":{"rendered":"http:\/\/www.mszporoszlany.hu\/?p=1720"},"modified":"2013-01-01T22:37:00","modified_gmt":"2013-01-01T21:37:00","slug":"eloszor-vetni-kell","status":"publish","type":"post","link":"https:\/\/www.mszporoszlany.hu\/?p=1720","title":{"rendered":"El\u0151sz\u00f6r vetni kell\u2026"},"content":{"rendered":"<p><img loading=\"lazy\" decoding=\"async\" class=\"alignleft size-full wp-image-1721\" title=\"Aratas\" src=\"https:\/\/www.mszporoszlany.hu\/wp-content\/uploads\/2012\/11\/Aratas.jpg\" alt=\"\" width=\"200\" height=\"120\" \/>K\u00e9t \u00e9ve folyamatosan t\u0171rj\u00fck Tak\u00e1cs polg\u00e1rmester \u00e9s Papp alpolg\u00e1rmester hazug kirohan\u00e1sait, melyek szerint a menedzser szeml\u00e9let\u0171 \u00faj v\u00e1rosvezet\u00e9s a kor\u00e1bbi felel\u0151tlen gazd\u00e1lkod\u00e1snak k\u00f6sz\u00f6nhet\u0151en m\u00e9rhetetlen nagys\u00e1g\u00fa ad\u00f3ss\u00e1ghalmaz \u00f6r\u00f6k\u00f6ltek, de \u00d6n\u00f6k nemcsak hogy \u00faj hiteleket nem vesznek fel, hanem a rettenetes \u00f6r\u00f6ks\u00e9get is becs\u00fcletesen t\u00f6rlesztik.<\/p>\n<p><!--more--><\/p>\n<p>Meg ne haragudjanak, de ez minden elem\u00e9ben m\u00e9rhetetlen \u00e9s rendk\u00edv\u00fcl aljas, pof\u00e1tlan hazugs\u00e1g!<\/p>\n<p>Ugye kedves Tak\u00e1cs K\u00e1roly \u00e9s Papp P\u00e9ter, \u00d6n\u00f6k nem csak az el\u0151z\u0151 \u00f6nkorm\u00e1nyzatok \u00e1ltal felvett hitelek, kibocs\u00e1tott k\u00f6tv\u00e9nyek ut\u00e1ni ad\u00f3ss\u00e1gszolg\u00e1latot \u00f6r\u00f6k\u00f6lt\u00e9k, hanem azt az Ipari Parkot is, ahonnan \u00e9vr\u0151l-\u00e9vre egyre t\u00f6bb ad\u00f3 folyik be, amib\u0151l azt\u00e1n \u00d6n\u00f6k olyan j\u00f3l gazd\u00e1lkodhatnak. Ezenfel\u00fcl fel\u00faj\u00edtott \u00f3vod\u00e1kat, iskol\u00e1kat, j\u00f3l felszerelt szakorvosi rendel\u0151t, \u00e1pol\u00e1si int\u00e9zetet, korszer\u0171 szennyv\u00edztelepet, j\u00f3l prosper\u00e1l\u00f3 \u00f6nkorm\u00e1nyzati c\u00e9get, stb. is \u00f6r\u00f6k\u00f6ltek.<\/p>\n<p>Tegy\u00fck hozz\u00e1, hogy \u00d6n\u00f6k m\u00e9g semmit nem tettek a sok sz\u00f6vegel\u00e9sen k\u00edv\u00fcl az Ipari Park fejl\u0151d\u00e9s\u00e9\u00e9rt, \u00edgy a bev\u00e9telek n\u00f6veked\u00e9se sem az \u00d6n\u00f6k \u00e9rdeme, hanem az el\u0151z\u0151 12 \u00e9v megfesz\u00edtett munk\u00e1j\u00e1nak \u00e9s b\u00f6lcs el\u0151rel\u00e1t\u00e1s\u00e1nak gy\u00fcm\u00f6lcse. Szeretn\u00e9nk \u00d6n\u00f6ket arr\u00f3l az alapvet\u0151 \u00f6sszef\u00fcgg\u00e9sr\u0151l felvil\u00e1gos\u00edtani, hogy el\u0151bb be kell fektetni ahhoz, hogy k\u00e9s\u0151bb szedhess\u00fck annak hasznait. \u00d6n\u00f6ket az a nagy szerencse \u00e9rte, hogy m\u00e1sok elvetett\u00e9k a magot, \u00e9s hossz\u00fa \u00e9vekig gondozt\u00e1k a n\u00f6v\u00e9nyk\u00e9t, \u00d6n\u00f6k pedig sz\u00fcretelhetnek, arathatnak. Persze a betakar\u00edt\u00e1s el\u0151tt nem \u00e1rtana gondolkodni, hogy mit \u00e9s hogyan kellene \u00fajb\u00f3l el\u00fcltetni, gondozni, \u00e1polni, hogy az \u00d6n\u00f6k ut\u00e1n j\u00f6v\u0151knek is legyen mit learatni\u2026<\/p>\n<p>Az\u00e9rt, hogy ne mondhass\u00e1k, hogy csak a leveg\u0151be besz\u00e9l\u00fcnk, n\u00e9zz\u00fck sz\u00e9pen sorj\u00e1ban a dolgokat. Ha hiszik, ha nem az elm\u00falt 12 \u00e9vben a hiteleket a d\u00f6nt\u00e9shoz\u00f3k bizony nem hobbib\u00f3l, vagy \u00fari passzi\u00f3b\u00f3l vett\u00e9k fel. A val\u00f3s\u00e1g az, hogy a hiteleket az\u00e9rt kellett felvenni, hogy megteremts\u00fck az anyagi alapj\u00e1t, \u00f6nerej\u00e9t azoknak a hosszabb t\u00e1von be\u00e9r\u0151 fejleszt\u00e9seknek, beruh\u00e1z\u00e1soknak, amik n\u00e9lk\u00fcl a v\u00e1ros jelenleg kil\u00e1t\u00e1stalan helyzetben lenne.<\/p>\n<p>A hiteleket sosem m\u0171k\u00f6d\u00e9sre, mindig csak beruh\u00e1z\u00e1sokra, p\u00e1ly\u00e1zati \u00f6ner\u0151 biztos\u00edt\u00e1s\u00e1ra ford\u00edtottuk, kiz\u00e1r\u00f3lag olyan fejleszt\u00e9sekre melyek a mai napig m\u0171k\u00f6d\u0151, fenntarthat\u00f3 \u00e9s indokolt rendszereket, int\u00e9zm\u00e9nyeket hoztak l\u00e9tre. Sosem elrugaszkodott, t\u00falz\u00f3 m\u00e9ret\u0171 \u00e9s funkci\u00f3j\u00fa beruh\u00e1z\u00e1sokr\u00f3l volt sz\u00f3, ink\u00e1bb a l\u00e9p\u00e9sr\u0151l-l\u00e9p\u00e9sre t\u00f6rt\u00e9n\u0151 halad\u00e1s felt\u00e9teleinek megteremt\u00e9s\u00e9r\u0151l. Ennek k\u00f6sz\u00f6nhet\u0151, hogy \u00d6n\u00f6k egy milli\u00e1rdos saj\u00e1t bev\u00e9tellel rendelkez\u0151 \u00f6nkorm\u00e1nyzatot, fel\u00faj\u00edtott, korszer\u0171, gazdas\u00e1gosabban m\u0171k\u00f6dtethet\u0151 v\u00e1rosi int\u00e9zm\u00e9nyrendszert, oktat\u00e1si, eg\u00e9szs\u00e9g\u00fcgyi, rekre\u00e1ci\u00f3s helysz\u00edneket \u00e9s int\u00e9zm\u00e9nyeket vehettek \u00e1t el\u0151djeikt\u0151l.<\/p>\n<p>Ezen megalapoz\u00f3 fejleszt\u00e9sek, infrastruktur\u00e1lis \u00e9s szolg\u00e1ltat\u00e1si beruh\u00e1z\u00e1sok n\u00e9lk\u00fcl bizony \u00d6n\u00f6k sem lenn\u00e9nek abban a k\u00e9nyelmes helyzetben, hogy az ipari parki ad\u00f3bev\u00e9telekb\u0151l \u00e9s \u00f6nkorm\u00e1nyzati ad\u00f3bev\u00e9telekb\u0151l (ki tudja meddig maradhatnak m\u00e9g helyben\u2026) tartal\u00e9kkal \u00e9s biztons\u00e1ggal finansz\u00edrozhatj\u00e1k v\u00e1rosunk m\u0171k\u00f6d\u00e9s\u00e9t, \u00e9s a fejleszt\u00e9sekhez sz\u00fcks\u00e9ges \u00f6ner\u0151t hitelek n\u00e9lk\u00fcl biztos\u00edthatj\u00e1k! N\u00e9zz\u00fck is v\u00e9gig mi\u00e9rt volt sz\u00fcks\u00e9g a hitelfelv\u00e9telekre, k\u00f6tv\u00e9nykibocs\u00e1t\u00e1sra:<\/p>\n<p>1998-ban a sz\u00e9nb\u00e1ny\u00e1szat folyamatos le\u00e9p\u00fcl\u00e9se miatt rendk\u00edv\u00fcl neh\u00e9z helyzetbe ker\u00fclt a szinte kiz\u00e1r\u00f3lag a sz\u00e9nb\u00e1ny\u00e1szatra \u00e9p\u00fclt v\u00e1ros, Oroszl\u00e1nyt Nyugat-Magyarorsz\u00e1g leend\u0151 \u00d3zdjak\u00e9nt emlegett\u00e9k. Emellett az \u00d6nkorm\u00e1nyzatban patthelyzet alakult ki, a fideszes polg\u00e1rmester mell\u00e9 mszp-s t\u00f6bbs\u00e9g\u0171 test\u00fclet ker\u00fclt. Minden adott volt a teljes \u00f6sszeoml\u00e1shoz, ehhez k\u00e9pest a K\u00e9pvisel\u0151-test\u00fcletben a politikai n\u00e9zetk\u00fcl\u00f6nbs\u00e9gek ellen\u00e9re p\u00e9ld\u00e1tlan \u00f6sszefog\u00e1s alakult ki a v\u00e1ros megment\u00e9se \u00e9rdek\u00e9ben.<\/p>\n<p>Az \u00d6nkorm\u00e1nyzat Ipari Park koncepci\u00f3t alkotott (ter\u00fcletv\u00e1s\u00e1rl\u00e1sok, infrastrukt\u00farafejleszt\u00e9s), de mivel nem volt p\u00e9nz, mindent csak hitelb\u0151l lehetett megoldani. Ugyanakkor a v\u00e1ros hitelt se kaphatott akkora bajban volt, ez\u00e9rt kellett a Gazdas\u00e1gfejleszt\u00e9si Kht-t l\u00e9trehozni! Ezut\u00e1n m\u00e1r adtak hitelt, mert l\u00e1tt\u00e1k a bankok, hogy a v\u00e1rosnak van strat\u00e9gi\u00e1ja, \u00e9s hossz\u00fa t\u00e1von lesz majd komoly bev\u00e9tele is.<\/p>\n<p>2000-re a v\u00e1ros \u00fatjai annyira leromlottak, hogy a v\u00e1ros \u00e9s az Ipari Park fejleszt\u00e9se \u00e9rdek\u00e9ben hatalmas, 500 milli\u00f3s \u00fatfel\u00faj\u00edt\u00e1si programot kellett megval\u00f3s\u00edtani (Sz\u00e1molj\u00e1k ki ennek mai \u00e9rt\u00e9k\u00e9t). Mivel a v\u00e1rosnak bev\u00e9tele m\u00e9g nem volt, ezt k\u00f6tv\u00e9nykibocs\u00e1t\u00e1sb\u00f3l kellett finansz\u00edrozni. Azt\u00e1n beindult az Ipari Park fejl\u0151d\u00e9se, de tudtuk, hogy \u00e9rdemi ad\u00f3bev\u00e9telek csak 2009 v\u00e9g\u00e9t\u0151l lesznek. B\u00e1r p\u00e9nz\u00fcnk m\u00e9g mindig nem volt, viszont \u00edgy m\u00e1r merhett\u00fcnk tov\u00e1bbi \u00e1tgondolt fejleszt\u00e9sekben gondolkodni, \u00e9s azokhoz hitelt felvenni! Ugyanis tudhat\u00f3 volt, hogy mire fizetni kell, a t\u00f6rleszt\u00e9s m\u00e1r nem fog probl\u00e9m\u00e1t okozni.<\/p>\n<p>2001-2002-ben a v\u00e1rosvezet\u00e9snek siker\u00fclt korm\u00e1nyzati t\u00e1mogat\u00e1st szerezni a szakrendel\u0151 fel\u00faj\u00edt\u00e1s\u00e1hoz, de az \u00f6nr\u00e9szt csak hitelb\u0151l tudtuk biztos\u00edtani. 2003-ban az Ipari Park tov\u00e1bbfejl\u0151d\u00e9s\u00e9hez \u00faj, modern szennyv\u00edz tiszt\u00edt\u00f3 telepre volt sz\u00fcks\u00e9g, de mivel a v\u00e1rosnak m\u00e9g mindig nem volt p\u00e9nze, a t\u00f6bb sz\u00e1z milli\u00f3s \u00e1llami t\u00e1mogat\u00e1s mell\u00e9 a szint\u00e9n t\u00f6bb sz\u00e1zmilli\u00f3s \u00f6nr\u00e9szhez megint hitel kellett (kb. 70% t\u00e1mogat\u00e1s). Nem mellesleg a v\u00e1ros saj\u00e1t c\u00e9ge az OSz Zrt is \u00f3ri\u00e1si fejleszt\u00e9sekbe (f\u00e9lmilli\u00e1rdos nagys\u00e1grend, fele p\u00e1ly\u00e1zat fele \u00f6ner\u0151) kezdett, emellett a k\u00e9tezres \u00e9vekben a teljes t\u00e1vh\u0151vagyont megszerezte.<\/p>\n<p>Az iskol\u00e1k fel\u00faj\u00edt\u00e1s\u00e1ra 2006-2009 k\u00f6z\u00f6tt 500 milli\u00f3s p\u00e1ly\u00e1zati p\u00e9nzek mell\u00e9 tov\u00e1bbi 500 milli\u00f3 \u00f6ner\u0151t tett\u00fcnk. A Brunszvik \u00d3vod\u00e1ra \u00e9s a T\u00e1ncsics \u00fati \u00f3vod\u00e1ra \u00f6sszesen 100 milli\u00f3t k\u00f6lt\u00f6tt\u00fcnk. A v\u00e1ros egyetlen b\u00f6lcs\u0151d\u00e9j\u00e9nek fel\u00faj\u00edt\u00e1s\u00e1ra k\u00f6zel 70 milli\u00f3t nyert\u00fcnk, de a kivitelez\u00e9s m\u00e1r az \u00f6n\u00f6k feladata volt.<\/p>\n<p>A sportl\u00e9tes\u00edtm\u00e9nyek nagy r\u00e9sz\u00e9t is fel\u00faj\u00edtottuk (ezekre sajnos nem volt p\u00e1ly\u00e1zat, de itt m\u00e1r l\u00e1that\u00f3 volt, hogy 3-4 \u00e9v m\u00falva milli\u00e1rdos bev\u00e9teleink lesznek). 2006-t\u00f3l tov\u00e1bbi \u00fat, k\u00f6zter\u00fclet fel\u00faj\u00edt\u00e1sok (300 milli\u00f3\u00e9rt, fele p\u00e1ly\u00e1zati p\u00e9nz, de az \u00f6nr\u00e9sz itt is hitelb\u0151l).<\/p>\n<p>\u00d6n\u00f6k szerint ezeket a lehet\u0151s\u00e9geket hagyni kellett volna elveszni?<\/p>\n<p>A kor\u00e1bbi 12 \u00e9vben 2,5 milli\u00e1rd hitelfelv\u00e9tel mellett 6 milli\u00e1rddal n\u00f6velt\u00fck a v\u00e1ros vagyon\u00e1t \u00e9s a hitelekb\u0151l megval\u00f3s\u00edtott \u00e1tgondolt fejleszt\u00e9seknek k\u00f6sz\u00f6nhet\u0151 a jelenlegi mintegy 1,6 milli\u00e1rdos, de tov\u00e1bbra is folyamatosan n\u00f6vekv\u0151 ad\u00f3bev\u00e9tel \u00e9vente n\u00f6vekv\u0151 m\u00e9rt\u00e9kben.<\/p>\n<p>\u00d6n\u00f6k teh\u00e1t 2010-re egy, fel\u00faj\u00edtott, korszer\u0171, energiatakar\u00e9kos int\u00e9zm\u00e9nyekkel, \u00e9s egyre n\u00f6vekv\u0151 bev\u00e9telekkel rendelkez\u0151, j\u00f3l m\u0171k\u00f6d\u0151 \u00e9s nagyon j\u00f3 kil\u00e1t\u00e1sok el\u00e9 n\u00e9z\u0151 v\u00e1rost vehettek \u00e1t. Mivel j\u00f3r\u00e9szt 2008-t\u00f3l j\u00e1rtak le az ipari parki c\u00e9gek ad\u00f3kedvezm\u00e9nyei, a milli\u00e1rdos bev\u00e9telek m\u00e1r az \u00d6n\u00f6k \u00f6l\u00e9be hullottak. Az \u00e9vi 300 milli\u00f3s ad\u00f3ss\u00e1gszolg\u00e1lat mell\u00e9 \u00e9vi 500 milli\u00f3 ad\u00f3bev\u00e9tel n\u00f6veked\u00e9st kaptak. 2010 \u00f3ta folyamatosan n\u0151 a bev\u00e9tel, de vagyonn\u00f6vekm\u00e9ny nincs, s\u0151t!<\/p>\n<p>Hol a p\u00e9nz?<\/p>\n<p>Nemhogy vagyonn\u00f6vekm\u00e9ny nincs, hanem id\u00e9n elvesz\u00edtett\u00fck a milli\u00e1rdos \u00e9rt\u00e9k\u0171 szakrendel\u0151nket \u00e9s \u00e1pol\u00e1si int\u00e9zet\u00fcnket, a 120 milli\u00f3s bankbet\u00e9ttel egy\u00fctt. A j\u00f6v\u0151 \u00e9vt\u0151l kezdve m\u00e1soknak hoz hasznot a rendk\u00edv\u00fcl korszer\u0171 szennyv\u00edztelep\u00fcnk. Tudjuk persze, hogy a v\u00e1ros\u00e9 marad a tulajdon, de a hasznait m\u00e1s szedi majd. Oroszl\u00e1ny teh\u00e1t befektetett, de a hozam m\u00e1s\u00e9 lesz\u2026 Sajnos egyre bizonytalanabb a szint\u00e9n milli\u00e1rdos \u00e9rt\u00e9k\u0171 v\u00e1rosi c\u00e9gnek, az OSz Zrt-nek a j\u00f6v\u0151je is.<\/p>\n<p>\u00d6n\u00f6k eddig az elm\u00falt 12 \u00e9vben l\u00e9trehozott javakat \u00e9s lehet\u0151s\u00e9geket bizony csak herd\u00e1lt\u00e1k. Elherd\u00e1lt\u00e1k a v\u00e1ros eg\u00e9szs\u00e9g\u00fcgyi vagyon\u00e1t, elherd\u00e1lj\u00e1k a v\u00e1ros korszer\u0171en fel\u00faj\u00edtott, folyamatosan fejlesztett oktat\u00e1si int\u00e9zm\u00e9nyi vagyon hasznos\u00edt\u00e1s\u00e1nak lehet\u0151s\u00e9g\u00e9t, elherd\u00e1lj\u00e1k K\u00f6z\u00e9p-Eur\u00f3pa egyik legkorszer\u0171bb szennyv\u00edztelep\u00e9t. A jelenlegi nagy ad\u00f3bev\u00e9teleket nem a j\u00f6v\u0151t megalapoz\u00f3 fejleszt\u00e9sekre, hanem \u00e1tgondolatlan \u00e9s el\u0151k\u00e9sz\u00edtetlen, vagy teljesen \u00e9rtelmetlen \u00e9s fenntarthatatlan dolgokra (strand szakmaiatlan fel\u00faj\u00edt\u00e1sa, sgraffit\u00f3k r\u00e9szleges helyre\u00e1ll\u00edt\u00e1sa, soml\u00f3i \u00fat koncepci\u00f3tlan meg\u00e9p\u00edt\u00e9se, nagym\u00e9ret\u0171 m\u0171f\u00fcves focip\u00e1lya) ford\u00edtj\u00e1k.<\/p>\n<p>Tal\u00e1n m\u00e9g nincs veszve minden, el\u00e9g volt a sz\u00e1jt\u00e9p\u00e9sb\u0151l, itt az id\u0151 neki\u00e1llni \u00e9rdemben dolgozni!<\/p>\n","protected":false},"excerpt":{"rendered":"<p>K\u00e9t \u00e9ve folyamatosan t\u0171rj\u00fck Tak\u00e1cs polg\u00e1rmester \u00e9s Papp alpolg\u00e1rmester hazug kirohan\u00e1sait, melyek szerint a menedzser szeml\u00e9let\u0171 \u00faj v\u00e1rosvezet\u00e9s a kor\u00e1bbi felel\u0151tlen gazd\u00e1lkod\u00e1snak k\u00f6sz\u00f6nhet\u0151en m\u00e9rhetetlen nagys\u00e1g\u00fa ad\u00f3ss\u00e1ghalmaz \u00f6r\u00f6k\u00f6ltek, de \u00d6n\u00f6k nemcsak hogy \u00faj hiteleket nem vesznek fel, hanem a rettenetes \u00f6r\u00f6ks\u00e9get is becs\u00fcletesen t\u00f6rlesztik. <a href=\"https:\/\/www.mszporoszlany.hu\/?p=1720\">Egy kattint\u00e1s ide a folytat\u00e1shoz&#8230;. <span class=\"meta-nav\">&rarr;<\/span><\/a><\/p>\n","protected":false},"author":35,"featured_media":0,"comment_status":"open","ping_status":"closed","sticky":false,"template":"","format":"standard","meta":{"footnotes":""},"categories":[194],"tags":[1054,1050,1049,253,1053,1052,1048,1051,1047],"class_list":["post-1720","post","type-post","status-publish","format-standard","hentry","category-oroszlany","tag-adobevetel","tag-aljas","tag-felelotlen-gazdalkodas","tag-hazugsag","tag-ipari-park","tag-orokseg","tag-papp-alpolgarmester","tag-pofatlan","tag-takacs-polgarmester"],"_links":{"self":[{"href":"https:\/\/www.mszporoszlany.hu\/index.php?rest_route=\/wp\/v2\/posts\/1720","targetHints":{"allow":["GET"]}}],"collection":[{"href":"https:\/\/www.mszporoszlany.hu\/index.php?rest_route=\/wp\/v2\/posts"}],"about":[{"href":"https:\/\/www.mszporoszlany.hu\/index.php?rest_route=\/wp\/v2\/types\/post"}],"author":[{"embeddable":true,"href":"https:\/\/www.mszporoszlany.hu\/index.php?rest_route=\/wp\/v2\/users\/35"}],"replies":[{"embeddable":true,"href":"https:\/\/www.mszporoszlany.hu\/index.php?rest_route=%2Fwp%2Fv2%2Fcomments&post=1720"}],"version-history":[{"count":0,"href":"https:\/\/www.mszporoszlany.hu\/index.php?rest_route=\/wp\/v2\/posts\/1720\/revisions"}],"wp:attachment":[{"href":"https:\/\/www.mszporoszlany.hu\/index.php?rest_route=%2Fwp%2Fv2%2Fmedia&parent=1720"}],"wp:term":[{"taxonomy":"category","embeddable":true,"href":"https:\/\/www.mszporoszlany.hu\/index.php?rest_route=%2Fwp%2Fv2%2Fcategories&post=1720"},{"taxonomy":"post_tag","embeddable":true,"href":"https:\/\/www.mszporoszlany.hu\/index.php?rest_route=%2Fwp%2Fv2%2Ftags&post=1720"}],"curies":[{"name":"wp","href":"https:\/\/api.w.org\/{rel}","templated":true}]}}