{"id":1733,"date":"2012-11-19T21:04:50","date_gmt":"2012-11-19T20:04:50","guid":{"rendered":"http:\/\/www.mszporoszlany.hu\/?p=1733"},"modified":"2012-11-19T21:06:13","modified_gmt":"2012-11-19T20:06:13","slug":"heti-cikkajanlo-46-het","status":"publish","type":"post","link":"https:\/\/www.mszporoszlany.hu\/?p=1733","title":{"rendered":"Heti cikkaj\u00e1nl\u00f3 (46. h\u00e9t)"},"content":{"rendered":"<p><img loading=\"lazy\" decoding=\"async\" class=\"alignleft size-full wp-image-1439\" title=\"Cikkajanlo\" src=\"https:\/\/www.mszporoszlany.hu\/wp-content\/uploads\/2012\/10\/Cikkajanlo.png\" alt=\"\" width=\"200\" height=\"120\" \/>Szervezt\u00fcnk tagjai, bar\u00e1taink \u00e9s ismer\u0151seink javasolt\u00e1k az al\u00e1bbi cikkeket elolvas\u00e1sra. Amennyiben ideje \u00e9s lehet\u0151s\u00e9ge van r\u00e1, k\u00e9rj\u00fck l\u00e1togasson el a megadott oldalakra \u00e9s olvassa el \u00d6n is az \u00e1ltaluk javasolt cikkeket. Amennyiben \u00e9rdemi v\u00e9lem\u00e9nye lenne a cikkekkel kapcsolatosan, akkor Facebook oldalunkon a megfelel\u0151 cikk bejegyz\u00e9s\u00e9hez v\u00e9lem\u00e9nyt is f\u0171zhet. Kellemes olvasgat\u00e1st k\u00edv\u00e1nunk!<\/p>\n<p><!--more--><\/p>\n<ul>\n<li>Hogyan kapnak \u00e9telt a <a title=\"Eredeti cikk megtekint\u00e9se\" href=\" http:\/\/mszp.hu\/hirek\/hogyan_kapnak_etelt_a_gyermekeink\" target=\"_blank\">gyermekeink<\/a>?<\/li>\n<li>El\u00e9g a <a title=\"Eredeti cikk megtekint\u00e9se\" href=\"http:\/\/mszp.hu\/hirek\/eleg_a_pedagogusok_megalazasabol\" target=\"_blank\">pedag\u00f3gusok <\/a>megal\u00e1z\u00e1s\u00e1b\u00f3l!<\/li>\n<li>A Fidesz a &#8222;<a title=\"Eredeti cikk megtekint\u00e9se\" href=\"http:\/\/mszp.hu\/hirek\/a_fidesz_a_nem_megszoritasok_partja\" target=\"_blank\">nem megszor\u00edt\u00e1sok<\/a>&#8221; p\u00e1rtja<\/li>\n<li><a title=\"Eredeti cikk megtekint\u00e9se\" href=\" http:\/\/egyenlito.blog.hu\/2012\/11\/12\/bajnai_tankonyvszeru_szakmailag_megalapozott_volt\" target=\"_blank\">Bajnai<\/a>: tank\u00f6nyvszer\u0171, szakmailag megalapozott volt<\/li>\n<li>K\u00f6z\u00f6s <a title=\"Eredeti cikk megtekint\u00e9se\" href=\" http:\/\/www.liganet.hu\/news\/6733\/Kozos_kozlemeny.pdf\" target=\"_blank\">k\u00f6zlem\u00e9ny <\/a>a magyar pedag\u00f3gusok t\u00e1mogat\u00e1s\u00e1r\u00f3l<\/li>\n<li>A <a title=\"Eredeti cikk megtekint\u00e9se\" href=\" http:\/\/www.nepszava.hu\/articles\/article.php?id=598118\" target=\"_blank\">pedag\u00f3gusok <\/a>mag\u00e1nyoss\u00e1ga<\/li>\n<li>Ne b\u00e1nts\u00e1tok <a title=\"Eredeti cikk megjelen\u00edt\u00e9se\" href=\"http:\/\/gulyas.blog.hu\/2012\/11\/05\/ne_bantsatok_felcsutot\" target=\"_blank\">Felcs\u00fat<\/a>ot<\/li>\n<li>K\u00f6v\u00e9r <a title=\"Eredeti cikk megjelen\u00edt\u00e9se\" href=\"http:\/\/www.stop.hu\/belfold\/kover-kivezettetessel-fenyegette-a-szocialista-frakciovezeto-helyettest\/1096708\/\" target=\"_blank\">kivezettet\u00e9ssel fenyegette<\/a> a szocialista frakci\u00f3vezet\u0151-helyettest<\/li>\n<li>But\u00e1n <a title=\"Eredeti cikk megtekint\u00e9se\" href=\"http:\/\/index.hu\/gazdasag\/2012\/11\/09\/kockerd\/\" target=\"_blank\">kem\u00e9nykedett az \u00e1llam<\/a> a c\u00e9gekkel<\/li>\n<li>\u00cdgy fog kamp\u00e1nyolni a <a title=\"Eredeti cikk megtekint\u00e9se\" href=\"http:\/\/magyarinfo.blog.hu\/2012\/11\/08\/igy_fog_kampanyolni_a_fidesz_2014-ben_allami_penzbol_alcivilek\" target=\"_blank\">Fidesz 2014<\/a>-ben<\/li>\n<\/ul>\n","protected":false},"excerpt":{"rendered":"<p>Szervezt\u00fcnk tagjai, bar\u00e1taink \u00e9s ismer\u0151seink javasolt\u00e1k az al\u00e1bbi cikkeket elolvas\u00e1sra. Amennyiben ideje \u00e9s lehet\u0151s\u00e9ge van r\u00e1, k\u00e9rj\u00fck l\u00e1togasson el a megadott oldalakra \u00e9s olvassa el \u00d6n is az \u00e1ltaluk javasolt cikkeket. Amennyiben \u00e9rdemi v\u00e9lem\u00e9nye lenne a cikkekkel kapcsolatosan, akkor Facebook &hellip; <a href=\"https:\/\/www.mszporoszlany.hu\/?p=1733\">Egy kattint\u00e1s ide a folytat\u00e1shoz&#8230;. <span class=\"meta-nav\">&rarr;<\/span><\/a><\/p>\n","protected":false},"author":35,"featured_media":0,"comment_status":"open","ping_status":"closed","sticky":false,"template":"","format":"standard","meta":{"footnotes":""},"categories":[1],"tags":[1056,899,60,1055,1057,1059,1060,313,1058,11],"class_list":["post-1733","post","type-post","status-publish","format-standard","hentry","category-egyeb","tag-bajnai-gordon","tag-felcsut","tag-fidesz","tag-gyermeketkeztetes","tag-kapmany","tag-kivezetes","tag-kover-laszlo","tag-lukacs-zoltan","tag-nem-megszoritasok","tag-super-b"],"_links":{"self":[{"href":"https:\/\/www.mszporoszlany.hu\/index.php?rest_route=\/wp\/v2\/posts\/1733","targetHints":{"allow":["GET"]}}],"collection":[{"href":"https:\/\/www.mszporoszlany.hu\/index.php?rest_route=\/wp\/v2\/posts"}],"about":[{"href":"https:\/\/www.mszporoszlany.hu\/index.php?rest_route=\/wp\/v2\/types\/post"}],"author":[{"embeddable":true,"href":"https:\/\/www.mszporoszlany.hu\/index.php?rest_route=\/wp\/v2\/users\/35"}],"replies":[{"embeddable":true,"href":"https:\/\/www.mszporoszlany.hu\/index.php?rest_route=%2Fwp%2Fv2%2Fcomments&post=1733"}],"version-history":[{"count":0,"href":"https:\/\/www.mszporoszlany.hu\/index.php?rest_route=\/wp\/v2\/posts\/1733\/revisions"}],"wp:attachment":[{"href":"https:\/\/www.mszporoszlany.hu\/index.php?rest_route=%2Fwp%2Fv2%2Fmedia&parent=1733"}],"wp:term":[{"taxonomy":"category","embeddable":true,"href":"https:\/\/www.mszporoszlany.hu\/index.php?rest_route=%2Fwp%2Fv2%2Fcategories&post=1733"},{"taxonomy":"post_tag","embeddable":true,"href":"https:\/\/www.mszporoszlany.hu\/index.php?rest_route=%2Fwp%2Fv2%2Ftags&post=1733"}],"curies":[{"name":"wp","href":"https:\/\/api.w.org\/{rel}","templated":true}]}}