{"id":1749,"date":"2012-11-25T16:16:24","date_gmt":"2012-11-25T15:16:24","guid":{"rendered":"http:\/\/www.mszporoszlany.hu\/?p=1749"},"modified":"2012-11-25T16:16:24","modified_gmt":"2012-11-25T15:16:24","slug":"baloldalert-dij-2012","status":"publish","type":"post","link":"https:\/\/www.mszporoszlany.hu\/?p=1749","title":{"rendered":"Baloldal\u00e9rt-d\u00edj 2012"},"content":{"rendered":"<p><img loading=\"lazy\" decoding=\"async\" class=\"alignleft size-full wp-image-1750\" title=\"Keleti\" src=\"https:\/\/www.mszporoszlany.hu\/wp-content\/uploads\/2012\/11\/Keleti.png\" alt=\"\" width=\"200\" height=\"120\" \/>Huszonh\u00e1rom MSZP-s politikus r\u00e9szes\u00fclt a p\u00e1rt eln\u00f6ks\u00e9ge \u00e1ltal alap\u00edtott Baloldal\u00e9rt-d\u00edjban, az elismer\u00e9seket a szocialista p\u00e1rt v\u00e1lasztm\u00e1ny\u00e1nak szombati \u00fcl\u00e9s\u00e9n osztott\u00e1k ki. A d\u00edjazottakra a megyei p\u00e1rtszervezetek tehettek javaslatot. Botka L\u00e1szl\u00f3 v\u00e1lasztm\u00e1nyi eln\u00f6k azt mondta: &#8222;Azokat jutalmazt\u00e1k, akik t\u00f6bb \u00e9vtizednyi munk\u00e1jukkal, \u00e9letm\u0171v\u00fckkel hozz\u00e1j\u00e1rultak a baloldal siker\u00e9hez.&#8221;<\/p>\n<p><!--more--><\/p>\n<p>Mesterh\u00e1zy Attila p\u00e1rteln\u00f6k arr\u00f3l besz\u00e9lt, a d\u00edj \u00fczenete, hogy saj\u00e1t k\u00f6z\u00f6ss\u00e9g\u00e9ben minden demokrat\u00e1nak tennie kell a jelenlegi korm\u00e1ny lev\u00e1lt\u00e1s\u00e1\u00e9rt, nem el\u00e9g &#8222;a n\u00e9z\u0151t\u00e9rr\u0151l kiab\u00e1lni&#8221;. Az MSZP az\u00e9rt tudott k\u00e9t \u00e9v alatt talpra \u00e1llni, \u00e9s az\u00e9rt fogja megnyerni a 2014-es v\u00e1laszt\u00e1st, mert sok, a d\u00edjazottakhoz hasonl\u00f3 ember alkotja &#8211; mondta.<\/p>\n<p>Szabados J\u00f3zsef &#8211; aki 2006 \u00e9s 2010 k\u00f6z\u00f6tt parlamenti k\u00e9pvisel\u0151, el\u0151tte n\u00e9gy \u00e9vig pedig Baktal\u00f3r\u00e1nth\u00e1za alpolg\u00e1rmestere volt &#8211; a d\u00edjazottak nev\u00e9ben \u00fagy fogalmazott: &#8222;Nem szeretn\u00e9k, hogy az elismer\u00e9ssel &#8216;le\u00edrj\u00e1k \u0151ket&#8217;, m\u00e9g harcolni akarnak &#8216;a briganti korm\u00e1ny&#8217; lev\u00e1lt\u00e1s\u00e1\u00e9rt&#8221;.<\/p>\n<p>A d\u00edjazottak teljes list\u00e1ja itt <a title=\"D\u00edjazottak list\u00e1ja PDF form\u00e1tumban\" href=\"http:\/\/mszp.hu\/sites\/default\/files\/baloldalert_dij_2012.pdf\" target=\"_blank\">tekinthet\u0151 meg<\/a>!<\/p>\n","protected":false},"excerpt":{"rendered":"<p>Huszonh\u00e1rom MSZP-s politikus r\u00e9szes\u00fclt a p\u00e1rt eln\u00f6ks\u00e9ge \u00e1ltal alap\u00edtott Baloldal\u00e9rt-d\u00edjban, az elismer\u00e9seket a szocialista p\u00e1rt v\u00e1lasztm\u00e1ny\u00e1nak szombati \u00fcl\u00e9s\u00e9n osztott\u00e1k ki. A d\u00edjazottakra a megyei p\u00e1rtszervezetek tehettek javaslatot. Botka L\u00e1szl\u00f3 v\u00e1lasztm\u00e1nyi eln\u00f6k azt mondta: &#8222;Azokat jutalmazt\u00e1k, akik t\u00f6bb \u00e9vtizednyi munk\u00e1jukkal, \u00e9letm\u0171v\u00fckkel hozz\u00e1j\u00e1rultak a baloldal siker\u00e9hez.&#8221; <a href=\"https:\/\/www.mszporoszlany.hu\/?p=1749\">Egy kattint\u00e1s ide a folytat\u00e1shoz&#8230;. <span class=\"meta-nav\">&rarr;<\/span><\/a><\/p>\n","protected":false},"author":35,"featured_media":0,"comment_status":"open","ping_status":"closed","sticky":false,"template":"","format":"standard","meta":{"footnotes":""},"categories":[58,194],"tags":[1081,1077,150,115,722,1079,1080,1078],"class_list":["post-1749","post","type-post","status-publish","format-standard","hentry","category-mszp","category-oroszlany","tag-baktaloranthaza","tag-baloldalert-dij","tag-botka-laszlo","tag-keleti-gyorgy","tag-mesterhazy-attila","tag-partelnok","tag-szabados-jozsef","tag-valasztmanyi-elnok"],"_links":{"self":[{"href":"https:\/\/www.mszporoszlany.hu\/index.php?rest_route=\/wp\/v2\/posts\/1749","targetHints":{"allow":["GET"]}}],"collection":[{"href":"https:\/\/www.mszporoszlany.hu\/index.php?rest_route=\/wp\/v2\/posts"}],"about":[{"href":"https:\/\/www.mszporoszlany.hu\/index.php?rest_route=\/wp\/v2\/types\/post"}],"author":[{"embeddable":true,"href":"https:\/\/www.mszporoszlany.hu\/index.php?rest_route=\/wp\/v2\/users\/35"}],"replies":[{"embeddable":true,"href":"https:\/\/www.mszporoszlany.hu\/index.php?rest_route=%2Fwp%2Fv2%2Fcomments&post=1749"}],"version-history":[{"count":0,"href":"https:\/\/www.mszporoszlany.hu\/index.php?rest_route=\/wp\/v2\/posts\/1749\/revisions"}],"wp:attachment":[{"href":"https:\/\/www.mszporoszlany.hu\/index.php?rest_route=%2Fwp%2Fv2%2Fmedia&parent=1749"}],"wp:term":[{"taxonomy":"category","embeddable":true,"href":"https:\/\/www.mszporoszlany.hu\/index.php?rest_route=%2Fwp%2Fv2%2Fcategories&post=1749"},{"taxonomy":"post_tag","embeddable":true,"href":"https:\/\/www.mszporoszlany.hu\/index.php?rest_route=%2Fwp%2Fv2%2Ftags&post=1749"}],"curies":[{"name":"wp","href":"https:\/\/api.w.org\/{rel}","templated":true}]}}