{"id":1752,"date":"2012-11-25T16:28:09","date_gmt":"2012-11-25T15:28:09","guid":{"rendered":"http:\/\/www.mszporoszlany.hu\/?p=1752"},"modified":"2012-11-25T16:28:09","modified_gmt":"2012-11-25T15:28:09","slug":"egykor-es-ma-i","status":"publish","type":"post","link":"https:\/\/www.mszporoszlany.hu\/?p=1752","title":{"rendered":"Egykor \u00e9s Ma &#8211; I."},"content":{"rendered":"<p><img loading=\"lazy\" decoding=\"async\" class=\"alignleft size-full wp-image-1753\" title=\"Hitelminosites\" src=\"https:\/\/www.mszporoszlany.hu\/wp-content\/uploads\/2012\/11\/Hitelminosites.png\" alt=\"\" width=\"200\" height=\"120\" \/>A Fidesz megnyilatkoz\u00e1sok el\u00e9g \u00e9rdekes \u00edvet \u00edrtak le 1989-t\u0151l napjainkig. T\u00f6bb olvas\u00f3nk is felh\u00edvta m\u00e1r a figyelm\u00fcnket arra a lehet\u0151s\u00e9gre, hogy oldalainkon a &#8222;hat\u00e1rozott&#8221; v\u00e9lem\u00e9nyeiket szembes\u00edts\u00fck a Fidesz t\u00e1mogat\u00f3val \u00e9s k\u00e9pvisel\u0151ivel. Ennek a k\u00e9r\u00e9snek tesz\u00fcnk most eleget. Egyben felh\u00edvjuk kedves olvas\u00f3ink figyelm\u00e9t, hogy \u00e9rdekl\u0151d\u00e9ssel v\u00e1rjuk gy\u00f6ngyszemeiket a t\u00e9m\u00e1ban. Gondolat\u00e9breszt\u0151nek mindj\u00e1rt k\u00f6zl\u00fcnk is egyet:<\/p>\n<p><!--more--><\/p>\n<p><strong>Hitelmin\u0151s\u00edt\u00e9s egykor \u00e9s ma<\/strong><\/p>\n<p><strong>2008. j\u00falius 28.<\/strong><\/p>\n<p>&#8222;Haz\u00e1nk \u00fajabb lemin\u0151s\u00edt\u00e9se a bizony\u00edt\u00e9ka annak, hogy a kisebbs\u00e9gi korm\u00e1ny k\u00e9ptelen kezelni a v\u00e1ls\u00e1got, cselekv\u0151k\u00e9ptelens\u00e9ge miatt Magyarorsz\u00e1g egyre nehezebb helyzetbe ker\u00fcl &#8211; \u00edrja k\u00f6zlem\u00e9ny\u00e9ben T\u00e1llai Andr\u00e1s. Mint eml\u00e9keztet, a sorozatban negyedik &#8211; nagy hitelmin\u0151s\u00edt\u0151 int\u00e9zet \u00e1ltali &#8211; lemin\u0151s\u00edt\u00e9s egy\u00e9rtelm\u0171en mutatja: gazdas\u00e1gi fordulatra van sz\u00fcks\u00e9g. Magyarorsz\u00e1got, a magyar gazdas\u00e1got \u00fajra n\u00f6veked\u00e9si p\u00e1ly\u00e1ra kell \u00e1ll\u00edtani, ehhez azonban kisz\u00e1m\u00edthat\u00f3, hiteles \u00e9s alkalmas gazdas\u00e1gpolitik\u00e1ra van sz\u00fcks\u00e9g. Minderre a jelenlegi korm\u00e1ny k\u00e9ptelen, ez\u00e9rt az el\u0151rehozott v\u00e1laszt\u00e1s imm\u00e1r gazdas\u00e1gi k\u00e9nyszerr\u00e9 v\u00e1lt &#8211; z\u00e1rul a dokumentum.&#8221;<\/p>\n<p><strong>2012. november 23.<\/strong><\/p>\n<p>(Azut\u00e1n, hogy a Standard &amp; Poors b\u00f3vli kateg\u00f3ri\u00e1ba sorolta Magyarorsz\u00e1got.)<\/p>\n<p>&#8222;Magyarorsz\u00e1got nem a hitelmin\u0151s\u00edt\u0151k, hanem azok a befektet\u0151k min\u0151s\u00edtik, akik az elm\u00falt \u00e9vekben m\u0171k\u00f6d\u0151-t\u0151k\u00e9t hoztak Magyarorsz\u00e1gra \u2013 reag\u00e1lt a Nemzetgazdas\u00e1gi Miniszt\u00e9rium (NGM) a Standard &amp; Poors p\u00e9ntek esti d\u00f6nt\u00e9s\u00e9re, amellyel az eddigi &#8222;BB plusz&#8221;-r\u00f3l egy fokozattal &#8222;BB&#8221;-re rontotta a hossz\u00fa futam\u00fa magyar hazai \u00e9s k\u00fcls\u0151 \u00e1llamad\u00f3ss\u00e1g besorol\u00e1s\u00e1t. Az MTI-hez eljuttatott k\u00f6zlem\u00e9ny\u00e9ben a miniszt\u00e9rium \u00fagy fogalmaz: ma m\u00e1r nem lehet komolyan venni a hitelmin\u0151s\u00edt\u0151ket, amelyek gyakorlatilag a vil\u00e1g \u00f6sszes orsz\u00e1g\u00e1t lemin\u0151s\u00edtett\u00e9k. A legnagyobb hitelvesztes\u00e9get maguk a hitelmin\u0151s\u00edt\u0151k k\u00f6nyvelhett\u00e9k el a v\u00e1ls\u00e1g \u00e9veiben &#8211; teszik hozz\u00e1.&#8221;<\/p>\n","protected":false},"excerpt":{"rendered":"<p>A Fidesz megnyilatkoz\u00e1sok el\u00e9g \u00e9rdekes \u00edvet \u00edrtak le 1989-t\u0151l napjainkig. T\u00f6bb olvas\u00f3nk is felh\u00edvta m\u00e1r a figyelm\u00fcnket arra a lehet\u0151s\u00e9gre, hogy oldalainkon a &#8222;hat\u00e1rozott&#8221; v\u00e9lem\u00e9nyeiket szembes\u00edts\u00fck a Fidesz t\u00e1mogat\u00f3val \u00e9s k\u00e9pvisel\u0151ivel. Ennek a k\u00e9r\u00e9snek tesz\u00fcnk most eleget. Egyben felh\u00edvjuk kedves &hellip; <a href=\"https:\/\/www.mszporoszlany.hu\/?p=1752\">Egy kattint\u00e1s ide a folytat\u00e1shoz&#8230;. <span class=\"meta-nav\">&rarr;<\/span><\/a><\/p>\n","protected":false},"author":35,"featured_media":0,"comment_status":"open","ping_status":"closed","sticky":false,"template":"","format":"standard","meta":{"footnotes":""},"categories":[1082],"tags":[1083],"class_list":["post-1752","post","type-post","status-publish","format-standard","hentry","category-egykor-es-ma","tag-hitelminosites"],"_links":{"self":[{"href":"https:\/\/www.mszporoszlany.hu\/index.php?rest_route=\/wp\/v2\/posts\/1752","targetHints":{"allow":["GET"]}}],"collection":[{"href":"https:\/\/www.mszporoszlany.hu\/index.php?rest_route=\/wp\/v2\/posts"}],"about":[{"href":"https:\/\/www.mszporoszlany.hu\/index.php?rest_route=\/wp\/v2\/types\/post"}],"author":[{"embeddable":true,"href":"https:\/\/www.mszporoszlany.hu\/index.php?rest_route=\/wp\/v2\/users\/35"}],"replies":[{"embeddable":true,"href":"https:\/\/www.mszporoszlany.hu\/index.php?rest_route=%2Fwp%2Fv2%2Fcomments&post=1752"}],"version-history":[{"count":0,"href":"https:\/\/www.mszporoszlany.hu\/index.php?rest_route=\/wp\/v2\/posts\/1752\/revisions"}],"wp:attachment":[{"href":"https:\/\/www.mszporoszlany.hu\/index.php?rest_route=%2Fwp%2Fv2%2Fmedia&parent=1752"}],"wp:term":[{"taxonomy":"category","embeddable":true,"href":"https:\/\/www.mszporoszlany.hu\/index.php?rest_route=%2Fwp%2Fv2%2Fcategories&post=1752"},{"taxonomy":"post_tag","embeddable":true,"href":"https:\/\/www.mszporoszlany.hu\/index.php?rest_route=%2Fwp%2Fv2%2Ftags&post=1752"}],"curies":[{"name":"wp","href":"https:\/\/api.w.org\/{rel}","templated":true}]}}