{"id":1763,"date":"2012-11-27T22:22:47","date_gmt":"2012-11-27T21:22:47","guid":{"rendered":"http:\/\/www.mszporoszlany.hu\/?p=1763"},"modified":"2012-11-27T22:23:55","modified_gmt":"2012-11-27T21:23:55","slug":"megelhetest-mindenkinek","status":"publish","type":"post","link":"https:\/\/www.mszporoszlany.hu\/?p=1763","title":{"rendered":"Meg\u00e9lhet\u00e9st mindenkinek!"},"content":{"rendered":"<p><img loading=\"lazy\" decoding=\"async\" class=\"alignleft size-full wp-image-1764\" title=\"GurNandor\" src=\"https:\/\/www.mszporoszlany.hu\/wp-content\/uploads\/2012\/11\/GurNandor.png\" alt=\"\" width=\"200\" height=\"119\" \/>A korm\u00e1ny k\u00e9t \u00e9s f\u00e9l \u00e9ves gazdas\u00e1gi, foglakoztat\u00e1si \u00e9s csal\u00e1dpolitikai teljes\u00edtm\u00e9ny\u00e9t b\u00edr\u00e1lta az MSZP-s G\u00far N\u00e1ndor h\u00e9tf\u0151i sajt\u00f3t\u00e1j\u00e9koztat\u00f3j\u00e1n. A szocialista politikus szerint a gazdas\u00e1gi recesszi\u00f3, a tehet\u0151seket t\u00e1mogat\u00f3 ad\u00f3rendszer, illetve csal\u00e1d- \u00e9s gyermekt\u00e1mogat\u00e1si rendszer eredm\u00e9nyek\u00e9ppen &#8222;Magyarorsz\u00e1gon d\u00fal a szeg\u00e9nys\u00e9g&#8221;, a gyermekek k\u00f6zel 30 sz\u00e1zal\u00e9ka \u00e9l &#8222;az anyagi megfosztotts\u00e1g jegy\u00e9ben&#8221;, 16 sz\u00e1zal\u00e9kuk csal\u00e1dj\u00e1ban pedig nincs keres\u0151.<\/p>\n<p><!--more--><\/p>\n<p>G\u00far N\u00e1ndor szerint ennek v\u00e9get kell vetni, \u00e9s olyan vil\u00e1got kell \u00e9p\u00edteni, ahol minden csal\u00e1dban legal\u00e1bb egy ember dolgozik, \u00e9s a minim\u00e1lb\u00e9rek nem vesz\u00edtenek re\u00e1l\u00e9rt\u00e9k\u00fckb\u0151l.<\/p>\n<p>Forr\u00e1s: MSZP.HU, a teljes cikk tov\u00e1bbi <a title=\"A teljes cikk itt olvashat\u00f3\" href=\"http:\/\/uj.mszp.hu\/video\/megelhetest_mindenkinek\" target=\"_blank\">itt olvashat\u00f3<\/a>\u2026<br \/>\nVide\u00f3: Az interj\u00fa vide\u00f3anyaga <a title=\"A teljes vide\u00f3 itt l\u00e1that\u00f3!\" href=\"http:\/\/www.youtube.com\/watch?v=58bo41UCgew\" target=\"_blank\">itt l\u00e1that\u00f3<\/a>\u2026<\/p>\n<p>&nbsp;<\/p>\n","protected":false},"excerpt":{"rendered":"<p>A korm\u00e1ny k\u00e9t \u00e9s f\u00e9l \u00e9ves gazdas\u00e1gi, foglakoztat\u00e1si \u00e9s csal\u00e1dpolitikai teljes\u00edtm\u00e9ny\u00e9t b\u00edr\u00e1lta az MSZP-s G\u00far N\u00e1ndor h\u00e9tf\u0151i sajt\u00f3t\u00e1j\u00e9koztat\u00f3j\u00e1n. A szocialista politikus szerint a gazdas\u00e1gi recesszi\u00f3, a tehet\u0151seket t\u00e1mogat\u00f3 ad\u00f3rendszer, illetve csal\u00e1d- \u00e9s gyermekt\u00e1mogat\u00e1si rendszer eredm\u00e9nyek\u00e9ppen &#8222;Magyarorsz\u00e1gon d\u00fal a szeg\u00e9nys\u00e9g&#8221;, a gyermekek k\u00f6zel 30 sz\u00e1zal\u00e9ka \u00e9l &#8222;az anyagi megfosztotts\u00e1g jegy\u00e9ben&#8221;, 16 sz\u00e1zal\u00e9kuk csal\u00e1dj\u00e1ban pedig nincs keres\u0151. <a href=\"https:\/\/www.mszporoszlany.hu\/?p=1763\">Egy kattint\u00e1s ide a folytat\u00e1shoz&#8230;. <span class=\"meta-nav\">&rarr;<\/span><\/a><\/p>\n","protected":false},"author":35,"featured_media":0,"comment_status":"open","ping_status":"closed","sticky":false,"template":"","format":"standard","meta":{"footnotes":""},"categories":[196,58],"tags":[1089,1084,1085,1086,1087,1018,1090,687,1088],"class_list":["post-1763","post","type-post","status-publish","format-standard","hentry","category-magyarorszag","category-mszp","tag-adorendszer","tag-csaladpolitika","tag-foglalkoztatas-politika","tag-gazdasagpolitika","tag-gur-nandor","tag-recesszio","tag-szegenyseg","tag-tamogatas","tag-tehetosek"],"_links":{"self":[{"href":"https:\/\/www.mszporoszlany.hu\/index.php?rest_route=\/wp\/v2\/posts\/1763","targetHints":{"allow":["GET"]}}],"collection":[{"href":"https:\/\/www.mszporoszlany.hu\/index.php?rest_route=\/wp\/v2\/posts"}],"about":[{"href":"https:\/\/www.mszporoszlany.hu\/index.php?rest_route=\/wp\/v2\/types\/post"}],"author":[{"embeddable":true,"href":"https:\/\/www.mszporoszlany.hu\/index.php?rest_route=\/wp\/v2\/users\/35"}],"replies":[{"embeddable":true,"href":"https:\/\/www.mszporoszlany.hu\/index.php?rest_route=%2Fwp%2Fv2%2Fcomments&post=1763"}],"version-history":[{"count":0,"href":"https:\/\/www.mszporoszlany.hu\/index.php?rest_route=\/wp\/v2\/posts\/1763\/revisions"}],"wp:attachment":[{"href":"https:\/\/www.mszporoszlany.hu\/index.php?rest_route=%2Fwp%2Fv2%2Fmedia&parent=1763"}],"wp:term":[{"taxonomy":"category","embeddable":true,"href":"https:\/\/www.mszporoszlany.hu\/index.php?rest_route=%2Fwp%2Fv2%2Fcategories&post=1763"},{"taxonomy":"post_tag","embeddable":true,"href":"https:\/\/www.mszporoszlany.hu\/index.php?rest_route=%2Fwp%2Fv2%2Ftags&post=1763"}],"curies":[{"name":"wp","href":"https:\/\/api.w.org\/{rel}","templated":true}]}}