{"id":1771,"date":"2012-11-28T06:57:48","date_gmt":"2012-11-28T05:57:48","guid":{"rendered":"http:\/\/www.mszporoszlany.hu\/?p=1771"},"modified":"2012-11-28T07:03:22","modified_gmt":"2012-11-28T06:03:22","slug":"remalomma-valhat-orban-focialma","status":"publish","type":"post","link":"https:\/\/www.mszporoszlany.hu\/?p=1771","title":{"rendered":"R\u00e9m\u00e1lomm\u00e1 v\u00e1lhat Orb\u00e1n foci\u00e1lma"},"content":{"rendered":"<p><img loading=\"lazy\" decoding=\"async\" class=\"alignleft size-full wp-image-1772\" title=\"Mufuves\" src=\"https:\/\/www.mszporoszlany.hu\/wp-content\/uploads\/2012\/11\/Mufuves.png\" alt=\"\" width=\"200\" height=\"120\" \/>M\u00e1r 58 m\u0171f\u00fcves p\u00e1lya elk\u00e9sz\u00fclt, tov\u00e1bbi 14 pedig kivitelez\u00e9s alatt van a Magyar Labdar\u00fag\u00f3 Sz\u00f6vets\u00e9g (MLSZ) orsz\u00e1gos p\u00e1lya\u00e9p\u00edt\u00e9si program keret\u00e9ben. Azon k\u00edv\u00fcl, hogy m\u00e1r a harminc sz\u00e1zal\u00e9kos \u00f6nr\u00e9sz is gondot jelent az \u00f6nkorm\u00e1nyzatok sz\u00e1m\u00e1ra, a telep\u00fcl\u00e9seknek komoly megterhel\u00e9st jelenthet az \u00faj p\u00e1lya fenntart\u00e1sa. F\u0151leg, ha beigazol\u00f3dnak azok a kock\u00e1zatok, melyekre egyes p\u00e1ly\u00e1k rossz min\u0151s\u00e9g\u00e9vel kapcsolatban felfigyelt\u00fcnk.<\/p>\n<p><!--more--><\/p>\n<p>A kapuh\u00e1l\u00f3 az els\u0151 l\u00f6v\u00e9sn\u00e9l elszakadt, a labdafog\u00f3 tart\u00f3szerkezete t\u00f6bb helyen elengedte a hegeszt\u00e9st, egy h\u00e9t ut\u00e1n \u00fagy kellett k\u00f6rbeszigszalagozni. \u2013 mes\u00e9l a hark\u00e1nyi m\u0171f\u00fcves p\u00e1lya karbantart\u00f3ja a hvg.hu-nak az els\u0151 tapasztalatokr\u00f3l, hozz\u00e1t\u00e9ve, hogy nyilv\u00e1nval\u00f3an a h\u00e1l\u00f3b\u00f3l \u00e9s a tart\u00f3vasakb\u00f3l az olcs\u00f3bbat hozt\u00e1k, de az el\u0151bbib\u0151l p\u00e9ld\u00e1ul az MLSZ r\u00f6gt\u00f6n k\u00fcld\u00f6tt egy strapab\u00edr\u00f3bbat.<\/p>\n<p>A p\u00e1lya a ny\u00e1ron az els\u0151k k\u00f6z\u00f6tt k\u00e9sz\u00fclt el az MLSZ m\u0171f\u00fcves p\u00e1lya\u00e9p\u00edt\u00e9si projektj\u00e9nek keret\u00e9ben, de a hivatalos \u00e1tad\u00f3 \u00fcnneps\u00e9get csak szeptemberben, ottj\u00e1rtunk idej\u00e9n tartott\u00e1k. A hark\u00e1nyi gondnok az apr\u00f3bb hib\u00e1k ellen\u00e9re el\u00e9gedett volt: a pal\u00e1nkok feh\u00e9ren vak\u00edtanak, a m\u0171f\u0171 z\u00f6ldell. \u201eJ\u00f3 rajta j\u00e1tszani.\u201d \u2013 mondta. \u201eIgaz, ha vannak nagyobb hib\u00e1i, az \u00fagyis csak k\u00e9s\u0151bb der\u00fcl ki\u201d. &#8230;<\/p>\n<p>Forr\u00e1s: HVG.HU, a teljes cikk <a title=\"A teljes cikk megnyit\u00e1sa\" href=\"http:\/\/hvg.hu\/gazdasag\/20121127_Remalomma_valhat_orban_focialma\" target=\"_blank\">itt olvashat\u00f3<\/a>&#8230;<\/p>\n<p><strong>Cikkben tal\u00e1lhat\u00f3 helyi fot\u00f3k<\/strong><\/p>\n<p><a href=\"http:\/\/img9.hvg.hu\/image.aspx?id=a03928de-3685-4611-8dee-9d94e092b8af&amp;view=1dbef8ca-24f2-4e6d-8114-c4cea18cb55b\" rel=\"lightbox[1]\"><img loading=\"lazy\" decoding=\"async\" class=\"alignnone pictureframe\" src=\"http:\/\/img9.hvg.hu\/image.aspx?id=a03928de-3685-4611-8dee-9d94e092b8af\" alt=\"\" width=\"100\" height=\"75\" \/><\/a> <a href=\"http:\/\/img5.hvg.hu\/image.aspx?id=dae903f4-5d6d-4344-a79c-327535dbe1a0&amp;view=1dbef8ca-24f2-4e6d-8114-c4cea18cb55b\" rel=\"lightbox[1]\"><img loading=\"lazy\" decoding=\"async\" class=\"alignnone pictureframe\" src=\"http:\/\/img5.hvg.hu\/image.aspx?id=dae903f4-5d6d-4344-a79c-327535dbe1a0\" alt=\"\" width=\"100\" height=\"75\" \/><\/a><\/p>\n<p>Az MLSZ v\u00e1lasza <a title=\"AZ MLSZ v\u00e1lasza\" href=\"http:\/\/hvg.hu\/gazdasag\/20121127_mlsz_reakcio\" target=\"_blank\">itt olvashat\u00f3<\/a>&#8230;<\/p>\n","protected":false},"excerpt":{"rendered":"<p>M\u00e1r 58 m\u0171f\u00fcves p\u00e1lya elk\u00e9sz\u00fclt, tov\u00e1bbi 14 pedig kivitelez\u00e9s alatt van a Magyar Labdar\u00fag\u00f3 Sz\u00f6vets\u00e9g (MLSZ) orsz\u00e1gos p\u00e1lya\u00e9p\u00edt\u00e9si program keret\u00e9ben. Azon k\u00edv\u00fcl, hogy m\u00e1r a harminc sz\u00e1zal\u00e9kos \u00f6nr\u00e9sz is gondot jelent az \u00f6nkorm\u00e1nyzatok sz\u00e1m\u00e1ra, a telep\u00fcl\u00e9seknek komoly megterhel\u00e9st jelenthet az \u00faj p\u00e1lya fenntart\u00e1sa. F\u0151leg, ha beigazol\u00f3dnak azok a kock\u00e1zatok, melyekre egyes p\u00e1ly\u00e1k rossz min\u0151s\u00e9g\u00e9vel kapcsolatban felfigyelt\u00fcnk. <a href=\"https:\/\/www.mszporoszlany.hu\/?p=1771\">Egy kattint\u00e1s ide a folytat\u00e1shoz&#8230;. <span class=\"meta-nav\">&rarr;<\/span><\/a><\/p>\n","protected":false},"author":35,"featured_media":0,"comment_status":"open","ping_status":"closed","sticky":false,"template":"","format":"standard","meta":{"footnotes":""},"categories":[196,194],"tags":[649,380],"class_list":["post-1771","post","type-post","status-publish","format-standard","hentry","category-magyarorszag","category-oroszlany","tag-mlsz","tag-mufuves-palya"],"_links":{"self":[{"href":"https:\/\/www.mszporoszlany.hu\/index.php?rest_route=\/wp\/v2\/posts\/1771","targetHints":{"allow":["GET"]}}],"collection":[{"href":"https:\/\/www.mszporoszlany.hu\/index.php?rest_route=\/wp\/v2\/posts"}],"about":[{"href":"https:\/\/www.mszporoszlany.hu\/index.php?rest_route=\/wp\/v2\/types\/post"}],"author":[{"embeddable":true,"href":"https:\/\/www.mszporoszlany.hu\/index.php?rest_route=\/wp\/v2\/users\/35"}],"replies":[{"embeddable":true,"href":"https:\/\/www.mszporoszlany.hu\/index.php?rest_route=%2Fwp%2Fv2%2Fcomments&post=1771"}],"version-history":[{"count":0,"href":"https:\/\/www.mszporoszlany.hu\/index.php?rest_route=\/wp\/v2\/posts\/1771\/revisions"}],"wp:attachment":[{"href":"https:\/\/www.mszporoszlany.hu\/index.php?rest_route=%2Fwp%2Fv2%2Fmedia&parent=1771"}],"wp:term":[{"taxonomy":"category","embeddable":true,"href":"https:\/\/www.mszporoszlany.hu\/index.php?rest_route=%2Fwp%2Fv2%2Fcategories&post=1771"},{"taxonomy":"post_tag","embeddable":true,"href":"https:\/\/www.mszporoszlany.hu\/index.php?rest_route=%2Fwp%2Fv2%2Ftags&post=1771"}],"curies":[{"name":"wp","href":"https:\/\/api.w.org\/{rel}","templated":true}]}}