{"id":1777,"date":"2012-11-30T06:27:00","date_gmt":"2012-11-30T05:27:00","guid":{"rendered":"http:\/\/www.mszporoszlany.hu\/?p=1777"},"modified":"2012-11-30T06:27:00","modified_gmt":"2012-11-30T05:27:00","slug":"egyuttmukodesi-targyalasok-kezdemenyezese","status":"publish","type":"post","link":"https:\/\/www.mszporoszlany.hu\/?p=1777","title":{"rendered":"Egy\u00fcttm\u0171k\u00f6d\u00e9si t\u00e1rgyal\u00e1sok kezdem\u00e9nyez\u00e9se"},"content":{"rendered":"<p><img loading=\"lazy\" decoding=\"async\" class=\"alignleft size-full wp-image-1778\" title=\"MesterhaziAttila\" src=\"https:\/\/www.mszporoszlany.hu\/wp-content\/uploads\/2012\/11\/MesterhaziAttila.png\" alt=\"\" width=\"200\" height=\"120\" \/>Szakpolitikai egyeztet\u00e9sekkel kezd\u0151d\u0151, a j\u00f6v\u0151 \u00e9v v\u00e9g\u00e9re a k\u00f6z\u00f6s jel\u00f6lt- \u00e9s lista\u00e1ll\u00edt\u00e1sig, azaz egy v\u00e1laszt\u00e1si sz\u00f6vets\u00e9g l\u00e9trehoz\u00e1s\u00e1ig vezet\u0151 t\u00e1rgyal\u00e1sokat kezdem\u00e9nyez az MSZP a demokratikus ellenz\u00e9ki p\u00e1rtokkal \u00e9s szervezetekkel. A szocialista p\u00e1rt eln\u00f6ks\u00e9g\u00e9nek err\u0151l sz\u00f3l\u00f3 d\u00f6nt\u00e9s\u00e9t Mesterh\u00e1zy Attila p\u00e1rteln\u00f6k jelentette be szerd\u00e1n. Az MSZP azt szorgalmazza, hogy a demokratikus p\u00e1rtok \u00e9s szervezetek 2013 els\u0151 n\u00e9gy h\u00f3napj\u00e1ban a szakpolitikai javaslataikr\u00f3l t\u00e1rgyaljanak, majd a programok egyeztet\u00e9se ut\u00e1n szeptemberig k\u00f6z\u00f6sen k\u00e9sz\u00fcljenek fel a regisztr\u00e1ci\u00f3s kamp\u00e1nyra. Ez vezethet el ahhoz, hogy 2013 v\u00e9g\u00e9n az egy\u00fcttm\u0171k\u00f6d\u00e9sben r\u00e9sztvev\u0151k k\u00f6z\u00f6s jel\u00f6lteket \u00e9s k\u00f6z\u00f6s list\u00e1t \u00e1ll\u00edtanak a v\u00e1laszt\u00e1sokra &#8211; ismertette.<\/p>\n<p><!--more--><\/p>\n<p>A Sz\u00f6vets\u00e9g a v\u00e1ltoz\u00e1s\u00e9rt elnevez\u00e9s\u0171 javaslatcsomagot a szocialist\u00e1k szerd\u00e1n az Egy\u00fctt 2014 v\u00e1laszt\u00f3i mozgalom alap\u00edt\u00f3inak &#8211; a Bajnai Gordon vezette Haza \u00e9s Halad\u00e1s Egyes\u00fcletnek, a Milla Egyes\u00fcletnek \u00e9s a Magyar Szolidarit\u00e1s Mozgalomnak -, az LMP-nek, a Demokratikus Koal\u00edci\u00f3nak, a 4K!-nak, a Magyarorsz\u00e1gi Szoci\u00e1ldemokrata P\u00e1rtnak \u00e9s az \u00c1rok Korn\u00e9l eln\u00f6k\u00f6lte Sz\u00f6vets\u00e9gben, Egy\u00fctt Magyarorsz\u00e1g\u00e9rt p\u00e1rtnak k\u00fcldt\u00e9k meg a sajt\u00f3t\u00e1j\u00e9koztat\u00f3val egy id\u0151ben. Az orsz\u00e1gos politikai er\u0151knek eljuttatott felh\u00edv\u00e1st civil szervezeteknek \u00e9s \u00e9rdekk\u00e9pviseleteknek is elk\u00fcldik.<\/p>\n<p>Forr\u00e1s: MSZP.hu, a teljes cikk <a title=\"Teljes cikk megjelen\u00edt\u00e9se\" href=\"http:\/\/mszp.hu\/video\/egyuttmukodesi_targyalasokat_kezdemenyez_az_mszp_a_demokratikus_ellenzeki_szervezetekkel\" target=\"_blank\">itt olvashat\u00f3<\/a>&#8230;<br \/>\nVide\u00f3: a kapcsol\u00f3d\u00f3 vide\u00f3 <a title=\"A vide\u00f3anayg itt tekinthet\u0151 meg\" href=\"http:\/\/www.youtube.com\/watch?v=81YvE8sLBbQ\" target=\"_blank\">itt tekinthet\u0151<\/a> meg&#8230;<\/p>\n","protected":false},"excerpt":{"rendered":"<p>Szakpolitikai egyeztet\u00e9sekkel kezd\u0151d\u0151, a j\u00f6v\u0151 \u00e9v v\u00e9g\u00e9re a k\u00f6z\u00f6s jel\u00f6lt- \u00e9s lista\u00e1ll\u00edt\u00e1sig, azaz egy v\u00e1laszt\u00e1si sz\u00f6vets\u00e9g l\u00e9trehoz\u00e1s\u00e1ig vezet\u0151 t\u00e1rgyal\u00e1sokat kezdem\u00e9nyez az MSZP a demokratikus ellenz\u00e9ki p\u00e1rtokkal \u00e9s szervezetekkel. A szocialista p\u00e1rt eln\u00f6ks\u00e9g\u00e9nek err\u0151l sz\u00f3l\u00f3 d\u00f6nt\u00e9s\u00e9t Mesterh\u00e1zy Attila p\u00e1rteln\u00f6k jelentette be szerd\u00e1n. Az MSZP azt szorgalmazza, hogy a demokratikus p\u00e1rtok \u00e9s szervezetek 2013 els\u0151 n\u00e9gy h\u00f3napj\u00e1ban a szakpolitikai javaslataikr\u00f3l t\u00e1rgyaljanak, majd a programok egyeztet\u00e9se ut\u00e1n szeptemberig k\u00f6z\u00f6sen k\u00e9sz\u00fcljenek fel a regisztr\u00e1ci\u00f3s kamp\u00e1nyra. Ez vezethet el ahhoz, hogy 2013 v\u00e9g\u00e9n az egy\u00fcttm\u0171k\u00f6d\u00e9sben r\u00e9sztvev\u0151k k\u00f6z\u00f6s jel\u00f6lteket \u00e9s k\u00f6z\u00f6s list\u00e1t \u00e1ll\u00edtanak a v\u00e1laszt\u00e1sokra &#8211; ismertette. <a href=\"https:\/\/www.mszporoszlany.hu\/?p=1777\">Egy kattint\u00e1s ide a folytat\u00e1shoz&#8230;. <span class=\"meta-nav\">&rarr;<\/span><\/a><\/p>\n","protected":false},"author":35,"featured_media":0,"comment_status":"open","ping_status":"closed","sticky":false,"template":"","format":"standard","meta":{"footnotes":""},"categories":[196,58],"tags":[1109,1056,1099,1108,1104,1112,1105,1113,1101,1102,153,1107,1110,722,1106,1763,1097,1100,1103,1111,1098],"class_list":["post-1777","post","type-post","status-publish","format-standard","hentry","category-magyarorszag","category-mszp","tag-4k","tag-bajnai-gordon","tag-demokratikus-ellenzeki-partok","tag-demokratikus-koalicio","tag-egyutt-2014","tag-egyutt-magyarorszagert-part","tag-haza-es-haladas-egyesulet","tag-kakosy-csaba","tag-kozos-jeloltek","tag-kozos-lista","tag-lmp","tag-magyar-szolidaritas-mozgalom","tag-magyarorszagi-szocialdemokrata-part","tag-mesterhazy-attila","tag-milla-egyesulet","tag-mszp","tag-szakpolitika","tag-szakpolitikai-javaslatok","tag-szovetseg-a-valtozasert","tag-szovetsegben","tag-valasztasi-szovetseg"],"_links":{"self":[{"href":"https:\/\/www.mszporoszlany.hu\/index.php?rest_route=\/wp\/v2\/posts\/1777","targetHints":{"allow":["GET"]}}],"collection":[{"href":"https:\/\/www.mszporoszlany.hu\/index.php?rest_route=\/wp\/v2\/posts"}],"about":[{"href":"https:\/\/www.mszporoszlany.hu\/index.php?rest_route=\/wp\/v2\/types\/post"}],"author":[{"embeddable":true,"href":"https:\/\/www.mszporoszlany.hu\/index.php?rest_route=\/wp\/v2\/users\/35"}],"replies":[{"embeddable":true,"href":"https:\/\/www.mszporoszlany.hu\/index.php?rest_route=%2Fwp%2Fv2%2Fcomments&post=1777"}],"version-history":[{"count":0,"href":"https:\/\/www.mszporoszlany.hu\/index.php?rest_route=\/wp\/v2\/posts\/1777\/revisions"}],"wp:attachment":[{"href":"https:\/\/www.mszporoszlany.hu\/index.php?rest_route=%2Fwp%2Fv2%2Fmedia&parent=1777"}],"wp:term":[{"taxonomy":"category","embeddable":true,"href":"https:\/\/www.mszporoszlany.hu\/index.php?rest_route=%2Fwp%2Fv2%2Fcategories&post=1777"},{"taxonomy":"post_tag","embeddable":true,"href":"https:\/\/www.mszporoszlany.hu\/index.php?rest_route=%2Fwp%2Fv2%2Ftags&post=1777"}],"curies":[{"name":"wp","href":"https:\/\/api.w.org\/{rel}","templated":true}]}}