{"id":1780,"date":"2012-12-03T11:39:27","date_gmt":"2012-12-03T10:39:27","guid":{"rendered":"http:\/\/www.mszporoszlany.hu\/?p=1780"},"modified":"2012-12-03T11:39:27","modified_gmt":"2012-12-03T10:39:27","slug":"four-fizetek","status":"publish","type":"post","link":"https:\/\/www.mszporoszlany.hu\/?p=1780","title":{"rendered":"F\u0151\u00far! Fizetek!"},"content":{"rendered":"<p><img loading=\"lazy\" decoding=\"async\" class=\"alignleft size-full wp-image-1781\" title=\"Dunapart\" src=\"https:\/\/www.mszporoszlany.hu\/wp-content\/uploads\/2012\/12\/Dunapart.png\" alt=\"\" width=\"200\" height=\"120\" \/>N\u00e9zem a parlamenti k\u00f6zvet\u00edt\u00e9seket, a megv\u00e1lasztott k\u00e9pvisel\u0151ket, hallgatom a besz\u00e9deket. A t\u00e1rsas\u00e1g meglehet\u0151sen vegyes, sz\u00f6vets\u00e9gek, frakci\u00f3k, \u00e9rdekcsoportok, halk, \u00e9s nagyhang\u00fa, illedelmes, \u00e9s karcos besz\u00e9dek. M\u00e9gis, van a Parlamentben egy \u00far, akire tisztelettel n\u00e9zek, eleg\u00e1ns, csendes, az illemet, el\u0151z\u00e9kenys\u00e9get mindenkin\u00e9l jobban ismeri. \u0150 az egyetlen, akit\u0151l mindenki tanulhatna, a val\u00f3di \u00fariember: \u0151 az, aki a felsz\u00f3lal\u00f3knak ad egy poh\u00e1r vizet. Feladatk\u00f6re b\u0151v\u00fclni fog, el\u0151l\u00e9ptetik fizet\u0151 f\u0151pinc\u00e9rr\u00e9, \u0151 lesz a f\u0151\u00far.<\/p>\n<p><!--more--><\/p>\n<p>A Magyar Parlament becs\u00fclet\u00e9n folt esett, ezt a foltot maga a Parlament ejtette. Egy javaslat szerint list\u00e1t kellene \u00f6ssze\u00e1ll\u00edtani a kett\u0151s \u00e1llampolg\u00e1rs\u00e1g\u00fa szem\u00e9lyekr\u0151l, mert nemzetbiztons\u00e1gi kock\u00e1zatot jelentenek\u2026 \u00c9s a \u201eTisztelt H\u00e1zban\u201d nem t\u00f6rt ki a felh\u00e1borod\u00e1s, az erre adott korm\u00e1nyzati v\u00e1lasz m\u00e9g j\u00f3indulattal is lagymatagnak nevezhet\u0151, \u00e9s az \u00fcl\u00e9s v\u00e9g\u00e9n a der\u00e9k k\u00e9pvisel\u0151k hazamentek pihenni\u2026<\/p>\n<p>Volt m\u00e1r ilyen a vil\u00e1gban, voltak list\u00e1k, lettek m\u00e1sodrend\u0171 \u00e1llampolg\u00e1rok, lettek kiirtand\u00f3k, \u00e9s lettek m\u00e9sz\u00e1rosok. Ezek az \u201eeszm\u00e9k\u201d m\u00e1r egyszer feld\u00falt\u00e1k a vil\u00e1got, emberek milli\u00f3it \u00f6lt\u00e9k meg, m\u00e9rhetetlen szenved\u00e9st hoztak r\u00e1nk, mindenkire. Mai ismereteink szerint kevesek ind\u00edtott\u00e1k el mindezt, a t\u00f6meg eleinte lelkes, majd k\u00f6z\u00f6mb\u00f6s volt, k\u00e9s\u0151bb szenvedett, \u00e9s elpusztult\u2026 A hallgat\u00e1s b\u0171n! A cinkoss\u00e1g is\u2026<\/p>\n<p>A felh\u00e1borod\u00e1sra a p\u00e1rtok term\u00e9szetesen reag\u00e1ltak, de az\u00e9rt megv\u00e1rt\u00e1k a t\u00e1rsadalmi reakci\u00f3kat\u2026 Az ilyen besz\u00e9deket a T\u00f6rv\u00e9nyek bizony szab\u00e1lyozz\u00e1k, szankcion\u00e1lj\u00e1k. Akkor mire v\u00e1rtak? Legjobb tud\u00e1som szerint a mentelmi jog nem vonatkozik a k\u00f6zt\u00f6rv\u00e9nyes cselekm\u00e9nyekre, ezt p\u00e1r \u00e9ve a Mentelmi Bizotts\u00e1g Eln\u00f6ke mondta el egy \u00fajs\u00e1gban\u2026 Tess\u00e9k mondani: mi kell ahhoz, hogy a hat\u00e1lyos T\u00f6rv\u00e9nyeknek \u00e9rv\u00e9nyt szerezz\u00fcnk? Vagy a Parlament tagjai nem ismerik a T\u00f6rv\u00e9nyeket, amit maguk hoztak? Mert ha \u00e9n nem ismerem, az m\u00e9g rendben is lenne\u2026 de a T\u00f6rv\u00e9nyt, ha nem ismerem, az nem mentes\u00edt a hat\u00e1lya al\u00f3l!<\/p>\n<p>Korm\u00e1nyzati, \u00e9s ellenz\u00e9ki p\u00e1rtok k\u00e9pvisel\u0151i is r\u00e9szt vettek a tiltakoz\u00e1s kiv\u00e1ltotta t\u00fcntet\u00e9sen. \u00c9s igen, \u00f6r\u00fcl\u00f6k ennek. \u00d6r\u00fcl\u00f6k annak is, hogy sokan v\u00e1llalt\u00e1k arcukkal az embers\u00e9g\u00fcket, a hideg dac\u00e1ra, \u00e9s voltak ott fiatalok, \u00e9s f\u00e1j\u00f3s l\u00e1b\u00fa \u00f6regek. T\u00f6bb orsz\u00e1g nagyk\u00f6vete is megtisztelte azt a ki\u00e1ll\u00e1st, amit az \u00e9rz\u0151 t\u00f6meg tan\u00fas\u00edtott. Ez sz\u00e1momra azt jelenti, hogy van m\u00e9g rem\u00e9ny, hogy olyan orsz\u00e1gban \u00e9lhet\u00fcnk, ahol figyel\u00fcnk, \u00e9s vigy\u00e1zunk egym\u00e1sra. Ahol minden ember egyenl\u0151\u2026<\/p>\n<p>Most elj\u00f6tt a politikusok, a Parlament ideje, hogy tegyen is, ne csak besz\u00e9ljen. Mert a T\u00f6rv\u00e9ny, ha nem tartj\u00e1k, nem tartatj\u00e1k be, csak szavak halmaza, \u00e9s mit sem \u00e9r. \u00c1ll\u00edt\u00f3lag lesz egy javaslata a korm\u00e1nyp\u00e1rtoknak: szigor\u00fa p\u00e9nzb\u00fcntet\u00e9s\u2026 A kisebbs\u00e9g elleni izgat\u00e1s b\u0171ncselekm\u00e9ny, nem szab\u00e1lys\u00e9rt\u00e9s. Azt is ki lehet v\u00e1ltani p\u00e9nzzel? Hiszen a javaslat szerint m\u00e1r a tarif\u00e1ja is megvan. Akkor v\u00e1ltozik a KRESZ is? Ott is tarifa lesz? P\u00e9ld\u00e1ul egy hal\u00e1los g\u00e1zol\u00e1s az \u00e1ldozat t\u00e1rsadalmi helyzet\u00e9t\u0151l f\u00fcgg\u0151en fizetend\u0151? Egy munkaviszonyban l\u00e9v\u0151 \u00e1ldozat 100\u00a0000, egy gyermek 200\u00a0000, egy munkan\u00e9lk\u00fcli 50\u00a0000, egy nyugd\u00edjas 5\u00a0000? \u00c9s ha \u00e9n egy szeg\u00e9ny fajgy\u0171l\u00f6l\u0151 vagyok, akkor joggal h\u00e1borodom fel az es\u00e9lyegyenl\u0151tlens\u00e9g miatt, mert egy gazdagabb t\u00f6bbet zsid\u00f3zhat? De k\u00e9rem! Ezzel a javaslattal legaliz\u00e1lj\u00e1k a fajgy\u0171l\u00f6letet! H\u00e1t hol \u00e9l\u00fcnk?!<\/p>\n<p>S ezek ut\u00e1n a Parlamentben egy besz\u00e9d v\u00e9gezt\u00e9vel a felsz\u00f3lal\u00f3 mag\u00e1hoz inti a teremszolg\u00e1t: F\u0151\u00far! Fizetek! Volt kett\u0151 zsid\u00f3z\u00e1som, egy cig\u00e1nyoz\u00e1s, meg h\u00e1rom any\u00e1z\u00e1s! Mennyi lesz? \u00c1F\u00c1-s sz\u00e1ml\u00e1t k\u00e9rek, mert le\u00edrom az ad\u00f3b\u00f3l. \u00c9s a Magyar Parlamentben tal\u00e1lhat\u00f3 egyetlen \u00fariember szolg\u00e1latk\u00e9szem ki\u00e1ll\u00edtja a sz\u00e1ml\u00e1t\u2026<\/p>\n<p>\u00d6rd\u00f6g L\u00e1szl\u00f3<br \/>\npinc\u00e9r<\/p>\n","protected":false},"excerpt":{"rendered":"<p>N\u00e9zem a parlamenti k\u00f6zvet\u00edt\u00e9seket, a megv\u00e1lasztott k\u00e9pvisel\u0151ket, hallgatom a besz\u00e9deket. A t\u00e1rsas\u00e1g meglehet\u0151sen vegyes, sz\u00f6vets\u00e9gek, frakci\u00f3k, \u00e9rdekcsoportok, halk, \u00e9s nagyhang\u00fa, illedelmes, \u00e9s karcos besz\u00e9dek. M\u00e9gis, van a Parlamentben egy \u00far, akire tisztelettel n\u00e9zek, eleg\u00e1ns, csendes, az illemet, el\u0151z\u00e9kenys\u00e9get mindenkin\u00e9l jobban ismeri. \u0150 az egyetlen, akit\u0151l mindenki tanulhatna, a val\u00f3di \u00fariember: \u0151 az, aki a felsz\u00f3lal\u00f3knak ad egy poh\u00e1r vizet. Feladatk\u00f6re b\u0151v\u00fclni fog, el\u0151l\u00e9ptetik fizet\u0151 f\u0151pinc\u00e9rr\u00e9, \u0151 lesz a f\u0151\u00far. <a href=\"https:\/\/www.mszporoszlany.hu\/?p=1780\">Egy kattint\u00e1s ide a folytat\u00e1shoz&#8230;. <span class=\"meta-nav\">&rarr;<\/span><\/a><\/p>\n","protected":false},"author":35,"featured_media":0,"comment_status":"open","ping_status":"closed","sticky":false,"template":"","format":"standard","meta":{"footnotes":""},"categories":[196],"tags":[1122,1114,1120,1117,1118,1119,1121,1115,435,1116],"class_list":["post-1780","post","type-post","status-publish","format-standard","hentry","category-magyarorszag","tag-cinkossag","tag-kettos-allampolgarsag","tag-kiirtandok","tag-kormanyzati-valasz","tag-lagymatag","tag-masodrendu-allampolgar","tag-meszarosok","tag-nemzetbiztonsagi-kockazat","tag-parlament","tag-tisztelt-haz"],"_links":{"self":[{"href":"https:\/\/www.mszporoszlany.hu\/index.php?rest_route=\/wp\/v2\/posts\/1780","targetHints":{"allow":["GET"]}}],"collection":[{"href":"https:\/\/www.mszporoszlany.hu\/index.php?rest_route=\/wp\/v2\/posts"}],"about":[{"href":"https:\/\/www.mszporoszlany.hu\/index.php?rest_route=\/wp\/v2\/types\/post"}],"author":[{"embeddable":true,"href":"https:\/\/www.mszporoszlany.hu\/index.php?rest_route=\/wp\/v2\/users\/35"}],"replies":[{"embeddable":true,"href":"https:\/\/www.mszporoszlany.hu\/index.php?rest_route=%2Fwp%2Fv2%2Fcomments&post=1780"}],"version-history":[{"count":0,"href":"https:\/\/www.mszporoszlany.hu\/index.php?rest_route=\/wp\/v2\/posts\/1780\/revisions"}],"wp:attachment":[{"href":"https:\/\/www.mszporoszlany.hu\/index.php?rest_route=%2Fwp%2Fv2%2Fmedia&parent=1780"}],"wp:term":[{"taxonomy":"category","embeddable":true,"href":"https:\/\/www.mszporoszlany.hu\/index.php?rest_route=%2Fwp%2Fv2%2Fcategories&post=1780"},{"taxonomy":"post_tag","embeddable":true,"href":"https:\/\/www.mszporoszlany.hu\/index.php?rest_route=%2Fwp%2Fv2%2Ftags&post=1780"}],"curies":[{"name":"wp","href":"https:\/\/api.w.org\/{rel}","templated":true}]}}