{"id":1784,"date":"2012-12-04T10:25:26","date_gmt":"2012-12-04T09:25:26","guid":{"rendered":"http:\/\/www.mszporoszlany.hu\/?p=1784"},"modified":"2012-12-04T10:25:56","modified_gmt":"2012-12-04T09:25:56","slug":"bajnai-gordon-oroszlanyban","status":"publish","type":"post","link":"https:\/\/www.mszporoszlany.hu\/?p=1784","title":{"rendered":"Bajnai Gordon Oroszl\u00e1nyban"},"content":{"rendered":"<p><img loading=\"lazy\" decoding=\"async\" class=\"alignleft size-full wp-image-1700\" title=\"Bajnai\" src=\"https:\/\/www.mszporoszlany.hu\/wp-content\/uploads\/2012\/11\/Bajnai.png\" alt=\"\" width=\"180\" height=\"240\" \/>Akiket a Jobbik propagand\u00e1ja elb\u00f3d\u00edt, azok saj\u00e1t neh\u00e9zs\u00e9geikre m\u00e1sban tal\u00e1lj\u00e1k meg a hib\u00e1t, ezt minden politikusnak fegyelmezetten tudom\u00e1sul kell vennie &#8211; mondta Bajnai Gordon volt korm\u00e1nyf\u0151 oroszl\u00e1nyi sajt\u00f3t\u00e1j\u00e9koztat\u00f3j\u00e1n, arra reag\u00e1lva, hogy pap\u00edrb\u00f3l kiv\u00e1gott lib\u00e1kkal \u00e9s akaszt\u00f3f\u00e1val v\u00e1rta mintegy k\u00e9ttucatnyi Jobbik-tag \u00e9s -szimpatiz\u00e1ns a lakoss\u00e1gi f\u00f3rum\u00e1nak helyet ad\u00f3 \u00e9p\u00fclet el\u0151tt \u2013 olvashat\u00f3 az MTI \u00e1ltal kiadott anyagban.<\/p>\n<p>&#8222;A Jobbikot leleplezte az a besz\u00e9d, amely m\u00falt h\u00e9ten a Parlamentben elhangzott. A Jobbik vezet\u0151i, k\u00e9pvisel\u0151i n\u00e1ci ideol\u00f3gi\u00e1t k\u00e9pviselnek. Szavaz\u00f3ikra, aktivist\u00e1ikra ez egy\u00e1ltal\u00e1n nem biztos, hogy igaz. Sokukat a v\u00e1ls\u00e1g kil\u00e1t\u00e1stalans\u00e1ga kergette a Jobbik m\u00f6g\u00e9. A n\u00e1cizmust\u00f3l vil\u00e1gosan el kell hat\u00e1rol\u00f3dni, \u00e9s j\u00f3 korm\u00e1nyz\u00e1ssal megold\u00e1sokat kell tal\u00e1lni a v\u00e1ls\u00e1g probl\u00e9m\u00e1ira&#8221; &#8211; tette hozz\u00e1 Bajnai Gordon.<\/p>\n<p><!--more--><\/p>\n<p>A volt minisztereln\u00f6k a sajt\u00f3t\u00e1j\u00e9koztat\u00f3 r\u00e9sztvev\u0151it\u0151l \u00e9rtes\u00fclt arr\u00f3l, hogy Orb\u00e1n Viktor a parlament plen\u00e1ris \u00fcl\u00e9s\u00e9n elhat\u00e1rol\u00f3dott a Jobbikt\u00f3l. &#8222;Helyesnek tartom, ha Magyarorsz\u00e1g minisztereln\u00f6ke folyamatosan egy\u00e9rtelm\u0171v\u00e9 teszi az \u00e1ll\u00e1spontj\u00e1t, hogy nincs semmi k\u00f6z\u00f6sk\u00f6d\u00e9s a n\u00e1cikkal&#8221; &#8211; mondta a h\u00edrre reag\u00e1lva.<\/p>\n<p>Az MSZP-re vonatkoz\u00f3 \u00fajs\u00e1g\u00edr\u00f3i k\u00e9rd\u00e9sre elmondta: az Egy\u00fctt 2014 szervezetei a napokban \u00edr\u00e1sban v\u00e1laszolnak az MSZP kezdem\u00e9nyez\u00e9s\u00e9re, \u00e9s lesz\u00f6gezik, hogy \u00f6sszefog\u00e1sban l\u00e1tj\u00e1k a kiutat, valamint v\u00e1zolj\u00e1k az ahhoz vezet\u0151 utat.<\/p>\n<p>Bajnai Gordon \u00e1ltal\u00e1ban v\u00e9ve helyesnek nevezte az \u00f6nkorm\u00e1nyzatok ad\u00f3ss\u00e1g\u00e1nak \u00e1llami \u00e1tv\u00e1llal\u00e1s\u00e1t. Megjegyezte, &#8222;most olyan helyzet van, hogy neh\u00e9z nem k\u00f6nny\u00edteni az \u00f6nkorm\u00e1nyzatok terhein, de fontos lenne, hogy ez igazs\u00e1gosan t\u00f6rt\u00e9njen&#8221;.<\/p>\n<p>\u00dagy v\u00e9lte, minden telep\u00fcl\u00e9svezet\u0151nek saj\u00e1t k\u00f6rnyezet\u00e9ben kell elsz\u00e1molni azzal, hogy mire vette fel a hitelt. R\u00e1mutatott, hogy a hitelek kamata a j\u00f6v\u0151 \u00e9vi k\u00f6lts\u00e9gvet\u00e9st terheli, ami mindenk\u00e9ppen takar\u00e9kosabb gazd\u00e1lkod\u00e1st k\u00f6vetel az \u00e1llamt\u00f3l.<\/p>\n<p>A politikus eml\u00e9keztetett arra, hogy \u00f6nkorm\u00e1nyzati miniszterk\u00e9nt az akkori p\u00e9nz\u00fcgyminiszterrel k\u00f6z\u00f6sen ny\u00fajtottak be egy t\u00f6rv\u00e9nyjavaslatot, amely v\u00e9get vethetett volna az \u00f6nkorm\u00e1nyzatok elad\u00f3sod\u00e1s\u00e1nak, azonban a javaslat &#8222;a Fidesz szavazatainak elmarad\u00e1sa miatt&#8221; nem kapott k\u00e9tharmados t\u00f6bbs\u00e9get.<\/p>\n<p>Forr\u00e1s: MTI<\/p>\n","protected":false},"excerpt":{"rendered":"<p>Akiket a Jobbik propagand\u00e1ja elb\u00f3d\u00edt, azok saj\u00e1t neh\u00e9zs\u00e9geikre m\u00e1sban tal\u00e1lj\u00e1k meg a hib\u00e1t, ezt minden politikusnak fegyelmezetten tudom\u00e1sul kell vennie &#8211; mondta Bajnai Gordon volt korm\u00e1nyf\u0151 oroszl\u00e1nyi sajt\u00f3t\u00e1j\u00e9koztat\u00f3j\u00e1n, arra reag\u00e1lva, hogy pap\u00edrb\u00f3l kiv\u00e1gott lib\u00e1kkal \u00e9s akaszt\u00f3f\u00e1val v\u00e1rta mintegy k\u00e9ttucatnyi Jobbik-tag \u00e9s -szimpatiz\u00e1ns a lakoss\u00e1gi f\u00f3rum\u00e1nak helyet ad\u00f3 \u00e9p\u00fclet el\u0151tt \u2013 olvashat\u00f3 az MTI \u00e1ltal kiadott anyagban. <a href=\"https:\/\/www.mszporoszlany.hu\/?p=1784\">Egy kattint\u00e1s ide a folytat\u00e1shoz&#8230;. <span class=\"meta-nav\">&rarr;<\/span><\/a><\/p>\n","protected":false},"author":35,"featured_media":0,"comment_status":"open","ping_status":"closed","sticky":false,"template":"","format":"standard","meta":{"footnotes":""},"categories":[200,195,196,58,194],"tags":[1056,1104,152,1766,1763,240,1123,317,751,435],"class_list":["post-1784","post","type-post","status-publish","format-standard","hentry","category-kisterseg","category-komarom-esztergom-megye","category-magyarorszag","category-mszp","category-oroszlany","tag-bajnai-gordon","tag-egyutt-2014","tag-jobbik","tag-magyarorszag","tag-mszp","tag-mti","tag-naci-ideologia","tag-orban-viktor","tag-osszefogas","tag-parlament"],"_links":{"self":[{"href":"https:\/\/www.mszporoszlany.hu\/index.php?rest_route=\/wp\/v2\/posts\/1784","targetHints":{"allow":["GET"]}}],"collection":[{"href":"https:\/\/www.mszporoszlany.hu\/index.php?rest_route=\/wp\/v2\/posts"}],"about":[{"href":"https:\/\/www.mszporoszlany.hu\/index.php?rest_route=\/wp\/v2\/types\/post"}],"author":[{"embeddable":true,"href":"https:\/\/www.mszporoszlany.hu\/index.php?rest_route=\/wp\/v2\/users\/35"}],"replies":[{"embeddable":true,"href":"https:\/\/www.mszporoszlany.hu\/index.php?rest_route=%2Fwp%2Fv2%2Fcomments&post=1784"}],"version-history":[{"count":0,"href":"https:\/\/www.mszporoszlany.hu\/index.php?rest_route=\/wp\/v2\/posts\/1784\/revisions"}],"wp:attachment":[{"href":"https:\/\/www.mszporoszlany.hu\/index.php?rest_route=%2Fwp%2Fv2%2Fmedia&parent=1784"}],"wp:term":[{"taxonomy":"category","embeddable":true,"href":"https:\/\/www.mszporoszlany.hu\/index.php?rest_route=%2Fwp%2Fv2%2Fcategories&post=1784"},{"taxonomy":"post_tag","embeddable":true,"href":"https:\/\/www.mszporoszlany.hu\/index.php?rest_route=%2Fwp%2Fv2%2Ftags&post=1784"}],"curies":[{"name":"wp","href":"https:\/\/api.w.org\/{rel}","templated":true}]}}