{"id":1792,"date":"2012-12-05T15:29:56","date_gmt":"2012-12-05T14:29:56","guid":{"rendered":"http:\/\/www.mszporoszlany.hu\/?p=1792"},"modified":"2012-12-05T16:30:15","modified_gmt":"2012-12-05T15:30:15","slug":"a-naivitas-kora","status":"publish","type":"post","link":"https:\/\/www.mszporoszlany.hu\/?p=1792","title":{"rendered":"A naivit\u00e1s kora?"},"content":{"rendered":"<p><img loading=\"lazy\" decoding=\"async\" class=\"alignleft size-full wp-image-1835\" title=\"Naivitas\" src=\"https:\/\/www.mszporoszlany.hu\/wp-content\/uploads\/2012\/12\/Naivitas.png\" alt=\"\" width=\"200\" height=\"120\" \/>T\u00f6bben is felh\u00edvt\u00e1k a figyelm\u00fcnket, hogy Tak\u00e1cs K\u00e1roly szak\u00e9rt\u0151, menedzser polg\u00e1rmester megint csacskas\u00e1gokr\u00f3l \u00e9rtekezik nagy nyilv\u00e1noss\u00e1g el\u0151tt, \u00e9s ek\u00f6zben bemos egyet- kett\u0151t az ellenz\u00e9k k\u00e9pvisel\u0151inek \u00e9s t\u00e1mogat\u00f3inak. Teszi mindezt egy \u00e1ltala v\u00e9lt, vagy val\u00f3s ok miatt. T\u00e9ma pedig nem m\u00e1s, mint a nagy forgalmat \u00e9s n\u00e9pv\u00e1ndorl\u00e1sszer\u0171 turizmust megmozgat\u00f3 25 milli\u00f3s beruh\u00e1z\u00e1s kapcs\u00e1n l\u00e9trehozott, Eur\u00f3pa m\u0171veltebb fel\u00e9t is csod\u00e1lkoz\u00e1sra k\u00e9sztet\u0151 min\u0151s\u00e9g\u0171 \u00e9s technol\u00f3gi\u00e1j\u00fa k\u00f6z\u00fatfejleszt\u00e9s keret\u00e9ben megalkotott Majk-V\u00e9rtessoml\u00f3 k\u00f6z\u00f6tti csoda\u00fat.<\/p>\n<p><!--more--><\/p>\n<p>A polg\u00e1rmester az \u00e1tad\u00e1s-\u00e1tv\u00e9tel \u00f3ta \u2013mint kider\u00fclt\u2013 el\u0151sz\u00f6r t\u00e9vedt a vil\u00e1gnak erre a r\u00e9sz\u00e9re, aminek oka egy t\u00e9rs\u00e9gi rendezv\u00e9ny volt. \u00cdgy d\u00f6bbenettel tapasztalta, amit rajta \u00e9s k\u00e9pvisel\u0151-asszonyon k\u00edv\u00fcl szinte mindenki tudott m\u00e1r (mi is <a title=\"25 milli\u00f3 az ablakban cikk megnyit\u00e1sa\" href=\"\/?p=1541\" target=\"_blank\">\u00edrtunk<\/a> r\u00f3la egy h\u00f3nappal ezel\u0151tt), hogy a cs\u00facstechnol\u00f3gi\u00e1val bizony vannak gondok rendesen. De a szak\u00e9rt\u0151 &#8222;szemek&#8221; \u00e9s &#8222;tudat&#8221; m\u00e1st l\u00e1tott, mint ami a val\u00f3s\u00e1g. Pontosabban fogalmazva a t\u00e9nyleges t\u00f6rt\u00e9n\u00e9sek sorozat\u00e1val nincs tiszt\u00e1ban a mindenben oly pontos \u00e9s prec\u00edz menedzser.<\/p>\n<p>1. Az \u00fat melletti r\u00f6nk\u00f6k \u00e9s &#8222;\u00f6sszek\u00f6t\u00e9sek&#8221; nem napjaink term\u00e9kei. Ugyanis azok j\u00f3val kor\u00e1bban ker\u00fcltek az \u00fat sz\u00e9l\u00e9re. Az ok pedig roppant egyszer\u0171! TELEKHAT\u00c1R! Ha a komoly szakk\u00e9pzetts\u00e9ggel \u00e9s hozz\u00e1\u00e9rt\u00e9ssel rendelkez\u0151 polg\u00e1rmester csak annyit tett volna a beruh\u00e1z\u00e1s megkezd\u00e9se el\u0151tt, hogy egyeztet a tulajdonosokkal \u2013de nem er\u0151b\u0151l, hanem am\u00fagy konstrukt\u00edv m\u00f3don\u2013, akkor sz\u00e1m\u00e1ra is kider\u00fclt volna, hogy bizony vannak fenntart\u00e1saik a fejleszt\u00e9ssel kapcsolatosan. \u00cdgy kider\u00fclt volna, hogy a sz\u00e1rnyal\u00f3 g\u00e9niuszi \u00f6tletk\u00e9nt megfogalmazott &#8222;\u2026 majd elf\u00e9rnek egym\u00e1s mellett!&#8221; \u2013 megold\u00e1s csak azoknak nem tetszett, akik tulajdonosk\u00e9nt birtokolt\u00e1k az \u00e9ppen &#8222;kis\u00e1llamos\u00edt\u00e1sra&#8221; sz\u00e1nt ter\u00fcleteket. Lehet, hogy 3000 milli\u00e1rdot gond n\u00e9lk\u00fcl el lehet tapsikolni! Lehet, hogy \u00e9vi 500 milli\u00f3s vagyongyarapod\u00e1st hazug m\u00f3don ki lehet ki\u00e1ltani az \u00e9vsz\u00e1zad lop\u00e1s\u00e1nak! De a mag\u00e1ntulajdon m\u00e9g egyel\u0151re \u00fagy l\u00e1tszik, szent! Legal\u00e1bb is a telep\u00fcl\u00e9si \u00e9s megyei szint\u0171 \u00e1llamos\u00edt\u00f3k ellen\u00e9re!<\/p>\n<p>2. Az \u00fat min\u0151s\u00e9g\u00e9vel \u2013az \u00e1tad\u00e1s ut\u00e1n\u2013 cirka k\u00e9t-h\u00e1rom h\u00f3nap m\u00falva is \u00f3ri\u00e1si gondok voltak. Erre mi is <a title=\"25 milli\u00f3 az ablakban cikk megnyit\u00e1sa\" href=\"\/?p=1541\" target=\"_blank\">felh\u00edvtuk<\/a> a figyelmet. Mivel pontosan tudjuk, hogy a jelenlegi hatalom folyamatosan olvassa oldalainkat, meglep\u0151, hogy a szak\u00e9rt\u0151 menedzser sz\u00e1m\u00e1ra ez \u00fajdons\u00e1g. A folyamatos roml\u00e1ssal kapcsolatosan csak az nem vil\u00e1gos, hogy az \u00fat k\u00e9sz\u00edt\u00e9si munk\u00e1lataival, vagy a csodaanyag m\u0171szaki param\u00e9tereivel volt-e esetleg probl\u00e9ma? Vagy lehets\u00e9ges, hogy egy roppant fontos feladat, a megval\u00f3s\u00edthat\u00f3s\u00e1gi \u00e9s m\u0171szaki tanulm\u00e1ny nem h\u00edvta fel a figyelmet az \u00fczemeltet\u00e9skor jelentkez\u0151 probl\u00e9m\u00e1kra? Esetleg a k\u00f6r\u00fclm\u00e9nyek felt\u00e9rk\u00e9pez\u00e9se sor\u00e1n cs\u00faszott hiba a sz\u00e1m\u00edt\u00f3g\u00e9pbe? Mindenesetre az \u00fat m\u00e1r okt\u00f3berben sil\u00e1ny \u00e1llapotban volt, \u00e9s ezt <a title=\"25 milli\u00f3 az ablakban cikk fot\u00f3albuma\" href=\"\/?page_id=1821\" target=\"_blank\">fot\u00f3k<\/a> bizony\u00edtj\u00e1k!<\/p>\n<p>3. K\u00f6ztudott, hogy vagyon szempontj\u00e1b\u00f3l van a k\u00f6z- \u00e9s mag\u00e1nvagyon. Mind a kett\u0151nek vannak tulajdonosai \u00e9s kezel\u0151i. A k\u00f6zvagyon eset\u00e9ben vagy az \u00e1llam, vagy valamelyik \u00f6nkorm\u00e1nyzat a tulajdonos \u00e9s ennek megfelel\u0151en a kezel\u0151 is. Mivel az \u00e9rintett \u00fat k\u00f6zvagyon, pontosan ismert annak tulajdonosa \u00e9s \u00edgy kezel\u0151je is. \u00cdgy nehezen \u00e9rtelmezhet\u0151 egy \u00f6nkorm\u00e1nyzat els\u0151 sz\u00e1m\u00fa szak\u00e9rt\u0151 vezet\u0151j\u00e9nek sz\u00e1j\u00e1b\u00f3l az olyan kijelent\u00e9s, amely \u00e9rtelm\u00e9ben k\u00f6zvagyonnal kapcsolatosan egy mag\u00e1nszem\u00e9ly, vagy mag\u00e1nszem\u00e9lyek csoportja int\u00e9zkedjen, azaz tegyen feljelent\u00e9st. Feljelent\u00e9s ter\u00e9n pedig el\u00e9g gyakorlott m\u00e1r a polg\u00e1rmester. (Igaz, kev\u00e9s sikerrel veszi ezen a t\u00e9ren is az akad\u00e1lyokat!) Sz\u00f3val, kedves Tak\u00e1cs polg\u00e1rmester! \u2013 itt az id\u0151 egy \u00fajabb ismeretlen tettes ellen ir\u00e1nyul\u00f3 feljelent\u00e9s megind\u00edt\u00e1s\u00e1nak!<\/p>\n<p>4. Nem pontosan tudjuk, hogy az adott \u00fatszakaszt ki vagy mi haszn\u00e1lja (mivel mi sem rendelkez\u00fcnk forgalomsz\u00e1ml\u00e1l\u00e1si adatokkal), de mivel erd\u0151ben van, \u00e9s az erd\u0151ben szok\u00e1s erd\u0151gazd\u00e1lkod\u00e1si m\u0171veleteket v\u00e9gezni, nem lehets\u00e9ges, hogy a l\u00e1nctalpak esetleg egy ilyen gazd\u00e1lkod\u00e1si tev\u00e9kenys\u00e9ghez kapcsol\u00f3dhatnak? Nem lehets\u00e9ges, hogy a kor\u00e1bbi \u00fathaszn\u00e1l\u00f3 (erd\u0151gazd\u00e1lkod\u00e1si szervezet) kimaradt abb\u00f3l az egyeztet\u00e9sb\u0151l, amit a sebt\u00e9ben \u00f6sszehozott \u00fatberuh\u00e1z\u00e1s el\u0151tt \u00e9rdemben le kellett volna folytatni? Lehet, hogy akkor kider\u00fclt volna, hogy bizony itt van ilyen jelleg\u0171 terhel\u00e9s is, amire fel kellett volna k\u00e9sz\u00fclni?<\/p>\n<p>Ak\u00e1rhogy is, egy biztos, hogy bizony ez az \u00fatberuh\u00e1z\u00e1s nem ide\u00e1lis k\u00f6r\u00fclm\u00e9nyek k\u00f6z\u00f6tt val\u00f3sult meg. Az is biztos, hogy Oroszl\u00e1ny v\u00e1ros k\u00e9pvisel\u0151 test\u00fclete a t\u00f6bbi \u00e9rintett \u00f6nkorm\u00e1nyzat ellenv\u00e9lem\u00e9nyeket is megfogalmaz\u00f3 d\u00f6nt\u00e9seinek ellen\u00e9re er\u0151b\u0151l, helyi ad\u00f3forintokb\u00f3l bonyol\u00edtotta le az \u00e9p\u00edt\u00e9st. T\u00e9ny az is, hogy a fejleszt\u00e9ssel \u00e9rintett tulajdonosok hat\u00e1rozott ellenv\u00e9lem\u00e9ny\u00e9t figyelmen k\u00edv\u00fcl hagyva, s\u0151t az egyeztet\u00e9s \u00e9s belegyez\u00e9s l\u00e1tszat\u00e1t keltve \u00e9p\u00fclt. \u00cdgy joggal vet\u0151dik fel a k\u00e9rd\u00e9s, hogy kinek, milyen k\u00f6z\u00f6ss\u00e9gnek az \u00e9rdekeit szolg\u00e1lta az \u00fat elk\u00e9sz\u00edt\u00e9se?<\/p>\n<p>\u00c9s v\u00e9g\u00fcl engedj\u00e9k meg, hogy m\u00e1sik szempontot is felvess\u00fcnk. Az \u00fat min\u0151s\u00e9ge m\u00e1r akkor drasztikusan romlott, amikor semmilyen komolyabb id\u0151j\u00e1r\u00e1si terhel\u00e9s nem jelentkezett. Vagyis nem \u00e1ztatta komoly es\u0151, nem bor\u00edtotta vastagon h\u00f3, \u00e9s nem repesztette er\u0151sebb fagy. Ami viszont a k\u00f6vetkez\u0151 h\u00e1rom h\u00f3napban komolyan ig\u00e9nybe fogja venni ezt a m\u00e1r am\u00fagy is megroggyant \u00fatszakaszt. Nem lehets\u00e9ges, hogy nem t\u00f6rt\u00e9nik m\u00e1s, mint egy felel\u0151ss\u00e9gh\u00e1r\u00edt\u00e1s? Nem fordulhat el\u0151, hogy az eur\u00f3pai csoda\u00fat kicsit komolyabb ig\u00e9nybev\u00e9telekor kider\u00fcl majd, hogy er\u0151s gondok vannak a min\u0151s\u00e9ggel, \u00e9s m\u00e1r most jelezni kell, hogy nem azok a felel\u0151s\u00f6k, akik ezt olyan gyorsan, olyan nagy csinnadratt\u00e1val, 25 milli\u00f3 forintot eltapsolva \u00fcnnepeltett\u00e9k magukat?<\/p>\n<p>Akik olvast\u00e1k kor\u00e1bbi, ezzel kapcsolatos cikk\u00fcnket, azok tudj\u00e1k, hogy az \u00fat nem megfelel\u0151 sz\u00e9less\u00e9ge nemcsak a mag\u00e1ntulajdon megs\u00e9rt\u00e9s\u00e9nek lehet\u0151s\u00e9g\u00e9t, hanem komoly balesetvesz\u00e9lyt is jelent akkor, amikor az \u00fatszakasz k\u00f6zep\u00e9n tal\u00e1lkozik egym\u00e1ssal k\u00e9t g\u00e9pj\u00e1rm\u0171. Ugyanis az egyiknek ak\u00e1r t\u00f6bb sz\u00e1z m\u00e9tert is tolatnia kell, hogy a kialakult helyzet kezelhet\u0151 legyen. Az \u00fatfejleszt\u00e9s sor\u00e1n pedig fontos szempont kellene, hogy legyen egy ilyen k\u00f6zleked\u00e9sbiztons\u00e1gi szempont. De a fejleszt\u00e9s el\u0151k\u00e9sz\u00edt\u00e9se sor\u00e1n ez sem zavart senkit. Pedig nem kell k\u00fcl\u00f6n\u00f6sebb k\u00f6zleked\u00e9si szakembernek lenni ahhoz, hogy kider\u00fclj\u00f6n, egy hagyom\u00e1nyos erdei \u00fat \u00e9s egy burkol\u00f3r\u00e9teggel ell\u00e1tott k\u00f6z\u00fat k\u00f6z\u00f6tt terhel\u00e9s \u00e9s forgalom szempontj\u00e1b\u00f3l \u00f3ri\u00e1si k\u00fcl\u00f6nbs\u00e9g van. Azaz a burkolt \u00faton v\u00e1rhat\u00f3an nagyobb lesz a forgalom, \u00edgy egy ilyen helyzet b\u00e1rmikor kialakulhat.<\/p>\n<p>F\u00e9lre\u00e9rt\u00e9s ne ess\u00e9k! \u2013 ez a kis eszmefuttat\u00e1s nem arr\u00f3l sz\u00f3l, hogy meg kell v\u00e9deni azokat, akik sz\u00e1nd\u00e9kosan k\u00f6zvagyont rong\u00e1lnak (m\u00e9g akkor is, ha a vagyon l\u00e9trej\u00f6tte k\u00f6r\u00fcl vannak tiszt\u00e1zatlan k\u00e9rd\u00e9sek)! Ellenkez\u0151leg! \u2013 akik ilyet tesznek azokkal szemben szigor\u00faan el kell j\u00e1rni! Arr\u00f3l van sz\u00f3, hogy a k\u00f6zvagyont sajnos m\u00e1s, esetleg l\u00e1thatatlan m\u00f3don is s\u00falyosan lehet rong\u00e1lni. P\u00e9ld\u00e1ul egy olyan fejleszt\u00e9s megval\u00f3s\u00edt\u00e1s\u00e1val, amely tervez\u00e9se \u00e9s kivitelez\u00e9se sor\u00e1n, vagy k\u00e9s\u0151bb az \u00fczemeltet\u00e9skor nem tesznek meg mindent az\u00e9rt, hogy a vagyon val\u00f3ban a k\u00f6z \u00e9rdek\u00e9ben hasznosulhasson. Ne feledj\u00fck, hogy ez is k\u00f6zvagyon-rong\u00e1l\u00e1s, csak ez alattomos \u00e9s l\u00e1thatatlan, de att\u00f3l f\u00fcggetlen\u00fcl ugyanolyan s\u00falyos b\u0171n!<\/p>\n","protected":false},"excerpt":{"rendered":"<p>T\u00f6bben is felh\u00edvt\u00e1k a figyelm\u00fcnket, hogy Tak\u00e1cs K\u00e1roly szak\u00e9rt\u0151, menedzser polg\u00e1rmester megint csacskas\u00e1gokr\u00f3l \u00e9rtekezik nagy nyilv\u00e1noss\u00e1g el\u0151tt, \u00e9s ek\u00f6zben bemos egyet- kett\u0151t az ellenz\u00e9k k\u00e9pvisel\u0151inek \u00e9s t\u00e1mogat\u00f3inak. Teszi mindezt egy \u00e1ltala v\u00e9lt, vagy val\u00f3s ok miatt. T\u00e9ma pedig nem m\u00e1s, mint a nagy forgalmat \u00e9s n\u00e9pv\u00e1ndorl\u00e1sszer\u0171 turizmust megmozgat\u00f3 25 milli\u00f3s beruh\u00e1z\u00e1s kapcs\u00e1n l\u00e9trehozott, Eur\u00f3pa m\u0171veltebb fel\u00e9t is csod\u00e1lkoz\u00e1sra k\u00e9sztet\u0151 min\u0151s\u00e9g\u0171 \u00e9s technol\u00f3gi\u00e1j\u00fa k\u00f6z\u00fatfejleszt\u00e9s keret\u00e9ben megalkotott Majk-V\u00e9rtessoml\u00f3 k\u00f6z\u00f6tti csoda\u00fat. <a href=\"https:\/\/www.mszporoszlany.hu\/?p=1792\">Egy kattint\u00e1s ide a folytat\u00e1shoz&#8230;. <span class=\"meta-nav\">&rarr;<\/span><\/a><\/p>\n","protected":false},"author":35,"featured_media":0,"comment_status":"open","ping_status":"closed","sticky":false,"template":"","format":"standard","meta":{"footnotes":""},"categories":[200,194],"tags":[891,1130,1133,1129,1134,1127,1126,1125,1124,1132,70,1131,121,9,894,1128],"class_list":["post-1792","post","type-post","status-publish","format-standard","hentry","category-kisterseg","category-oroszlany","tag-25-millio-ft","tag-allapotromlas","tag-csodaut","tag-feljelentes","tag-kozlekedes-biztonsag","tag-koztulajdon","tag-magantulajdon","tag-majk-vertessomlo","tag-menedzser","tag-minoseg","tag-polgarmester","tag-silany","tag-szakerto","tag-takacs-karoly","tag-telekhatar","tag-vagyonkezelo"],"_links":{"self":[{"href":"https:\/\/www.mszporoszlany.hu\/index.php?rest_route=\/wp\/v2\/posts\/1792","targetHints":{"allow":["GET"]}}],"collection":[{"href":"https:\/\/www.mszporoszlany.hu\/index.php?rest_route=\/wp\/v2\/posts"}],"about":[{"href":"https:\/\/www.mszporoszlany.hu\/index.php?rest_route=\/wp\/v2\/types\/post"}],"author":[{"embeddable":true,"href":"https:\/\/www.mszporoszlany.hu\/index.php?rest_route=\/wp\/v2\/users\/35"}],"replies":[{"embeddable":true,"href":"https:\/\/www.mszporoszlany.hu\/index.php?rest_route=%2Fwp%2Fv2%2Fcomments&post=1792"}],"version-history":[{"count":0,"href":"https:\/\/www.mszporoszlany.hu\/index.php?rest_route=\/wp\/v2\/posts\/1792\/revisions"}],"wp:attachment":[{"href":"https:\/\/www.mszporoszlany.hu\/index.php?rest_route=%2Fwp%2Fv2%2Fmedia&parent=1792"}],"wp:term":[{"taxonomy":"category","embeddable":true,"href":"https:\/\/www.mszporoszlany.hu\/index.php?rest_route=%2Fwp%2Fv2%2Fcategories&post=1792"},{"taxonomy":"post_tag","embeddable":true,"href":"https:\/\/www.mszporoszlany.hu\/index.php?rest_route=%2Fwp%2Fv2%2Ftags&post=1792"}],"curies":[{"name":"wp","href":"https:\/\/api.w.org\/{rel}","templated":true}]}}