{"id":1840,"date":"2012-12-06T21:03:07","date_gmt":"2012-12-06T20:03:07","guid":{"rendered":"http:\/\/www.mszporoszlany.hu\/?p=1840"},"modified":"2012-12-06T21:03:07","modified_gmt":"2012-12-06T20:03:07","slug":"videoajanlat","status":"publish","type":"post","link":"https:\/\/www.mszporoszlany.hu\/?p=1840","title":{"rendered":"Vide\u00f3aj\u00e1nlat"},"content":{"rendered":"<p><img loading=\"lazy\" decoding=\"async\" class=\"alignleft size-full wp-image-1841\" title=\"HerczogEdit\" src=\"https:\/\/www.mszporoszlany.hu\/wp-content\/uploads\/2012\/12\/HerczogEdit.jpg\" alt=\"\" width=\"200\" height=\"120\" \/>Herczog Edit (az MSZP eur\u00f3pai uni\u00f3s k\u00e9pvisel\u0151je) j\u00f3volt\u00e1b\u00f3l vide\u00f3interj\u00faban t\u00e1j\u00e9koz\u00f3dhatnak az \u00e9rdekl\u0151d\u00f6k arr\u00f3l, hogy milyen haz\u00e1nk meg\u00edt\u00e9l\u00e9se az uni\u00f3n bel\u00fcl. Mint az egy\u00e9b forr\u00e1sokb\u00f3l is tudhat\u00f3, haz\u00e1nk sajnos egyre rosszabb helyzetbe ker\u00fcl az uni\u00f3n bel\u00fcl. A korm\u00e1ny forradalmi hev\u00fclet\u00e9nek k\u00f6vetkezt\u00e9ben folyamatos a roml\u00e1s. Az interj\u00fab\u00f3l azonban arr\u00f3l is t\u00e1j\u00e9koz\u00f3dhatunk, hogy mik\u00e9nt \u00e1ll\u00edthatn\u00e1nk helyre haz\u00e1nk uni\u00f3s kor\u00e1bbi pozit\u00edv meg\u00edt\u00e9lts\u00e9g\u00e9t.<\/p>\n<p>A vide\u00f3 itt <a title=\"Vide\u00f3t\u00e1r megnyit\u00e1sa...\" href=\"\/?page_id=787\" target=\"_blank\">tekinthet\u0151 meg<\/a>\u2026<\/p>\n","protected":false},"excerpt":{"rendered":"<p>Herczog Edit (az MSZP eur\u00f3pai uni\u00f3s k\u00e9pvisel\u0151je) j\u00f3volt\u00e1b\u00f3l vide\u00f3interj\u00faban t\u00e1j\u00e9koz\u00f3dhatnak az \u00e9rdekl\u0151d\u00f6k arr\u00f3l, hogy milyen haz\u00e1nk meg\u00edt\u00e9l\u00e9se az uni\u00f3n bel\u00fcl. Mint az egy\u00e9b forr\u00e1sokb\u00f3l is tudhat\u00f3, haz\u00e1nk sajnos egyre rosszabb helyzetbe ker\u00fcl az uni\u00f3n bel\u00fcl. A korm\u00e1ny forradalmi hev\u00fclet\u00e9nek k\u00f6vetkezt\u00e9ben &hellip; <a href=\"https:\/\/www.mszporoszlany.hu\/?p=1840\">Egy kattint\u00e1s ide a folytat\u00e1shoz&#8230;. <span class=\"meta-nav\">&rarr;<\/span><\/a><\/p>\n","protected":false},"author":35,"featured_media":0,"comment_status":"open","ping_status":"closed","sticky":false,"template":"","format":"standard","meta":{"footnotes":""},"categories":[696],"tags":[698,334,697],"class_list":["post-1840","post","type-post","status-publish","format-standard","hentry","category-eu-parlament","tag-eu-parlament-2","tag-europai-unio","tag-herczog-edit"],"_links":{"self":[{"href":"https:\/\/www.mszporoszlany.hu\/index.php?rest_route=\/wp\/v2\/posts\/1840","targetHints":{"allow":["GET"]}}],"collection":[{"href":"https:\/\/www.mszporoszlany.hu\/index.php?rest_route=\/wp\/v2\/posts"}],"about":[{"href":"https:\/\/www.mszporoszlany.hu\/index.php?rest_route=\/wp\/v2\/types\/post"}],"author":[{"embeddable":true,"href":"https:\/\/www.mszporoszlany.hu\/index.php?rest_route=\/wp\/v2\/users\/35"}],"replies":[{"embeddable":true,"href":"https:\/\/www.mszporoszlany.hu\/index.php?rest_route=%2Fwp%2Fv2%2Fcomments&post=1840"}],"version-history":[{"count":0,"href":"https:\/\/www.mszporoszlany.hu\/index.php?rest_route=\/wp\/v2\/posts\/1840\/revisions"}],"wp:attachment":[{"href":"https:\/\/www.mszporoszlany.hu\/index.php?rest_route=%2Fwp%2Fv2%2Fmedia&parent=1840"}],"wp:term":[{"taxonomy":"category","embeddable":true,"href":"https:\/\/www.mszporoszlany.hu\/index.php?rest_route=%2Fwp%2Fv2%2Fcategories&post=1840"},{"taxonomy":"post_tag","embeddable":true,"href":"https:\/\/www.mszporoszlany.hu\/index.php?rest_route=%2Fwp%2Fv2%2Ftags&post=1840"}],"curies":[{"name":"wp","href":"https:\/\/api.w.org\/{rel}","templated":true}]}}