{"id":1844,"date":"2012-12-06T21:30:38","date_gmt":"2012-12-06T20:30:38","guid":{"rendered":"http:\/\/www.mszporoszlany.hu\/?p=1844"},"modified":"2012-12-06T21:30:38","modified_gmt":"2012-12-06T20:30:38","slug":"kiss-tortenet","status":"publish","type":"post","link":"https:\/\/www.mszporoszlany.hu\/?p=1844","title":{"rendered":"Kis(s) t\u00f6rt\u00e9net"},"content":{"rendered":"<p><img loading=\"lazy\" decoding=\"async\" class=\"alignleft size-full wp-image-1845\" title=\"Regisztracio\" src=\"https:\/\/www.mszporoszlany.hu\/wp-content\/uploads\/2012\/12\/Regisztracio.jpg\" alt=\"\" width=\"200\" height=\"120\" \/>A korm\u00e1ny megv\u00e1ltoztatta a tavaly m\u00e9g sziklaszil\u00e1rds\u00e1g\u00fanak titul\u00e1lt, k\u00e9t h\u00f3nap alatt \u00f6sszelap\u00e1tolt alapt\u00f6rv\u00e9nyt. A v\u00e1ltoz\u00e1s oka a v\u00e1laszt\u00e1si regisztr\u00e1ci\u00f3 bevezet\u00e9se. Sokan azt se tudj\u00e1k, hogy mi az a v\u00e1laszt\u00e1si regisztr\u00e1ci\u00f3, mivel a Fidesz uralta k\u00f6zm\u00e9dia nem veri nagydobra azokat a d\u00f6nt\u00e9seket, amelyekkel a saj\u00e1t hatalmukat akarj\u00e1k megszil\u00e1rd\u00edtani. Szeretn\u00e9k megosztani az olvas\u00f3val egy esetleges j\u00f6v\u0151ben lej\u00e1tsz\u00f3d\u00f3 t\u00f6rt\u00e9netet:<\/p>\n<p><!--more--><\/p>\n<p style=\"padding-left: 30px;\"><em>Egy \u00e1tlagpolg\u00e1r, akit nevezz\u00fcnk Kissnek, 2010 \u00f3ta nagyot csal\u00f3dott a politik\u00e1ban \u00e9s nem k\u00f6vette nyomon az esem\u00e9nyek alakul\u00e1s\u00e1t. 2014-ben \u00fagy d\u00f6nt, hogy elmegy szavazni, mert 2013 novembere \u00f3ta megszaporodtak a k\u00fcl\u00f6nad\u00f3k, a benzin 500 Ft felett j\u00e1r, megn\u0151ttek a rezsi k\u00f6lts\u00e9gek. Matolcsi Gy\u00f6rgy jegybankeln\u00f6k a korm\u00e1ny rendelkez\u00e9s\u00e9re bocs\u00e1totta az orsz\u00e1g devizatartal\u00e9k\u00e1t, amire sok bank kivonult az orsz\u00e1gb\u00f3l. Az OTP monopol helyzete r\u00e9v\u00e9n magas kamatokkal adott k\u00f6lcs\u00f6nt \u00e9s az id\u0151k\u00f6zben megemelt p\u00e9nzforgalmi ad\u00f3t tov\u00e1bbterhelte az emberekre. \u00dagy d\u00f6nt, hogy a Fidesz korm\u00e1ny ellen szavaz, neki ebb\u0151l elege van! N\u00e9gy \u00e9vig cs\u00f6ndben volt, de most elmegy \u00e9s hallatja a hangj\u00e1t! Szomsz\u00e9dja mes\u00e9lte neki tavaly \u0151sszel, hogy \u0151 biztos megy szavazni, mert beregisztr\u00e1lt. Kiss ugyan nem tudta mir\u0151l besz\u00e9l, de foglalkozzon a politik\u00e1val, aki akar, neki nincs r\u00e1 ideje. El is indult a v\u00e1laszt\u00e1s napj\u00e1n a v\u00e1laszt\u00f3k\u00f6rzet\u00e9be. Nem kapott levelet a v\u00e1laszt\u00e1sr\u00f3l, kicsit furcs\u00e1llta is, de azt gondolta legal\u00e1bb erre nem verik el a p\u00e9nzt.<\/em><\/p>\n<p style=\"padding-left: 30px;\"><em>Meg\u00e9rkezett a szavaz\u00f3k\u00f6rbe \u00e9s el\u0151k\u00e9sz\u00edtette az okm\u00e1nyait, ahogyan azt tette sok-sok \u00e9ven \u00e1t. Sorra ker\u00fclt a bizotts\u00e1g el\u0151tt \u00e9s k\u00f6z\u00f6lt\u00e9k vele, hogy nem szerepel a v\u00e1laszt\u00e1sra jogosultak jegyz\u00e9k\u00e9ben. Nem \u00e9rtette, hiszen nem k\u00f6lt\u00f6z\u00f6tt el, egy adata sem v\u00e1ltozott meg. A bizotts\u00e1g megk\u00e9rdezte t\u0151le: Volt-e regisztr\u00e1lni? Nem volt, nem volt ideje r\u00e1, dolgozni j\u00e1rt, \u00e9s k\u00fcl\u00f6nben sem \u00e9rtette, hogy mir\u0151l van sz\u00f3. Meg\u00e9rtette v\u00e9g\u00fcl, hogy \u0151 ebb\u0151l most kimaradt. A szomsz\u00e9dja nem maradt ki, \u0151 leadta voks\u00e1t. A v\u00e1laszt\u00e1s ut\u00e1n p\u00e1r h\u00e9ttel folytat\u00f3dtak az ad\u00f3emel\u00e9sek, a megszor\u00edt\u00e1sok, \u00edgy egyre nehezebben ment Kissnek \u00e9s csal\u00e1dj\u00e1nak a sora. Viszont gazdagabb is lett, egy tapasztalattal. Ha nem szeretn\u00e9, hogy 2018-ban is folytat\u00f3djon ez az eg\u00e9sz, akkor el kell mennie regisztr\u00e1lni a v\u00e1laszt\u00e1sokra, ha lesznek m\u00e9g egy\u00e1ltal\u00e1n!<\/em><\/p>\n<p>Ha \u00d6n, kedves olvas\u00f3 nem szeretn\u00e9, hogy ez a t\u00f6rt\u00e9net \u00d6nnel megt\u00f6rt\u00e9njen, akkor els\u0151 sorban k\u00e9t dolga van!<\/p>\n<ol>\n<li><strong>T\u00c1J\u00c9KOZ\u00d3DNI<\/strong><\/li>\n<li><strong>REGISZTR\u00c1LNI!<\/strong><\/li>\n<\/ol>\n","protected":false},"excerpt":{"rendered":"<p>A korm\u00e1ny megv\u00e1ltoztatta a tavaly m\u00e9g sziklaszil\u00e1rds\u00e1g\u00fanak titul\u00e1lt, k\u00e9t h\u00f3nap alatt \u00f6sszelap\u00e1tolt alapt\u00f6rv\u00e9nyt. A v\u00e1ltoz\u00e1s oka a v\u00e1laszt\u00e1si regisztr\u00e1ci\u00f3 bevezet\u00e9se. Sokan azt se tudj\u00e1k, hogy mi az a v\u00e1laszt\u00e1si regisztr\u00e1ci\u00f3, mivel a Fidesz uralta k\u00f6zm\u00e9dia nem veri nagydobra azokat a d\u00f6nt\u00e9seket, amelyekkel a saj\u00e1t hatalmukat akarj\u00e1k megszil\u00e1rd\u00edtani. Szeretn\u00e9k megosztani az olvas\u00f3val egy esetleges j\u00f6v\u0151ben lej\u00e1tsz\u00f3d\u00f3 t\u00f6rt\u00e9netet: <a href=\"https:\/\/www.mszporoszlany.hu\/?p=1844\">Egy kattint\u00e1s ide a folytat\u00e1shoz&#8230;. <span class=\"meta-nav\">&rarr;<\/span><\/a><\/p>\n","protected":false},"author":35,"featured_media":0,"comment_status":"open","ping_status":"closed","sticky":false,"template":"","format":"standard","meta":{"footnotes":""},"categories":[1],"tags":[950,1135,325],"class_list":["post-1844","post","type-post","status-publish","format-standard","hentry","category-egyeb","tag-alaptorveny","tag-regisztracio","tag-valasztas"],"_links":{"self":[{"href":"https:\/\/www.mszporoszlany.hu\/index.php?rest_route=\/wp\/v2\/posts\/1844","targetHints":{"allow":["GET"]}}],"collection":[{"href":"https:\/\/www.mszporoszlany.hu\/index.php?rest_route=\/wp\/v2\/posts"}],"about":[{"href":"https:\/\/www.mszporoszlany.hu\/index.php?rest_route=\/wp\/v2\/types\/post"}],"author":[{"embeddable":true,"href":"https:\/\/www.mszporoszlany.hu\/index.php?rest_route=\/wp\/v2\/users\/35"}],"replies":[{"embeddable":true,"href":"https:\/\/www.mszporoszlany.hu\/index.php?rest_route=%2Fwp%2Fv2%2Fcomments&post=1844"}],"version-history":[{"count":0,"href":"https:\/\/www.mszporoszlany.hu\/index.php?rest_route=\/wp\/v2\/posts\/1844\/revisions"}],"wp:attachment":[{"href":"https:\/\/www.mszporoszlany.hu\/index.php?rest_route=%2Fwp%2Fv2%2Fmedia&parent=1844"}],"wp:term":[{"taxonomy":"category","embeddable":true,"href":"https:\/\/www.mszporoszlany.hu\/index.php?rest_route=%2Fwp%2Fv2%2Fcategories&post=1844"},{"taxonomy":"post_tag","embeddable":true,"href":"https:\/\/www.mszporoszlany.hu\/index.php?rest_route=%2Fwp%2Fv2%2Ftags&post=1844"}],"curies":[{"name":"wp","href":"https:\/\/api.w.org\/{rel}","templated":true}]}}