{"id":1847,"date":"2012-12-07T06:00:01","date_gmt":"2012-12-07T05:00:01","guid":{"rendered":"http:\/\/www.mszporoszlany.hu\/?p=1847"},"modified":"2012-12-06T22:03:30","modified_gmt":"2012-12-06T21:03:30","slug":"bajnai-percrol-percre","status":"publish","type":"post","link":"https:\/\/www.mszporoszlany.hu\/?p=1847","title":{"rendered":"Bajnai percr\u0151l percre"},"content":{"rendered":"<p><img loading=\"lazy\" decoding=\"async\" class=\"alignleft size-full wp-image-1848\" title=\"Bajnai1203\" src=\"https:\/\/www.mszporoszlany.hu\/wp-content\/uploads\/2012\/12\/Bajnai1203.jpg\" alt=\"\" width=\"200\" height=\"120\" \/>B\u00e1r \u00f6t \u00f3r\u00e1ra volt meghirdetve a volt minisztereln\u00f6k, Bajnai Gordon oroszl\u00e1nyi lakoss\u00e1gi f\u00f3ruma december harmadik napj\u00e1n, ennek ellen\u00e9re m\u00e1r h\u00e1rom \u00f3ra ut\u00e1n megkezd\u0151d\u00f6tt az \u00e9let az esem\u00e9nynek helyet biztos\u00edt\u00f3 m\u0171vel\u0151d\u00e9si k\u00f6zpont k\u00f6rny\u00e9k\u00e9n.<\/p>\n<p><!--more--><\/p>\n<p>S\u0151t, m\u00e1r a napot megel\u0151z\u0151en is sz\u00f3r\u00f3lapokon tiltakozott az egyik politikai csoport az illusztris vend\u00e9g l\u00e1togat\u00e1sa ellen, \u00edgy nem csoda, hogy a v\u00e1rosban ritk\u00e1n tapasztalt er\u0151kkel vonult fel a rend\u0151rs\u00e9g. Az egyenruh\u00e1sok mellett civil nyomoz\u00f3k is voltak sz\u00e9p sz\u00e1mban, s \u2013 b\u00e1r l\u00e1thatatlanul \u2013 a k\u00e9szenl\u00e9ti rend\u0151rs\u00e9g egyik egys\u00e9ge is k\u00e9szenl\u00e9tben \u00e1llt az esetleges rendbont\u00e1s megel\u0151z\u00e9s\u00e9re.<\/p>\n<p>A f\u0151t\u00e9ren Jobbik szimpatiz\u00e1nsok gy\u00fclekeztek mintegy m\u00e1sf\u00e9l tucatnyian, a sz\u00e9p sz\u00e1mban jelen l\u00e9v\u0151 telev\u00edzi\u00f3s st\u00e1bok nagy \u00f6r\u00f6m\u00e9re \u2013 legal\u00e1bb volt mit felvenni. N\u00e9gy \u00f3rakor azt\u00e1n felgyorsultak az esem\u00e9nyek: kihangos\u00edtott aut\u00f3j\u00e1val meg\u00e9rkezett a v\u00e1ros egyik legismertebb jobbikos figur\u00e1ja, aki katonai gyakorl\u00f3ruh\u00e1ban, s\u00edmaszkkal a fej\u00e9n, hurokra vetett k\u00f6t\u00e9llel a kez\u00e9ben, \u201enem felejt\u00fcnk\u201d, \u201en\u00e9pny\u00faz\u00f3k\u201d, \u00e9s egy\u00e9b hangzatos sz\u00f3lamokat kiab\u00e1lva, s\u0151t, m\u00e9g egy Pet\u0151fi verset is id\u00e9zve \u00e9rkezett a jobbikos csoporthoz, ahol egy r\u00f6gt\u00f6nz\u00f6tt performanszot is filmezhettek, fot\u00f3zhattak a sajt\u00f3 munkat\u00e1rsai.<\/p>\n<p>F\u00e1b\u00f3l \u00e1csolt stiliz\u00e1lt akaszt\u00f3fa, pap\u00edrb\u00f3l kiv\u00e1gott liba, \u201ePersona non grata\u201d felirat \u00e9s egy Bajnainak sz\u00e1nt, t\u00e1bl\u00e1ra \u00edrt rigmus voltak a d\u00edszletek, kieg\u00e9sz\u00edtve a m\u00e1r eml\u00edtett hurkos k\u00f6t\u00e9llel, s annak gazd\u00e1j\u00e1val, aki addigra \u2013 k\u00e9t nyomoz\u00f3 hangs\u00falyos k\u00e9r\u00e9s\u00e9nek eleget t\u00e9ve \u2013 megszabadult az arc\u00e1t takar\u00f3 s\u00edmaszkt\u00f3l.<\/p>\n<p>Negyed \u00f6t ut\u00e1n p\u00e1r perccel meg\u00e9rkezett a f\u00f3rum vend\u00e9g\u00e9t sz\u00e1ll\u00edt\u00f3 aut\u00f3. Bajnai Gordon nem a h\u00e1ts\u00f3 bej\u00e1raton ment be a m\u0171vel\u0151d\u00e9si k\u00f6zpontba, ragaszkodott ahhoz, hogy a f\u0151bej\u00e1raton \u00e9rkezzen \u00e9s t\u00e1vozzon. S j\u00f3l d\u00f6nt\u00f6tt: egy-k\u00e9t bekiab\u00e1l\u00e1son k\u00edv\u00fcl nem t\u00f6rt\u00e9nt incidens, mint a f\u00f3rumot megel\u0151z\u0151 sajt\u00f3t\u00e1j\u00e9koztat\u00f3n sem, amir\u0151l az MTI tud\u00f3s\u00edt\u00f3ja sz\u00e1molt be.<\/p>\n<p>T\u00f6bben is megpr\u00f3b\u00e1ltak h\u00edvatlanul bejutni a sz\u00ednh\u00e1zterembe, de ezen a napon j\u00f3l m\u0171k\u00f6d\u00f6tt a rendez\u0151k sz\u0171r\u0151je, \u00edgy \u00f6t \u00f3ra ut\u00e1n p\u00e1r perccel nagy taps k\u00eds\u00e9ret\u00e9ben konfer\u00e1lhatta sz\u00ednpadra az est h\u00e1zigazd\u00e1ja, Metzger Gyula Magyarorsz\u00e1g volt minisztereln\u00f6k\u00e9t, Bajnai Gordont.<\/p>\n<p>A politikus el\u0151ad\u00e1s\u00e1ban kiemelte: a Fidesz k\u00e9t\u00e9ves korm\u00e1nyz\u00e1sa k\u00f6vetkezt\u00e9ben az orsz\u00e1g romokban van, amit 2014-ben helyre kell \u00e1ll\u00edtani. A skandin\u00e1v \u00e9s n\u00e9met mint\u00e1t \u00e9rdemes k\u00f6vetni, ahol 15 \u00e9ves t\u00e1vra hat\u00e1rozt\u00e1k meg a politika szerepl\u0151i k\u00f6z\u00f6sen a f\u0151 csap\u00e1sir\u00e1nyt, \u00e9s ett\u0151l nagym\u00e9rt\u00e9kben nem t\u00e9rtek el. Ennek k\u00f6sz\u00f6nhet\u0151, hogy a n\u00e9met gazdas\u00e1g a v\u00e1ls\u00e1g alatt is k\u00e9pes volt n\u00f6vekedni. J\u00f3 lenne, ha Magyarorsz\u00e1gon hasonl\u00f3an lehetne ezt csin\u00e1lni, azonban \u00e9pp a regn\u00e1l\u00f3 p\u00e1rt szak\u00edtott meg minden \u00e9rdemi egyeztet\u00e9st. Megbesz\u00e9l\u00e9seket csak az \u00e1ltala l\u00e9trehozott fantomszervezetekkel folytat, aminek tudjuk mi az eredm\u00e9nye.<\/p>\n<p>Bajnai szerint rossz volt az a gyakorlat, ami eddig Magyarorsz\u00e1gon a korm\u00e1nyv\u00e1lt\u00e1sok alkalm\u00e1val megval\u00f3sult. Ha valaki hatalomra ker\u00fclt, akkor mindent els\u00f6p\u00f6rt m\u00e9rlegel\u00e9s n\u00e9lk\u00fcl, amit az el\u0151dje hagyott r\u00e1. Szerinte a sz\u00fcks\u00e9ges d\u00f6nt\u00e9seket, \u00e9s a j\u00f6v\u0151ben elv\u00e9gzend\u0151 feladatokat h\u00e1rom csoportra kell osztani. Az egyik csoport a stop csoport. Ebbe azok a d\u00f6nt\u00e9sek tartoznak, melyeket azonnal meg kell v\u00e1ltoztatni, azok a gyakorlatok melyek a t\u00e1rsadalomra \u00e9s a demokr\u00e1ci\u00e1ra kimondottan k\u00e1rosak. A m\u00e1sik csoportba azok a d\u00f6nt\u00e9sek, hat\u00e1rozatok tartoznak, melyeket folytatni kell, hiszen hasznosak az orsz\u00e1gnak. Sajnos ebb\u0151l van mostan\u00e1ban a legkevesebb. A harmadik csoportba pedig azok a l\u00e9p\u00e9sek tartoznak, amelyekkel a jelenlegi \u00e1llapotot meg lehet sz\u00fcntetni \u00e9s helyre lehet \u00e1ll\u00edtani a k\u00e1rokat, amit a Fidesz-KDNP \u00e1mokfut\u00e1sa okozott.<\/p>\n<p>Az el\u0151ad\u00f3 kit\u00e9rt arra is, hogy a v\u00e1laszt\u00e1si \u00f6sszefog\u00e1snak programalapon kell t\u00f6rt\u00e9nnie, \u00e9s a fejl\u0151d\u00e9s \u00e9rdek\u00e9ben hossz\u00fa t\u00e1v\u00fa c\u00e9lokat kell megfogalmazni. Az uni\u00f3val kapcsolatban Bajnai Gordon elmondta: fontosnak tartja az uni\u00f3val val\u00f3 egy\u00fcttm\u0171k\u00f6d\u00e9st, hiszen Magyarorsz\u00e1g nagyon sokat kap az uni\u00f3t\u00f3l, b\u00e1r a jelenlegi korm\u00e1ny politik\u00e1ja egyre jobban cs\u00f6kkenti az es\u00e9lyeit annak, hogy a koh\u00e9zi\u00f3s alapokb\u00f3l legal\u00e1bb ugyanolyan m\u00e9rt\u00e9k\u00e9ben r\u00e9szes\u00fclj\u00fcnk, mint eddig. K\u00f6ztudott, hogy Magyarorsz\u00e1g az uni\u00f3 \u00e1llamai k\u00f6z\u00f6tt a nett\u00f3 kedvezm\u00e9nyezettek k\u00f6z\u00f6tt van, m\u00e9ghozz\u00e1 a negyedik helyen, nagyobb orsz\u00e1gokat megel\u0151zve.<\/p>\n<p>Az el\u0151ad\u00e1st k\u00f6vet\u0151en a jelenl\u00e9v\u0151k mondhatt\u00e1k el v\u00e9lem\u00e9ny\u00fcket, tehett\u00e9k fel k\u00e9rd\u00e9seiket. Tatai-T\u00f3th Andr\u00e1s volt orsz\u00e1ggy\u0171l\u00e9si arr\u00f3l sz\u00f3lt, hogy az \u00f6nkorm\u00e1nyzatok \u00f6nrendelkez\u00e9si joga folyamatosan cs\u00f6kkent a Fidesz korm\u00e1nyz\u00e1s alatt, amire a janu\u00e1ri iskola\u00e1llamos\u00edt\u00e1s teszi fel a koron\u00e1t. Bajnai v\u00e1lasz\u00e1ban elmondta: fontosnak tartja az \u00f6nkorm\u00e1nyzatok szuver\u00e9n m\u0171k\u00f6d\u00e9s\u00e9t, hiszen \u0151k ismerik a k\u00f6rnyezet\u00fcket, az \u00e1llampolg\u00e1rokat, \u00e9s \u0151k tudj\u00e1k, hogy milyen d\u00f6nt\u00e9st kell hozni a helyi lakoss\u00e1g \u00e9rdek\u00e9ben.<\/p>\n<p>Egy m\u00e1sik n\u00e9z\u0151i k\u00e9rd\u00e9s az energiapolitik\u00e1ra vonatkozott, melyre v\u00e1laszolva a volt minisztereln\u00f6k eml\u00e9keztetett: korm\u00e1nyz\u00e1sa idej\u00e9n mindent megtettek a V\u00c9Rt megmarad\u00e1s\u00e1\u00e9rt, hiszen tiszt\u00e1ban voltak vele, hogy a t\u00e9rs\u00e9g legnagyobb munk\u00e1ltat\u00f3ja.<\/p>\n<p>Az egyik Tatab\u00e1ny\u00e1r\u00f3l \u00e9rkezett hozz\u00e1sz\u00f3l\u00f3 a korengedm\u00e9nyes nyugd\u00edjakr\u00f3l \u00e9s a mag\u00e1nnyugd\u00edj p\u00e9nzt\u00e1r kifoszt\u00e1s\u00e1r\u00f3l k\u00e9rdezte a politikust, pontosabban arr\u00f3l, hogy az \u00edgy einstandolt milli\u00e1rdokat valaha vissza tudj\u00e1k-e szolg\u00e1ltatni. Az el\u0151ad\u00f3 szerint a korkedvezm\u00e9nyes \u00e9s korengedm\u00e9nyes nyugd\u00edj rendszere reformra szorult. 2010-ben el is kezdtek egyeztetni az \u00e9rintett szervezetekkel, azonban a Fidesz \u00e1ltal megval\u00f3s\u00edtott visszamen\u0151leges hat\u00e1ly\u00fa t\u00f6rv\u00e9nykez\u00e9st el\u00edt\u00e9lte. Elmond\u00e1sa szerint egy demokr\u00e1ci\u00e1ban ilyennek nincs helye! A mag\u00e1nnyugd\u00edj-p\u00e9nzt\u00e1rakt\u00f3l elvont p\u00e9nzek m\u00e1r sajnos nem ker\u00fclhetnek vissza jogos tulajdonosaikhoz, hiszen azokat Matolcsi a k\u00f6lts\u00e9gvet\u00e9s foltoz\u00e1s\u00e1ra haszn\u00e1lta fel, foly\u00f3 kiad\u00e1sokra, a m\u00e1sik r\u00e9sz\u00e9b\u0151l pedig \u00e1llamad\u00f3ss\u00e1got cs\u00f6kkentettek, ami az \u00f3ta magasabb, mint a korm\u00e1nyv\u00e1lt\u00e1s idej\u00e9n!<\/p>\n<p>Meglep\u0151 epiz\u00f3dja volt a rendezv\u00e9nynek, amikor egy fiatalember felpattant \u00e9s megk\u00e9rdezte az el\u0151ad\u00f3t: mi a v\u00e9lem\u00e9nye arr\u00f3l, hogy Izrael meg akarja v\u00e1s\u00e1rolni Magyarorsz\u00e1got. Miut\u00e1n Bajnai k\u00f6z\u00f6lte, hogy nem tud ilyen sz\u00e1nd\u00e9kr\u00f3l, a \u201ekomoly\u201d fiatalember felfedte megc\u00e1folhatatlan forr\u00e1s\u00e1t: egy vide\u00f3 megoszt\u00f3 port\u00e1lon l\u00e1tta! Az est vend\u00e9ge \u00e9ppen belekezdett volna a v\u00e1laszba, amikor a k\u00e9rdez\u0151 t\u00e1rsa felpattant \u00e9s egy s\u00e1rga csillagot emelt a magasba, majd megk\u00e9rte Bajnait, hogy vegye azt fel!<\/p>\n<p>E r\u00f6vid intermezz\u00f3t\u00f3l eltekintve tartalmas, hasznos esem\u00e9ny r\u00e9szesei lehettek mindazok, akik ell\u00e1togattak december harmadik napj\u00e1n az oroszl\u00e1nyi m\u0171vel\u0151d\u00e9si k\u00f6zpontba, Bajnai Gordon volt minisztereln\u00f6k f\u00f3rum\u00e1ra.<\/p>\n","protected":false},"excerpt":{"rendered":"<p>B\u00e1r \u00f6t \u00f3r\u00e1ra volt meghirdetve a volt minisztereln\u00f6k, Bajnai Gordon oroszl\u00e1nyi lakoss\u00e1gi f\u00f3ruma december harmadik napj\u00e1n, ennek ellen\u00e9re m\u00e1r h\u00e1rom \u00f3ra ut\u00e1n megkezd\u0151d\u00f6tt az \u00e9let az esem\u00e9nynek helyet biztos\u00edt\u00f3 m\u0171vel\u0151d\u00e9si k\u00f6zpont k\u00f6rny\u00e9k\u00e9n. <a href=\"https:\/\/www.mszporoszlany.hu\/?p=1847\">Egy kattint\u00e1s ide a folytat\u00e1shoz&#8230;. <span class=\"meta-nav\">&rarr;<\/span><\/a><\/p>\n","protected":false},"author":35,"featured_media":0,"comment_status":"open","ping_status":"closed","sticky":false,"template":"","format":"standard","meta":{"footnotes":""},"categories":[196,194],"tags":[1056,865,228,1146,334,1144,152,1147,1141,1138,1148,1137,442,240,1140,1145,1143,1149,1136,1139,1142,89],"class_list":["post-1847","post","type-post","status-publish","format-standard","hentry","category-magyarorszag","category-oroszlany","tag-bajnai-gordon","tag-demokracia","tag-einstand","tag-energiapolitika","tag-europai-unio","tag-iskolaallamositas","tag-jobbik","tag-korengedmenyes-nyugdijak","tag-kormanyvaltas","tag-kozeleti-klub","tag-magannyugdij-penztar","tag-metzger-gyula","tag-miniszterelnok","tag-mti","tag-nemet","tag-onkormanyzati-onrendelkezes","tag-programalapu-osszefogas","tag-sarga-csillag","tag-simaszk","tag-skandinav","tag-stopstart","tag-vert"],"_links":{"self":[{"href":"https:\/\/www.mszporoszlany.hu\/index.php?rest_route=\/wp\/v2\/posts\/1847","targetHints":{"allow":["GET"]}}],"collection":[{"href":"https:\/\/www.mszporoszlany.hu\/index.php?rest_route=\/wp\/v2\/posts"}],"about":[{"href":"https:\/\/www.mszporoszlany.hu\/index.php?rest_route=\/wp\/v2\/types\/post"}],"author":[{"embeddable":true,"href":"https:\/\/www.mszporoszlany.hu\/index.php?rest_route=\/wp\/v2\/users\/35"}],"replies":[{"embeddable":true,"href":"https:\/\/www.mszporoszlany.hu\/index.php?rest_route=%2Fwp%2Fv2%2Fcomments&post=1847"}],"version-history":[{"count":0,"href":"https:\/\/www.mszporoszlany.hu\/index.php?rest_route=\/wp\/v2\/posts\/1847\/revisions"}],"wp:attachment":[{"href":"https:\/\/www.mszporoszlany.hu\/index.php?rest_route=%2Fwp%2Fv2%2Fmedia&parent=1847"}],"wp:term":[{"taxonomy":"category","embeddable":true,"href":"https:\/\/www.mszporoszlany.hu\/index.php?rest_route=%2Fwp%2Fv2%2Fcategories&post=1847"},{"taxonomy":"post_tag","embeddable":true,"href":"https:\/\/www.mszporoszlany.hu\/index.php?rest_route=%2Fwp%2Fv2%2Ftags&post=1847"}],"curies":[{"name":"wp","href":"https:\/\/api.w.org\/{rel}","templated":true}]}}