{"id":1857,"date":"2012-12-08T12:58:54","date_gmt":"2012-12-08T11:58:54","guid":{"rendered":"http:\/\/www.mszporoszlany.hu\/?p=1857"},"modified":"2012-12-08T13:00:47","modified_gmt":"2012-12-08T12:00:47","slug":"a-banyaszok-hiaba-varnak-a-szenfillerre","status":"publish","type":"post","link":"https:\/\/www.mszporoszlany.hu\/?p=1857","title":{"rendered":"A b\u00e1ny\u00e1szok hi\u00e1ba v\u00e1rnak a sz\u00e9nfill\u00e9rre"},"content":{"rendered":"<p><strong>Budapest \u00e9s Br\u00fcsszel vit\u00e1ja miatt k\u00e9sik a t\u00e1mogat\u00e1sok kifizet\u00e9se<\/strong><\/p>\n<p><small><img loading=\"lazy\" decoding=\"async\" class=\"alignleft size-full wp-image-1858\" title=\"Banyaszok\" src=\"https:\/\/www.mszporoszlany.hu\/wp-content\/uploads\/2012\/12\/Banyaszok.png\" alt=\"\" width=\"200\" height=\"120\" \/>Br\u00fcsszel, 2012. december 7. \u2013<\/small> &#8222;Mik\u00f6zben a fogyaszt\u00f3k tov\u00e1bbra is fizetik a sz\u00e9nfill\u00e9rt, t\u00f6bb milli\u00e1rd forintnyi t\u00e1mogat\u00e1s kifizet\u00e9se k\u00e9slekedik \u00e9vek \u00f3ta&#8221; \u2013 \u00e1ll\u00edtja Herczog Edit, aki \u00edr\u00e1sbeli k\u00e9rd\u00e9ssel fordult a Bizotts\u00e1ghoz ez \u00fcgyben. A korm\u00e1ny a b\u00e1nya-bev\u00e9tel sz\u00e1m\u00edt\u00e1si m\u00f3dszertan \u00e1talak\u00edt\u00e1sa miatt vit\u00e1ban \u00e1ll Br\u00fcsszellel, \u00edgy a sz\u00e9nipari szerkezet\u00e1talak\u00edt\u00e1ssal kapcsolatos t\u00e1mogat\u00e1sok nem jutnak el az \u00e9rintettekhez, t\u00f6bbek k\u00f6z\u00f6tt emiatt is k\u00e9snek a bez\u00e1rand\u00f3 b\u00e1ny\u00e1kban dolgoz\u00f3k \u00e1tk\u00e9pz\u00e9si programjai. Herczog szerint a p\u00e9nz a b\u00e1ny\u00e1szokat \u00e9s nem a korm\u00e1nyt illeti, ez\u00e9rt gyors megold\u00e1sra van sz\u00fcks\u00e9g.<\/p>\n<p><!--more--><\/p>\n<p>&#8222;L\u00e1t-e arra lehet\u0151s\u00e9get a Bizotts\u00e1g, hogy gyors\u00edtott elj\u00e1r\u00e1sban j\u00f3v\u00e1hagyja szerkezet\u00e1talak\u00edt\u00e1sra sz\u00e1nt \u00f6sszegek felhaszn\u00e1l\u00e1s\u00e1t, amennyiben a k\u00f6rnyezetv\u00e9delmi k\u00f6vetelm\u00e9nyek, a sz\u00e1m\u00edt\u00e1si m\u00f3dszertan \u00e9s a k\u00f6lts\u00e9gelemek tiszt\u00e1z\u00e1sa tekintet\u00e9ben a magyar hat\u00f3s\u00e1gok is el\u0151rel\u00e9p\u00e9st mutatnak fel?&#8221; \u2013 k\u00e9rdezi Herczog Edit a Bizotts\u00e1gt\u00f3l p\u00e9nteken beny\u00fajtott \u00edr\u00e1sbeli k\u00e9rd\u00e9s\u00e9ben.<\/p>\n<p>Az Eur\u00f3pai Tan\u00e1cs rendelete 2018-ig teszi lehet\u0151v\u00e9 az \u00fagynevezett &#8222;sz\u00e9nfill\u00e9r&#8221; beszed\u00e9s\u00e9t, amelyet kiz\u00e1r\u00f3lag a b\u00e1ny\u00e1k vesztes\u00e9g\u00e9nek cs\u00f6kkent\u00e9s\u00e9re, illetve a fokozatos le\u00e9p\u00edt\u00e9ssel \u00e9s bez\u00e1r\u00e1ssal kapcsolatos k\u00f6lts\u00e9gek rendez\u00e9s\u00e9re lehet felhaszn\u00e1lni. Az EP sz\u00e9nipari kerekasztal\u00e1ban \u00e9vekig a gazdas\u00e1gosan fenntarthat\u00f3 sz\u00e9nkitermel\u00e9s meghosszabb\u00edt\u00e1s\u00e1\u00e9rt k\u00fczd\u0151 szocialista k\u00e9pvisel\u0151 szerint a fogyaszt\u00f3k \u00e1ltal megfizetett 0,23 Ft\/kWh nagys\u00e1g\u00fa d\u00edjelem a teljes id\u0151szakban ak\u00e1r t\u00f6bb t\u00edz milli\u00e1rd forintot is el\u00e9rhet. Herczog szerint ez a p\u00e9nz jelenleg a Nemzeti Fejleszt\u00e9si Miniszt\u00e9riumn\u00e1l parkol, ez\u00e9rt s\u00fcrg\u0151s megold\u00e1st kell tal\u00e1lni, hiszen az a magyar b\u00e1ny\u00e1szokat illeti meg.<\/p>\n<p>Herczog teh\u00e1t a vita miel\u0151bbi rendez\u00e9s\u00e9re, a helyzet megnyugtat\u00f3 megold\u00e1s\u00e1ra k\u00e9ri a Bizotts\u00e1got. A k\u00e9pvisel\u0151 arra is k\u00edv\u00e1ncsi, hogy megismerhet\u0151ek-e azok az okok, amelyek a folyamat elh\u00faz\u00f3d\u00e1s\u00e1hoz vezettek, illetve, hogy a magyar korm\u00e1ny mindent megtett-e a sz\u00e9nipari szerkezet\u00e1talak\u00edt\u00e1si t\u00e1mogat\u00e1s j\u00f3v\u00e1hagy\u00e1s\u00e1val kapcsolatban?<\/p>\n<p>Herczog Edit k\u00e9pvisel\u0151 beadv\u00e1nya <a title=\"Herczog Edit EP k\u00e9pvisel\u0151 beadv\u00e1nya\" href=\"\/wp-docs\/HE-20121206.pdf\" target=\"_blank\">itt tekinthet\u0151 <\/a>meg&#8230;<\/p>\n","protected":false},"excerpt":{"rendered":"<p>Br\u00fcsszel, 2012. december 7. \u2013 \u201eMik\u00f6zben a fogyaszt\u00f3k tov\u00e1bbra is fizetik a sz\u00e9nfill\u00e9rt, t\u00f6bb milli\u00e1rd forintnyi t\u00e1mogat\u00e1s kifizet\u00e9se k\u00e9slekedik \u00e9vek \u00f3ta\u201d \u2013 \u00e1ll\u00edtja Herczog Edit, aki \u00edr\u00e1sbeli k\u00e9rd\u00e9ssel fordult a Bizotts\u00e1ghoz az \u00fcgyben. A korm\u00e1ny a b\u00e1nya-bev\u00e9tel sz\u00e1m\u00edt\u00e1si m\u00f3dszertan \u00e1talak\u00edt\u00e1sa miatt vit\u00e1ban \u00e1ll Br\u00fcsszellel, \u00edgy a sz\u00e9nipari szerkezet\u00e1talak\u00edt\u00e1ssal kapcsolatos t\u00e1mogat\u00e1sok nem jutnak el az \u00e9rintettekhez, t\u00f6bbek k\u00f6z\u00f6tt emiatt is k\u00e9snek a bez\u00e1rand\u00f3 b\u00e1ny\u00e1kban dolgoz\u00f3k \u00e1tk\u00e9pz\u00e9si programjai. Herczog szerint a p\u00e9nz a b\u00e1ny\u00e1szokat \u00e9s nem a korm\u00e1nyt illeti, ez\u00e9rt gyors megold\u00e1sra van sz\u00fcks\u00e9g. <a href=\"https:\/\/www.mszporoszlany.hu\/?p=1857\">Egy kattint\u00e1s ide a folytat\u00e1shoz&#8230;. <span class=\"meta-nav\">&rarr;<\/span><\/a><\/p>\n","protected":false},"author":35,"featured_media":0,"comment_status":"open","ping_status":"closed","sticky":false,"template":"","format":"standard","meta":{"footnotes":""},"categories":[196,194],"tags":[1163,1162,1164,1158,1157,1156,1161,1159,697,1168,1167,1166,1005,1160,1165,110],"class_list":["post-1857","post","type-post","status-publish","format-standard","hentry","category-magyarorszag","category-oroszlany","tag-1162","tag-23-ftkwh","tag-banyaszok","tag-brusszel","tag-budapest","tag-europai-tanacs","tag-gyorsitott-eljaras","tag-herczog-edit","tag-markushegyi-banya","tag-mvm-zrt","tag-nemzeti-fejlesztesi-miniszterium","tag-szenfiller","tag-szerkezetatalakitas","tag-tobb-tiz-milliard-forint","tag-vertesi-eromu-zrt"],"_links":{"self":[{"href":"https:\/\/www.mszporoszlany.hu\/index.php?rest_route=\/wp\/v2\/posts\/1857","targetHints":{"allow":["GET"]}}],"collection":[{"href":"https:\/\/www.mszporoszlany.hu\/index.php?rest_route=\/wp\/v2\/posts"}],"about":[{"href":"https:\/\/www.mszporoszlany.hu\/index.php?rest_route=\/wp\/v2\/types\/post"}],"author":[{"embeddable":true,"href":"https:\/\/www.mszporoszlany.hu\/index.php?rest_route=\/wp\/v2\/users\/35"}],"replies":[{"embeddable":true,"href":"https:\/\/www.mszporoszlany.hu\/index.php?rest_route=%2Fwp%2Fv2%2Fcomments&post=1857"}],"version-history":[{"count":0,"href":"https:\/\/www.mszporoszlany.hu\/index.php?rest_route=\/wp\/v2\/posts\/1857\/revisions"}],"wp:attachment":[{"href":"https:\/\/www.mszporoszlany.hu\/index.php?rest_route=%2Fwp%2Fv2%2Fmedia&parent=1857"}],"wp:term":[{"taxonomy":"category","embeddable":true,"href":"https:\/\/www.mszporoszlany.hu\/index.php?rest_route=%2Fwp%2Fv2%2Fcategories&post=1857"},{"taxonomy":"post_tag","embeddable":true,"href":"https:\/\/www.mszporoszlany.hu\/index.php?rest_route=%2Fwp%2Fv2%2Ftags&post=1857"}],"curies":[{"name":"wp","href":"https:\/\/api.w.org\/{rel}","templated":true}]}}