{"id":186,"date":"2012-03-19T13:30:26","date_gmt":"2012-03-19T12:30:26","guid":{"rendered":"http:\/\/www.mszporoszlany.hu\/?p=186"},"modified":"2012-04-06T20:27:37","modified_gmt":"2012-04-06T19:27:37","slug":"demokracia-magas-szinten-a-nep-szava-meghallgatva","status":"publish","type":"post","link":"https:\/\/www.mszporoszlany.hu\/?p=186","title":{"rendered":"Demokr\u00e1cia magas szinten \u2013 a n\u00e9p szava meghallgatva?!"},"content":{"rendered":"<p><img loading=\"lazy\" decoding=\"async\" class=\"alignleft size-full wp-image-189\" title=\"atnevezosdi\" src=\"https:\/\/www.mszporoszlany.hu\/wp-content\/uploads\/2012\/03\/atnevezosdi.jpg\" alt=\"\" width=\"199\" height=\"120\" \/>Oroszl\u00e1ny V\u00e1ros \u00d6nkorm\u00e1nyzata d\u00f6nt\u00f6tt a S\u00e1gv\u00e1ri Endre \u00c1ltal\u00e1nos Iskola, az Oroszl\u00e1ny V\u00e1ros Gimn\u00e1ziuma \u00e9s Szakk\u00e9pz\u0151 Iskol\u00e1ja, az Oroszl\u00e1nyi Szakorvosi \u00e9s \u00c1pol\u00e1si Kft, a F\u0151 t\u00e9r, a S\u00e1gv\u00e1ri Endre utca nev\u00e9nek megv\u00e1ltoztat\u00e1si valamint a v\u00e1rosi uszoda, a sportcsarnok \u00e9s a sporttelep elnevez\u00e9s\u00e9r\u0151l. Persze most m\u00e1r nem reszk\u00edrozt\u00e1k meg, hogy internetes szavaz\u00e1s form\u00e1j\u00e1ban mondjanak v\u00e9lem\u00e9nyt \u201eazemberek\u201d. Egyszer azt is kipr\u00f3b\u00e1lt\u00e1k, de miut\u00e1n a polg\u00e1rok 70%-a nem t\u00e1mogatta a M\u0171vel\u0151d\u00e9si K\u00f6zpont zebracs\u00edkosra val\u00f3 fest\u00e9s\u00e9t, a helyi hatalom annyira megs\u00e9rt\u0151d\u00f6tt, hogy m\u00e9g weboldal\u00e1r\u00f3l is t\u00f6r\u00f6lte a szavaz\u00e1si modult \u2013 \u00edgy legal\u00e1bb egy gonddal kevesebb. De menj\u00fcnk sz\u00e9pen sorj\u00e1ban.<\/p>\n<p><!--more--><\/p>\n<p><strong>S\u00e1gv\u00e1ri Endre \u00c1ltal\u00e1nos Iskola<\/strong><\/p>\n<p>Az iskola tantest\u00fclete, tanul\u00f3i \u00e9s sz\u00fcl\u0151i szervezete Irinyi J\u00e1nost javasolta \u2013 ha m\u00e1r mindenk\u00e9ppen \u201e\u00e1tnevezni\u201d kell \u2013, az iskola di\u00e1kjai pedig ragaszkodtak az eddigi elnevez\u00e9shez, s l\u0151n a b\u00f6lcs k\u00e9pvisel\u0151-test\u00fcleti d\u00f6nt\u00e9s: Hunyadi M\u00e1ty\u00e1s \u00c1ltal\u00e1nos Iskola lesz a neve.<\/p>\n<p><strong>Az \u00f6sszevont k\u00f6z\u00e9piskol\u00e1k (Lej\u00f3 \u00e9s E\u00f6tv\u00f6s)<\/strong><\/p>\n<p>A k\u00e9t k\u00f6z\u00e9piskola alig p\u00e1r h\u00f3napja kapta ezt a rendk\u00edv\u00fcl szellemes \u00e9s tal\u00e1l\u00f3 nevet a kereszts\u00e9gben, de miel\u0151tt az \u00e1llam elrekvir\u00e1lja \u0151ket a v\u00e1rost\u00f3l, a d\u00f6nt\u00e9shoz\u00f3k \u00fagy gondolt\u00e1k, Oroszl\u00e1ny V\u00e1ros Gimn\u00e1ziuma \u00e9s Szakk\u00e9pz\u0151 Iskol\u00e1ja kapjon \u00fajabb, m\u00e9lt\u00f3bb nevet. Az egy\/k\u00e9t int\u00e9zm\u00e9ny tantest\u00fclete a jelenlegi elnevez\u00e9st prefer\u00e1lta, m\u00edg sz\u00fcl\u0151i munkak\u00f6z\u00f6ss\u00e9ge, k\u00f6zalkalmazotti k\u00f6z\u00f6ss\u00e9ge, \u00e9s di\u00e1k\u00f6nkorm\u00e1nyzata \u00d6veges J\u00f3zsef professzor nev\u00e9t, akinek telev\u00edzi\u00f3s m\u0171sorain gener\u00e1ci\u00f3k n\u0151ttek fel. Nos, \u00d6n eltal\u00e1lta, mert egyik sem lesz. Czunyin\u00e9 dr. Bertalan Judit (orsz\u00e1ggy\u0171l\u00e9si k\u00e9pvisel\u0151), Vasv\u00e1ri Erika (sajt\u00f3referens), Tak\u00e1cs T\u00edmea (v\u00e1rosi k\u00f6nyvt\u00e1r vezet\u0151), L\u00e1z\u00e1r M\u00f3zes (OSZ Zrt. vez\u00e9rigazgat\u00f3), Tak\u00e1cs K\u00e1roly (polg\u00e1rmester) \u00e9s Nagy Csaba (R\u00e1k\u00f3czi Sz\u00f6vets\u00e9g) javaslata nyert: Hamvas B\u00e9la. (Az m\u00e1r senkit se zavarjon, hogy a ki\u00edr\u00e1s szerint: Felk\u00e9rj\u00fck a v\u00e1rosban m\u0171k\u00f6d\u0151 szervezetek, k\u00f6z\u00f6ss\u00e9gek tagjait, a v\u00e1ros lakoss\u00e1g\u00e1t, hogy 2012. janu\u00e1r 23. (h\u00e9tf\u0151) 16 \u00f3r\u00e1ig az elnevez\u00e9sre, vagy elnevez\u00e9sekre vonatkoz\u00f3, indokol\u00e1ssal ell\u00e1tott javaslataikat z\u00e1rt bor\u00edt\u00e9kban\u2026 \u2013 Czunyin\u00e9 ugyanis bokodi, m\u00edg a sajt\u00f3referens budapesti lakos).<\/p>\n<p><strong>A sportcsarnok<\/strong><\/p>\n<p>A sportcsarnok eset\u00e9ben szint\u00e9n L\u00e1z\u00e1s M\u00f3zes \u201evil\u00e1gosodott\u201d meg, amikor \u201eAk\u00e1c\u201d csarnokra akarta elnevezni a kosarasok szent\u00e9ly\u00e9t. Ez azt\u00e1n annyira megtetszett a jobboldali frakci\u00f3nak, hogy v\u00e9g\u00fcl csak a csal\u00e1d k\u00fcl\u00f6n, \u00edr\u00e1sos k\u00e9r\u00e9s\u00e9re volt hajland\u00f3 \u00e9rtelmet adni az \u201eAk\u00e1c\u201d-nak, \u00edgy lett v\u00e9g\u00fcl a nemr\u00e9g elhunyt Krajnyik &#8222;Ak\u00e1c&#8221; Andr\u00e1s kiv\u00e1l\u00f3 kosarasunknak m\u00e9lt\u00f3 eml\u00e9k \u00e1ll\u00edtva.<\/p>\n<p><strong>A sporttelep<\/strong><\/p>\n<p>A sporttelep elnevez\u00e9s\u00e9ben ism\u00e9t L\u00e1z\u00e1r M\u00f3zes \u00e9s Nagy Csaba \u00f6tlete lett a nyer\u0151, s lett az objektum neve Chudik Lajos Sportl\u00e9tes\u00edtm\u00e9ny, leverve m\u00e1sik n\u00e9gy javaslatot, de ugyanez lett a sorsa a volt S\u00e1gv\u00e1ri utc\u00e1nak is. Ebben az esetben \u2013 imm\u00e1r t\u00f6bbedszer, de nem utolj\u00e1ra \u2013 L\u00e1z\u00e1s M\u00f3zes nyert Havasi M\u00e1rtonnal, megel\u0151zve m\u00e1sik n\u00e9gy aspir\u00e1nst.<\/p>\n<p><strong>Az \u00e1pol\u00e1si int\u00e9zet<\/strong><\/p>\n<p>Szent-Gy\u00f6rgyi Albert Szakorvosi-\u00e9s \u00c1pol\u00e1si Kft lesz a rendel\u0151int\u00e9zetb\u0151l, v\u00e9g\u00fcl a legdilett\u00e1nsabb, \u00f3vod\u00e1sabb javaslattal z\u00e1rjuk: v\u00e1rosi uszoda. Ennek \u00faj neve \u2013 k\u00e9rem nem r\u00f6h\u00f6gni! \u2013 Csobban\u00f3 Oroszl\u00e1ny V\u00e1ros Uszod\u00e1ja, s \u00d6n ism\u00e9t nyert! A javaslatot L\u00e1z\u00e1r M\u00f3zes jegyzi egy szem\u00e9lyben.<\/p>\n<p><strong>A csattan\u00f3<\/strong><\/p>\n<p>S hogy ez a kis n\u00e9vad\u00f3 j\u00e1t\u00e9k mibe ker\u00fcl az ad\u00f3fizet\u0151knek, na, az m\u00e1r egy m\u00e1sik t\u00f6rt\u00e9net.<\/p>\n","protected":false},"excerpt":{"rendered":"<p>Oroszl\u00e1ny V\u00e1ros \u00d6nkorm\u00e1nyzata d\u00f6nt\u00f6tt a S\u00e1gv\u00e1ri Endre \u00c1ltal\u00e1nos Iskola, az Oroszl\u00e1ny V\u00e1ros Gimn\u00e1ziuma \u00e9s Szakk\u00e9pz\u0151 Iskol\u00e1ja, az Oroszl\u00e1nyi Szakorvosi \u00e9s \u00c1pol\u00e1si Kft, a F\u0151 t\u00e9r, a S\u00e1gv\u00e1ri Endre utca nev\u00e9nek megv\u00e1ltoztat\u00e1si valamint a v\u00e1rosi uszoda, a sportcsarnok \u00e9s a sporttelep &hellip; <a href=\"https:\/\/www.mszporoszlany.hu\/?p=186\">Egy kattint\u00e1s ide a folytat\u00e1shoz&#8230;. <span class=\"meta-nav\">&rarr;<\/span><\/a><\/p>\n","protected":false},"author":35,"featured_media":0,"comment_status":"open","ping_status":"closed","sticky":false,"template":"","format":"standard","meta":{"footnotes":""},"categories":[194],"tags":[100,101,93,94,99,92,98,97,96,9,95,43],"class_list":["post-186","post","type-post","status-publish","format-standard","hentry","category-oroszlany","tag-chudik-lajos","tag-csobbano","tag-czunyine-dr-bertalan-judit","tag-hamvas-bela","tag-krajnyik-akac-andras","tag-lazar-mozes","tag-nagy-csaba","tag-sportcsarnok","tag-sporttelep","tag-takacs-karoly","tag-uszoda","tag-vasvari-erika"],"_links":{"self":[{"href":"https:\/\/www.mszporoszlany.hu\/index.php?rest_route=\/wp\/v2\/posts\/186","targetHints":{"allow":["GET"]}}],"collection":[{"href":"https:\/\/www.mszporoszlany.hu\/index.php?rest_route=\/wp\/v2\/posts"}],"about":[{"href":"https:\/\/www.mszporoszlany.hu\/index.php?rest_route=\/wp\/v2\/types\/post"}],"author":[{"embeddable":true,"href":"https:\/\/www.mszporoszlany.hu\/index.php?rest_route=\/wp\/v2\/users\/35"}],"replies":[{"embeddable":true,"href":"https:\/\/www.mszporoszlany.hu\/index.php?rest_route=%2Fwp%2Fv2%2Fcomments&post=186"}],"version-history":[{"count":0,"href":"https:\/\/www.mszporoszlany.hu\/index.php?rest_route=\/wp\/v2\/posts\/186\/revisions"}],"wp:attachment":[{"href":"https:\/\/www.mszporoszlany.hu\/index.php?rest_route=%2Fwp%2Fv2%2Fmedia&parent=186"}],"wp:term":[{"taxonomy":"category","embeddable":true,"href":"https:\/\/www.mszporoszlany.hu\/index.php?rest_route=%2Fwp%2Fv2%2Fcategories&post=186"},{"taxonomy":"post_tag","embeddable":true,"href":"https:\/\/www.mszporoszlany.hu\/index.php?rest_route=%2Fwp%2Fv2%2Ftags&post=186"}],"curies":[{"name":"wp","href":"https:\/\/api.w.org\/{rel}","templated":true}]}}