{"id":1862,"date":"2012-12-08T13:34:38","date_gmt":"2012-12-08T12:34:38","guid":{"rendered":"http:\/\/www.mszporoszlany.hu\/?p=1862"},"modified":"2012-12-08T13:52:56","modified_gmt":"2012-12-08T12:52:56","slug":"duplan-vagy-triplan-nyert-a-varos-az-emutnyocev-munkaja-nyoman","status":"publish","type":"post","link":"https:\/\/www.mszporoszlany.hu\/?p=1862","title":{"rendered":"Dupl\u00e1n vagy tripl\u00e1n nyert a v\u00e1ros az &#8222;em\u00fatny\u00f3c\u00e9v&#8221; munk\u00e1ja nyom\u00e1n?"},"content":{"rendered":"<p><img loading=\"lazy\" decoding=\"async\" class=\"alignleft size-full wp-image-1870\" title=\"Fejlesztes\" src=\"https:\/\/www.mszporoszlany.hu\/wp-content\/uploads\/2012\/12\/Fejlesztes.png\" alt=\"\" width=\"200\" height=\"120\" \/>\u00d6r\u00f6mmel t\u00e1j\u00e9koz\u00f3dhattunk v\u00e1rosunk weboldal\u00e1n arr\u00f3l, hogy december 4-\u00e9n V. N\u00e9meth Zsolt \u00e1llamtitk\u00e1r \u00e9s Czunyin\u00e9 dr. Bertalan Judit korm\u00e1nymegb\u00edzott megtartotta els\u0151 t\u00e1rgyal\u00e1s\u00e1t Tak\u00e1cs K\u00e1roly polg\u00e1rmesterrel a korm\u00e1ny \u00e1ltal meghirdetett \u00f6nkorm\u00e1nyzati ad\u00f3ss\u00e1g-\u00e1tv\u00e1llal\u00e1sr\u00f3l. A t\u00e1rgyal\u00e1st k\u00f6vet\u0151 sajt\u00f3t\u00e1j\u00e9koztat\u00f3n az \u00e1llamtitk\u00e1r bejelentette:<em> \u00e1ttekintette a v\u00e1ros hitelszerz\u0151d\u00e9seit, \u00e9s mivel Oroszl\u00e1ny ad\u00f3k\u00e9pess\u00e9ge szerencs\u00e9re j\u00f3, ez\u00e9rt el\u0151zetesen \u00fagy gondolja, a negyven sz\u00e1zal\u00e9kos hitel\u00e1tv\u00e1llal\u00e1si s\u00e1vba ker\u00fcl telep\u00fcl\u00e9s\u00fcnk<\/em> \u2013 a h\u00edrr\u0151l a 24 \u00d3RA is besz\u00e1molt.<\/p>\n<p><!--more--><\/p>\n<p>Hitel\u00e1llom\u00e1nyunk jelenleg: a 2007-ben felvett 2 milli\u00e1rd 70 milli\u00f3 forint sv\u00e1jci frank alap\u00fa k\u00f6tv\u00e9ny, \u00e9s a 2005-\u00f6s 340 milli\u00f3 forint beruh\u00e1z\u00e1si hitel, melyet az el\u0151z\u0151, szocialista v\u00e1rosvezet\u00e9s halmozott fel. Ezek egy\u00fcttes idei \u00e9vi t\u00f6rleszt\u00e9si terhe: 350 milli\u00f3 forint \u2013 ezt m\u00e1r Tak\u00e1cs K\u00e1roly polg\u00e1rmester tette hozz\u00e1, aki egyetlen alkalmat sem mulaszt el egy kis szocialist\u00e1z\u00e1sra, az el\u0151z\u0151 v\u00e1rosvezet\u00e9sre mutogat\u00e1ssal.<\/p>\n<p>De mi ink\u00e1bb maradjunk a komolyabb forr\u00e1sn\u00e1l, V. N\u00e9meth Zsolt \u00e1llamtitk\u00e1r helyzetelemz\u00e9s\u00e9n\u00e9l, hiszen az \u00e1ltala elmondottak ellentmondanak Tak\u00e1cs K\u00e1roly \u00e9s Papp P\u00e9ter k\u00e9t \u00e9ve hangoztatott v\u00e9lem\u00e9ny\u00e9nek, miszerint az el\u0151z\u0151 v\u00e1rosvezet\u00e9sek elad\u00f3s\u00edtott\u00e1k a v\u00e1rost, de ez legyen az \u0151 probl\u00e9m\u00e1juk. Vagy az \u00e1llamtitk\u00e1r \u00far, vagy a mi k\u00e9t g\u00e9niuszunk nem \u00e9rt a gazdas\u00e1ghoz, ezt d\u00f6nts\u00e9k el \u00f6n\u00f6k.<\/p>\n<p>Az \u00e1llamtitk\u00e1r sz\u00f3lt arr\u00f3l is, hogy Oroszl\u00e1ny csak fejleszt\u00e9si hiteleket vett fel, nem m\u0171k\u00f6d\u00e9sre, preszt\u00edzsberuh\u00e1z\u00e1sokra k\u00f6lt\u00f6tt, s elismer\u0151 szavakat mondott az el\u0151z\u0151 v\u00e1rosvezet\u00e9s fejleszt\u00e9si tev\u00e9kenys\u00e9g\u00e9r\u0151l. Ez persze hi\u00e1nyzott az \u201eobjekt\u00edv\u201d h\u00edrad\u00e1sb\u00f3l.<\/p>\n<p>A k\u00e9tmilli\u00e1rdnyi hitelb\u0151l hatmilli\u00e1rdnyi vagyonn\u00f6veked\u00e9s lett, \u00e9s egy korszer\u0171 fel\u00faj\u00edtott int\u00e9zm\u00e9nyekkel rendelkez\u0151 v\u00e1rost vehetett birtokba (szinte sz\u00f3 szerint) a fideszes t\u00f6bbs\u00e9g, amit folyamatosan herd\u00e1lnak, erod\u00e1lnak.<\/p>\n<p>Ha az \u201eem\u00fatny\u00f3c\u00e9vben\u201d nem \u00e1llt volna rendelkez\u00e9sre ez a hitel, akkor elmaradtak volna azok a fejleszt\u00e9sek \u2013 szakrendel\u0151 fel\u00faj\u00edt\u00e1s, uszoda fel\u00faj\u00edt\u00e1s, iskol\u00e1k fel\u00faj\u00edt\u00e1sa, \u00fatfel\u00faj\u00edt\u00e1sok, ipari parki fejleszt\u00e9sek \u2013 \u00e9s elmaradt volna ez a Mikul\u00e1s aj\u00e1nd\u00e9k is \u2013 m\u00e1rmint az ad\u00f3ss\u00e1grendez\u00e9s.<\/p>\n<p>Persze tegy\u00fck hozz\u00e1, hogy ez\u00e9rt az \u00e9vi 100 milli\u00f3 forintnyi hitelcs\u00f6kkent\u00e9si \u00edg\u00e9ret\u00e9rt eddig mintegy k\u00e9tmilli\u00e1rd forintnyi vagyonnal fizetett a v\u00e1ros a korm\u00e1nynak, s ezek a sz\u00e1mok c\u00e9lzott \u00f6sszegek, amik nagys\u00e1g\u00e1t m\u00e9g az ad\u00f3er\u0151 k\u00e9pess\u00e9g\u00fcnk befoly\u00e1solhatja, rem\u00e9lj\u00fck nem a rossz ir\u00e1nyba.<\/p>\n<div id=\"attachment_1874\" style=\"width: 610px\" class=\"wp-caption aligncenter\"><img loading=\"lazy\" decoding=\"async\" aria-describedby=\"caption-attachment-1874\" class=\"size-full wp-image-1874 \" title=\"Szakrendelo\" src=\"https:\/\/www.mszporoszlany.hu\/wp-content\/uploads\/2012\/12\/Szakrendelo.jpg\" alt=\"\" width=\"600\" height=\"400\" srcset=\"https:\/\/www.mszporoszlany.hu\/wp-content\/uploads\/2012\/12\/Szakrendelo.jpg 600w, https:\/\/www.mszporoszlany.hu\/wp-content\/uploads\/2012\/12\/Szakrendelo-320x213.jpg 320w\" sizes=\"auto, (max-width: 600px) 100vw, 600px\" \/><p id=\"caption-attachment-1874\" class=\"wp-caption-text\">Ez m\u00e1r nem a v\u00e1ros\u00e9, hanem az \u00e1llam\u00e9 (1.6 milli\u00e1rd forint vagyonveszt\u00e9s)<\/p><\/div>\n<p>De hop-hop, meg\u00e1lljunk! Oroszl\u00e1ny eset\u00e9ben tulajdonk\u00e9ppen nem is besz\u00e9lhet\u00fcnk \u00f6lbe hullott p\u00e9nzr\u0151l, ugyanis az id\u00e9n \u00e1llamos\u00edtott szakorvosi rendel\u0151nk \u00e9s \u00e1pol\u00e1si int\u00e9zet\u00fcnk \u00e9rt\u00e9ke mintegy 1,6 milli\u00e1rd forint volt. Az m\u00e1r csak hab a tort\u00e1n, hogy az ebb\u0151l fakad\u00f3 \u00e9vi 120 milli\u00f3s hitelt\u00f6rleszt\u00e9s cs\u00f6kkent\u00e9s \u00f6sszege szinte pontosan megegyezik azzal az \u00f6sszeggel, ami a szakrendel\u0151 kft-nk banksz\u00e1ml\u00e1j\u00e1n volt. Ez persze a menedzser szeml\u00e9let\u0171 polg\u00e1rmester\u00fcnk t\u00e9tlenked\u00e9s\u00e9nek k\u00f6sz\u00f6nhet\u0151en szint\u00e9n az \u00e1llamhoz v\u00e1ndorolt.<\/p>\n<p><strong>Magyar\u00e1n nem kar\u00e1csonyi aj\u00e1nd\u00e9kot kapunk, ahogy azt a polg\u00e1rmester \u00e9s sajt\u00f3sa \u00e1ll\u00edtja, hanem az \u00e1llam csak visszaadja a n\u00e9h\u00e1ny h\u00f3napja elvett p\u00e9nz\u00fcnket.<\/strong><\/p>\n<p>A fejleszt\u00e9si hitelekb\u0151l megval\u00f3sult sok-sok hasznos dolog k\u00f6z\u00fcl egy-k\u00e9t p\u00e9lda:<\/p>\n<div id=\"attachment_1863\" style=\"width: 410px\" class=\"wp-caption aligncenter\"><img loading=\"lazy\" decoding=\"async\" aria-describedby=\"caption-attachment-1863\" class=\"size-full wp-image-1863\" title=\"Benedek\" src=\"https:\/\/www.mszporoszlany.hu\/wp-content\/uploads\/2012\/12\/Benedek.jpg\" alt=\"\" width=\"400\" height=\"220\" srcset=\"https:\/\/www.mszporoszlany.hu\/wp-content\/uploads\/2012\/12\/Benedek.jpg 400w, https:\/\/www.mszporoszlany.hu\/wp-content\/uploads\/2012\/12\/Benedek-320x176.jpg 320w\" sizes=\"auto, (max-width: 400px) 100vw, 400px\" \/><p id=\"caption-attachment-1863\" class=\"wp-caption-text\">Benedek Elek iskola<\/p><\/div>\n<div id=\"attachment_1864\" style=\"width: 410px\" class=\"wp-caption aligncenter\"><img loading=\"lazy\" decoding=\"async\" aria-describedby=\"caption-attachment-1864\" class=\"size-full wp-image-1864\" title=\"Jozsef\" src=\"https:\/\/www.mszporoszlany.hu\/wp-content\/uploads\/2012\/12\/Jozsef.jpg\" alt=\"\" width=\"400\" height=\"220\" srcset=\"https:\/\/www.mszporoszlany.hu\/wp-content\/uploads\/2012\/12\/Jozsef.jpg 400w, https:\/\/www.mszporoszlany.hu\/wp-content\/uploads\/2012\/12\/Jozsef-320x176.jpg 320w\" sizes=\"auto, (max-width: 400px) 100vw, 400px\" \/><p id=\"caption-attachment-1864\" class=\"wp-caption-text\">J\u00f3zsef Attila iskola<\/p><\/div>\n<div id=\"attachment_1865\" style=\"width: 410px\" class=\"wp-caption aligncenter\"><img loading=\"lazy\" decoding=\"async\" aria-describedby=\"caption-attachment-1865\" class=\"size-full wp-image-1865\" title=\"Sagvari\" src=\"https:\/\/www.mszporoszlany.hu\/wp-content\/uploads\/2012\/12\/Sagvari.jpg\" alt=\"\" width=\"400\" height=\"220\" srcset=\"https:\/\/www.mszporoszlany.hu\/wp-content\/uploads\/2012\/12\/Sagvari.jpg 400w, https:\/\/www.mszporoszlany.hu\/wp-content\/uploads\/2012\/12\/Sagvari-320x176.jpg 320w\" sizes=\"auto, (max-width: 400px) 100vw, 400px\" \/><p id=\"caption-attachment-1865\" class=\"wp-caption-text\">S\u00e1gv\u00e1ri Endre iskola<\/p><\/div>\n<div id=\"attachment_1866\" style=\"width: 410px\" class=\"wp-caption aligncenter\"><img loading=\"lazy\" decoding=\"async\" aria-describedby=\"caption-attachment-1866\" class=\"size-full wp-image-1866\" title=\"Uszoda\" src=\"https:\/\/www.mszporoszlany.hu\/wp-content\/uploads\/2012\/12\/Uszoda.jpg\" alt=\"\" width=\"400\" height=\"220\" srcset=\"https:\/\/www.mszporoszlany.hu\/wp-content\/uploads\/2012\/12\/Uszoda.jpg 400w, https:\/\/www.mszporoszlany.hu\/wp-content\/uploads\/2012\/12\/Uszoda-320x176.jpg 320w\" sizes=\"auto, (max-width: 400px) 100vw, 400px\" \/><p id=\"caption-attachment-1866\" class=\"wp-caption-text\">V\u00e1rosi uszoda<\/p><\/div>\n","protected":false},"excerpt":{"rendered":"<p>\u00d6r\u00f6mmel t\u00e1j\u00e9koz\u00f3dhattunk v\u00e1rosunk weboldal\u00e1n arr\u00f3l, hogy december 4-\u00e9n V. N\u00e9meth Zsolt \u00e1llamtitk\u00e1r \u00e9s Czunyin\u00e9 dr. Bertalan Judit korm\u00e1nymegb\u00edzott megtartotta els\u0151 t\u00e1rgyal\u00e1s\u00e1t Tak\u00e1cs K\u00e1roly polg\u00e1rmesterrel a korm\u00e1ny \u00e1ltal meghirdetett \u00f6nkorm\u00e1nyzati ad\u00f3ss\u00e1g-\u00e1tv\u00e1llal\u00e1sr\u00f3l. A t\u00e1rgyal\u00e1st k\u00f6vet\u0151 sajt\u00f3t\u00e1j\u00e9koztat\u00f3n az \u00e1llamtitk\u00e1r bejelentette: \u00e1ttekintette a v\u00e1ros &hellip; <a href=\"https:\/\/www.mszporoszlany.hu\/?p=1862\">Egy kattint\u00e1s ide a folytat\u00e1shoz&#8230;. <span class=\"meta-nav\">&rarr;<\/span><\/a><\/p>\n","protected":false},"author":35,"featured_media":0,"comment_status":"closed","ping_status":"closed","sticky":false,"template":"","format":"standard","meta":{"footnotes":""},"categories":[194],"tags":[1171,93,1172,1173,1177,1174,1170,56,1175,9,1176,1169],"class_list":["post-1862","post","type-post","status-publish","format-standard","hentry","category-oroszlany","tag-adokepesseg","tag-czunyine-dr-bertalan-judit","tag-geniuszok","tag-hatmilliardnyi-vagyonnovekedes","tag-ipari-parki-fejlesztes","tag-korszeru-intezmanyek","tag-onkormanyzati-adossagatvallalas","tag-papp-peter","tag-szakrendelo-felujitas","tag-takacs-karoly","tag-utfelujitas","tag-v-nemeth-zsolt"],"_links":{"self":[{"href":"https:\/\/www.mszporoszlany.hu\/index.php?rest_route=\/wp\/v2\/posts\/1862","targetHints":{"allow":["GET"]}}],"collection":[{"href":"https:\/\/www.mszporoszlany.hu\/index.php?rest_route=\/wp\/v2\/posts"}],"about":[{"href":"https:\/\/www.mszporoszlany.hu\/index.php?rest_route=\/wp\/v2\/types\/post"}],"author":[{"embeddable":true,"href":"https:\/\/www.mszporoszlany.hu\/index.php?rest_route=\/wp\/v2\/users\/35"}],"replies":[{"embeddable":true,"href":"https:\/\/www.mszporoszlany.hu\/index.php?rest_route=%2Fwp%2Fv2%2Fcomments&post=1862"}],"version-history":[{"count":0,"href":"https:\/\/www.mszporoszlany.hu\/index.php?rest_route=\/wp\/v2\/posts\/1862\/revisions"}],"wp:attachment":[{"href":"https:\/\/www.mszporoszlany.hu\/index.php?rest_route=%2Fwp%2Fv2%2Fmedia&parent=1862"}],"wp:term":[{"taxonomy":"category","embeddable":true,"href":"https:\/\/www.mszporoszlany.hu\/index.php?rest_route=%2Fwp%2Fv2%2Fcategories&post=1862"},{"taxonomy":"post_tag","embeddable":true,"href":"https:\/\/www.mszporoszlany.hu\/index.php?rest_route=%2Fwp%2Fv2%2Ftags&post=1862"}],"curies":[{"name":"wp","href":"https:\/\/api.w.org\/{rel}","templated":true}]}}