{"id":1881,"date":"2012-12-10T23:17:04","date_gmt":"2012-12-10T22:17:04","guid":{"rendered":"http:\/\/www.mszporoszlany.hu\/?p=1881"},"modified":"2012-12-10T23:18:52","modified_gmt":"2012-12-10T22:18:52","slug":"heti-cikkajanlo-50-het","status":"publish","type":"post","link":"https:\/\/www.mszporoszlany.hu\/?p=1881","title":{"rendered":"Heti cikkaj\u00e1nl\u00f3 (50. h\u00e9t)"},"content":{"rendered":"<p><img loading=\"lazy\" decoding=\"async\" class=\"alignleft size-full wp-image-1443\" title=\"Cikkajanlo5\" src=\"https:\/\/www.mszporoszlany.hu\/wp-content\/uploads\/2012\/10\/Cikkajanlo5.png\" alt=\"\" width=\"200\" height=\"120\" \/>Szervezt\u00fcnk tagjai, bar\u00e1taink \u00e9s ismer\u0151seink javasolt\u00e1k az al\u00e1bbi cikkeket elolvas\u00e1sra. Amennyiben ideje \u00e9s lehet\u0151s\u00e9ge van r\u00e1, k\u00e9rj\u00fck l\u00e1togasson el a megadott oldalakra \u00e9s olvassa el \u00d6n is az \u00e1ltaluk javasolt cikkeket. Amennyiben \u00e9rdemi v\u00e9lem\u00e9nye lenne a cikkekkel kapcsolatosan, akkor Facebook oldalunkon a megfelel\u0151 cikk bejegyz\u00e9s\u00e9hez v\u00e9lem\u00e9nyt is f\u0171zhet. Kellemes olvasgat\u00e1st k\u00edv\u00e1nunk!<\/p>\n<p><!--more--><\/p>\n<ul>\n<li><a title=\"Vizsg\u00e1lat Gy\u00f6ngy\u00f6spat\u00e1n: hov\u00e1 aut\u00f3zott 1,3 milli\u00f3\u00e9rt Juh\u00e1sz Oszk\u00e1r?\" href=\"http:\/\/atv.hu\/cikk\/20121206_vizsgalat_gyongyospatan_hova_autozott_1_3_millioert_juhasz_oszkar\" target=\"_blank\">Vizsg\u00e1lat <\/a>Gy\u00f6ngy\u00f6spat\u00e1n: hov\u00e1 aut\u00f3zott 1,3 milli\u00f3\u00e9rt Juh\u00e1sz Oszk\u00e1r?<\/li>\n<li>Kedvez\u0151 az <a title=\"Kedvez\u0151 az MSZP aj\u00e1nlat\u00e1nak fogadtat\u00e1sa\" href=\"http:\/\/mszp.hu\/hirek\/kedvezo_az_mszp_ajanlatanak_fogadtatasa\" target=\"_blank\">MSZP aj\u00e1nlat<\/a>\u00e1nak fogadtat\u00e1sa<\/li>\n<li>Az MSZP elhat\u00e1rol\u00f3dik az <a title=\"Az MSZP elhat\u00e1rol\u00f3dik az antiszemita kijelent\u00e9sekt\u0151l\" href=\"http:\/\/www.mszp.hu\/hirek\/az_mszp_elhatarolodik_az_antiszemita_kijelentesektol\" target=\"_blank\">antiszemita <\/a>kijelent\u00e9sekt\u0151l<\/li>\n<li>Embers\u00e9ges megold\u00e1st a <a title=\"Embers\u00e9ges megold\u00e1st a le\u00e9p\u00edt\u00e9sek \u00e1ldozatainak\" href=\"http:\/\/www.mszp.hu\/hirek\/emberseges_megoldast_a_leepitesek_aldozatainak\" target=\"_blank\">le\u00e9p\u00edt\u00e9sek <\/a>\u00e1ldozatainak<\/li>\n<li><a title=\"Elszabadul\u00f3 \u00e1rak, hanyatl\u00e1s - ez az Orb\u00e1ni gazdas\u00e1gpolitika\" href=\"http:\/\/www.mszp.hu\/hirek\/elszabadulo_arak_hanyatlas_ez_az_orbani_gazdasagpolitika\" target=\"_blank\">Elszabadul\u00f3 \u00e1rak<\/a>, hanyatl\u00e1s &#8211; ez az Orb\u00e1ni gazdas\u00e1gpolitika<\/li>\n<li>R\u00e9m\u00e1lomm\u00e1 v\u00e1lhat <a title=\"R\u00e9m\u00e1lomm\u00e1 v\u00e1lhat Orb\u00e1n foci\u00e1lma\" href=\"http:\/\/hvg.hu\/gazdasag\/20121127_Remalomma_valhat_orban_focialma\" target=\"_blank\">Orb\u00e1n foci\u00e1lma<\/a><\/li>\n<li><a title=\"Pedag\u00f3gussztr\u00e1jk: bez\u00e1rhatnak az iskol\u00e1k\" href=\"http:\/\/fn.hir24.hu\/itthon\/2012\/11\/26\/pedagogussztrajk-bezarhatnak-az-iskolak\/\" target=\"_blank\">Pedag\u00f3gussztr\u00e1jk<\/a>: bez\u00e1rhatnak az iskol\u00e1k<\/li>\n<li>\u00cdgy t\u00e1mad a fideszes <a title=\"\u00cdgy t\u00e1mad a fideszes troll-hadsereg!\" href=\"http:\/\/magyarinfo.blog.hu\/2012\/11\/24\/igy_tamad_a_fideszes_troll-hadsereg_356\" target=\"_blank\">troll-hadsereg<\/a>!<\/li>\n<\/ul>\n","protected":false},"excerpt":{"rendered":"<p>Szervezt\u00fcnk tagjai, bar\u00e1taink \u00e9s ismer\u0151seink javasolt\u00e1k az al\u00e1bbi cikkeket elolvas\u00e1sra. Amennyiben ideje \u00e9s lehet\u0151s\u00e9ge van r\u00e1, k\u00e9rj\u00fck l\u00e1togasson el a megadott oldalakra \u00e9s olvassa el \u00d6n is az \u00e1ltaluk javasolt cikkeket. Amennyiben \u00e9rdemi v\u00e9lem\u00e9nye lenne a cikkekkel kapcsolatosan, akkor Facebook &hellip; <a href=\"https:\/\/www.mszporoszlany.hu\/?p=1881\">Egy kattint\u00e1s ide a folytat\u00e1shoz&#8230;. <span class=\"meta-nav\">&rarr;<\/span><\/a><\/p>\n","protected":false},"author":35,"featured_media":0,"comment_status":"closed","ping_status":"closed","sticky":false,"template":"","format":"standard","meta":{"footnotes":""},"categories":[196],"tags":[],"class_list":["post-1881","post","type-post","status-publish","format-standard","hentry","category-magyarorszag"],"_links":{"self":[{"href":"https:\/\/www.mszporoszlany.hu\/index.php?rest_route=\/wp\/v2\/posts\/1881","targetHints":{"allow":["GET"]}}],"collection":[{"href":"https:\/\/www.mszporoszlany.hu\/index.php?rest_route=\/wp\/v2\/posts"}],"about":[{"href":"https:\/\/www.mszporoszlany.hu\/index.php?rest_route=\/wp\/v2\/types\/post"}],"author":[{"embeddable":true,"href":"https:\/\/www.mszporoszlany.hu\/index.php?rest_route=\/wp\/v2\/users\/35"}],"replies":[{"embeddable":true,"href":"https:\/\/www.mszporoszlany.hu\/index.php?rest_route=%2Fwp%2Fv2%2Fcomments&post=1881"}],"version-history":[{"count":0,"href":"https:\/\/www.mszporoszlany.hu\/index.php?rest_route=\/wp\/v2\/posts\/1881\/revisions"}],"wp:attachment":[{"href":"https:\/\/www.mszporoszlany.hu\/index.php?rest_route=%2Fwp%2Fv2%2Fmedia&parent=1881"}],"wp:term":[{"taxonomy":"category","embeddable":true,"href":"https:\/\/www.mszporoszlany.hu\/index.php?rest_route=%2Fwp%2Fv2%2Fcategories&post=1881"},{"taxonomy":"post_tag","embeddable":true,"href":"https:\/\/www.mszporoszlany.hu\/index.php?rest_route=%2Fwp%2Fv2%2Ftags&post=1881"}],"curies":[{"name":"wp","href":"https:\/\/api.w.org\/{rel}","templated":true}]}}