{"id":1887,"date":"2012-12-10T23:45:18","date_gmt":"2012-12-10T22:45:18","guid":{"rendered":"http:\/\/www.mszporoszlany.hu\/?p=1887"},"modified":"2012-12-10T23:45:18","modified_gmt":"2012-12-10T22:45:18","slug":"az-oroszlanszivu-polgarmester","status":"publish","type":"post","link":"https:\/\/www.mszporoszlany.hu\/?p=1887","title":{"rendered":"Az Oroszl\u00e1nsz\u00edv\u0171 Polg\u00e1rmester"},"content":{"rendered":"<p><img loading=\"lazy\" decoding=\"async\" class=\"alignleft size-full wp-image-1888\" title=\"Oroszlansziv\" src=\"https:\/\/www.mszporoszlany.hu\/wp-content\/uploads\/2012\/12\/Oroszlansziv.png\" alt=\"\" width=\"200\" height=\"120\" \/>Egy polg\u00e1rmestert sokan b\u00edr\u00e1lnak, k\u00fcl\u00f6nf\u00e9le jelz\u0151kkel \u00e9kes\u00edtenek fel. Az oroszl\u00e1nyiak azonban b\u00fcszk\u00e9k is lehetnek a saj\u00e1tjukra, hiszen kev\u00e9s ilyen b\u00e1tor vezet\u0151je van a mai k\u00f6zigazgat\u00e1snak. A menetlevelek tan\u00fas\u00e1ga szerint Tak\u00e1cs K\u00e1roly \u00f6nfel\u00e1ldoz\u00f3 m\u00f3don, s\u0151t hal\u00e1lmegvet\u0151 b\u00e1tors\u00e1ggal utazott nap, mint nap a v\u00e1ros \u00e9rdek\u00e9ben egy olyan aut\u00f3ban, amelyiknek a sof\u0151rje p\u00e9ld\u00e1ul 2011.febru\u00e1r 2-19-ig \u00f6sszesen 220 \u00f3r\u00e1t vezetett, illetve volt szolg\u00e1latban a menetlevelek szerint. Ez 16.9 \u00f3r\u00e1s napi \u00e1tlagot jelent. Febru\u00e1r 2-\u00e1n p\u00e9ld\u00e1ul 665 km-t, \u00e9s 4-\u00e9n 501 km-t utazott a kocsival Oroszl\u00e1ny \u00e9s Paks k\u00f6z\u00f6tt. Igaz, a menetlev\u00e9len szerepelt az is, hogy ebben budapesti \u00fat is volt aznap. Csak az nem der\u00fcl ki, mikor, hogyan, ugyanis a nagyvonal\u00fa jegyzetel\u00e9sb\u0151l ez nem der\u00fcl ki, de err\u0151l a k\u00e9s\u0151bbiekben \u00e9rdemes sz\u00f3lni. K\u00e9t \u00e9s f\u00e9l h\u00e9t alatt hatszor j\u00e1rtak Pakson. Bizony\u00e1ra ott kellett megv\u00e9deni az oroszl\u00e1nyi \u00e9rdekeket, vagy ott t\u00f6rt\u00e9nt valami titokzatos dolog, ami\u00e9rt ennyiszer kellett f\u00e1radni. A k\u00e9t \u00fcl\u00e9s k\u00f6z\u00f6tti test\u00fcleti besz\u00e1mol\u00f3ban ezek nem szerepeltek, ez\u00e9rt gondolom, hogy hivatali titok az utaz\u00e1sok c\u00e9lja. Egyszer \u00fagyis kider\u00fcl majd a nagy csendben int\u00e9zett \u00fcgy, ha napvil\u00e1got l\u00e1t a f\u00e1rads\u00e1gos el\u0151k\u00e9sz\u00edt\u00e9s eredm\u00e9nye\u2026<\/p>\n<p><!--more--><\/p>\n<p>A polg\u00e1rmester nemcsak az\u00e9rt b\u00e1tor, mert az ugyancsak f\u00e1radhatatlan sof\u0151rrel \u00e9jt nappall\u00e1 t\u00e9ve r\u00f3ja az utakat, hanem az\u00e9rt is, mert forgalmas \u00e9s vesz\u00e9lyes aut\u00f3p\u00e1ly\u00e1kon teljes\u00edti a t\u00e1vokat, ami manaps\u00e1g nem vesz\u00e9lytelen. 1,5 \u00e9v alatt 113-szor voltak Budapesten, \u00e1tlagban h\u00e1romnaponta. A menetlevelekb\u0151l \u00e9s a k\u00e9t \u00fcl\u00e9s k\u00f6z\u00f6tti besz\u00e1mol\u00f3kb\u00f3l itt sem der\u00fclt ki, vajon az \u00faj k\u00f6zigazgat\u00e1si \u00e1tszervez\u00e9sek folyam\u00e1n Budapest agglomer\u00e1ci\u00f3j\u00e1ba ker\u00fcl\u00fcnk, esetleg ennek elker\u00fcl\u00e9s\u00e9t kellett megakad\u00e1lyozni a sz\u00e1mtalan t\u00e1rgyal\u00e1ssal, ami igen kor\u00e1n kezd\u0151d\u00f6tt, de nagyon sok\u00e1ig tartott aznap, hiszen a menetlevelek szerint olykor reggel hatt\u00f3l \u00e9jf\u00e9lig tartott a g\u00e9pkocsivezet\u0151 szolg\u00e1lata (p\u00e9ld\u00e1ul 2011. m\u00e1jus 23-\u00e1n, 25-\u00e9n). A menetlevelek nagyvonal\u00faan r\u00f6gz\u00edtik az adatokat, hiszen nem lehet meg\u00e1llap\u00edtani az egyes indul\u00e1sok \u00e9s \u00e9rkez\u00e9sek pontos idej\u00e9t, kilom\u00e9ter\u00f3ra \u00e1ll\u00e1s\u00e1t sem.<\/p>\n<p>2011. j\u00falius h\u00f3napban p\u00e9ld\u00e1ul 415 \u00f3r\u00e1t teljes\u00edtett a g\u00e9pkocsivezet\u0151, aki \u00f6sszesen 460.938 forintot kapott \u00e9rte, ami 1.110 forintos \u00f3rad\u00edj. Ilyen vesz\u00e9lyes munk\u00e1\u00e9rt ez nevets\u00e9gesen alacsony \u00f6sszeg, ha figyelembe vessz\u00fck a napi 16 \u00f3r\u00e1s \u00e1lland\u00f3 ig\u00e9nybev\u00e9telt. Ez, k\u00e9rem, a b\u00e1tors\u00e1g b\u00e9re! Mert ennyi munk\u00e1t v\u00e9gezni csak nagyon b\u00e1tor emberek tudnak, szinte a pihen\u00e9st is kihagyva, hiszen k\u00e9t t\u00edz \u00f3r\u00e1s nap k\u00f6z\u00f6tt egy h\u00fasz\u00f3r\u00e1s ig\u00e9nybev\u00e9tel is volt (j\u00falius 14-\u00e9n, amikor \u00f6sszesen 603 km-t vezetett)!<\/p>\n<p>M\u00e1sok tal\u00e1n addig gondolkodn\u00e1nak, miel\u0151tt be\u00fcln\u00e9nek a hihetetlen teljes\u00edtm\u00e9nyt ny\u00fajt\u00f3 vezet\u0151 mell\u00e9, hogy nem is v\u00e1llaln\u00e1k a kock\u00e1zatot. Mi azonban ne foglalkozzunk azokkal, akik gy\u00e1v\u00e1n megfutamodn\u00e1nak a feladat el\u0151l, hiszen nekik ahhoz sem volt b\u00e1tors\u00e1guk, hogy induljanak a polg\u00e1rmester-v\u00e1laszt\u00e1son!<br \/>\nFord\u00edtsuk ink\u00e1bb figyelm\u00fcnket Oroszl\u00e1nsz\u00edv\u0171 Polg\u00e1rmester\u00fcnk \u00e9s az \u0151 g\u00e9pkocsivezet\u0151je teljes\u00edtm\u00e9ny\u00e9re!<\/p>\n<p>Folytat\u00e1sa k\u00f6vetkezik\u2026<\/p>\n","protected":false},"excerpt":{"rendered":"<p>Egy polg\u00e1rmestert sokan b\u00edr\u00e1lnak, k\u00fcl\u00f6nf\u00e9le jelz\u0151kkel \u00e9kes\u00edtenek fel. Az oroszl\u00e1nyiak  azonban b\u00fcszk\u00e9k is lehetnek a saj\u00e1tjukra, hiszen kev\u00e9s ilyen b\u00e1tor vezet\u0151je van a mai k\u00f6zigazgat\u00e1snak. A menetlevelek tan\u00fas\u00e1ga szerint Tak\u00e1cs K\u00e1roly \u00f6nfel\u00e1ldoz\u00f3 m\u00f3don, s\u0151t hal\u00e1lmegvet\u0151 b\u00e1tors\u00e1ggal utazott nap, mint nap a v\u00e1ros \u00e9rdek\u00e9ben egy olyan aut\u00f3ban, amelyiknek a sof\u0151rje p\u00e9ld\u00e1ul 2011.febru\u00e1r 2-19-ig \u00f6sszesen 220 \u00f3r\u00e1t vezetett, illetve volt szolg\u00e1latban a menetlevelek szerint. Ez 16.9 \u00f3r\u00e1s napi \u00e1tlagot jelent. Febru\u00e1r 2-\u00e1n p\u00e9ld\u00e1ul 665 km-t, \u00e9s 4-\u00e9n 501 km-t utazott a kocsival Oroszl\u00e1ny \u00e9s Paks k\u00f6z\u00f6tt.  Igaz, a menetlev\u00e9len szerepelt az is, hogy ebben budapesti \u00fat is volt aznap. Csak az nem der\u00fcl ki, mikor, hogyan, ugyanis a nagyvonal\u00fa jegyzetel\u00e9sb\u0151l ez nem der\u00fcl ki, de err\u0151l a k\u00e9s\u0151bbiekben \u00e9rdemes sz\u00f3lni. K\u00e9t \u00e9s f\u00e9l h\u00e9t alatt hatszor j\u00e1rtak Pakson. Bizony\u00e1ra ott kellett megv\u00e9deni az oroszl\u00e1nyi \u00e9rdekeket, vagy ott t\u00f6rt\u00e9nt valami titokzatos dolog, ami\u00e9rt ennyiszer kellett f\u00e1radni. A k\u00e9t \u00fcl\u00e9s k\u00f6z\u00f6tti test\u00fcleti besz\u00e1mol\u00f3ban ezek nem szerepeltek, ez\u00e9rt gondolom, hogy hivatali titok az utaz\u00e1sok c\u00e9lja. Egyszer \u00fagyis kider\u00fcl majd a nagy csendben int\u00e9zett \u00fcgy, ha napvil\u00e1got l\u00e1t a f\u00e1rads\u00e1gos el\u0151k\u00e9sz\u00edt\u00e9s eredm\u00e9nye\u2026 <a href=\"https:\/\/www.mszporoszlany.hu\/?p=1887\">Egy kattint\u00e1s ide a folytat\u00e1shoz&#8230;. <span class=\"meta-nav\">&rarr;<\/span><\/a><\/p>\n","protected":false},"author":35,"featured_media":0,"comment_status":"open","ping_status":"closed","sticky":false,"template":"","format":"standard","meta":{"footnotes":""},"categories":[194],"tags":[1179,1156,1181,554,1180,70,1178,9],"class_list":["post-1887","post","type-post","status-publish","format-standard","hentry","category-oroszlany","tag-16-9-oras-napi-atlag","tag-budapest","tag-gepkocsivezeto","tag-menetlevel","tag-paks","tag-polgarmester","tag-sofor","tag-takacs-karoly"],"_links":{"self":[{"href":"https:\/\/www.mszporoszlany.hu\/index.php?rest_route=\/wp\/v2\/posts\/1887","targetHints":{"allow":["GET"]}}],"collection":[{"href":"https:\/\/www.mszporoszlany.hu\/index.php?rest_route=\/wp\/v2\/posts"}],"about":[{"href":"https:\/\/www.mszporoszlany.hu\/index.php?rest_route=\/wp\/v2\/types\/post"}],"author":[{"embeddable":true,"href":"https:\/\/www.mszporoszlany.hu\/index.php?rest_route=\/wp\/v2\/users\/35"}],"replies":[{"embeddable":true,"href":"https:\/\/www.mszporoszlany.hu\/index.php?rest_route=%2Fwp%2Fv2%2Fcomments&post=1887"}],"version-history":[{"count":0,"href":"https:\/\/www.mszporoszlany.hu\/index.php?rest_route=\/wp\/v2\/posts\/1887\/revisions"}],"wp:attachment":[{"href":"https:\/\/www.mszporoszlany.hu\/index.php?rest_route=%2Fwp%2Fv2%2Fmedia&parent=1887"}],"wp:term":[{"taxonomy":"category","embeddable":true,"href":"https:\/\/www.mszporoszlany.hu\/index.php?rest_route=%2Fwp%2Fv2%2Fcategories&post=1887"},{"taxonomy":"post_tag","embeddable":true,"href":"https:\/\/www.mszporoszlany.hu\/index.php?rest_route=%2Fwp%2Fv2%2Ftags&post=1887"}],"curies":[{"name":"wp","href":"https:\/\/api.w.org\/{rel}","templated":true}]}}