{"id":1897,"date":"2012-12-12T22:55:26","date_gmt":"2012-12-12T21:55:26","guid":{"rendered":"http:\/\/www.mszporoszlany.hu\/?p=1897"},"modified":"2012-12-18T06:19:32","modified_gmt":"2012-12-18T05:19:32","slug":"orvosi-eset","status":"publish","type":"post","link":"https:\/\/www.mszporoszlany.hu\/?p=1897","title":{"rendered":"Orvosi eset?"},"content":{"rendered":"<p><img loading=\"lazy\" decoding=\"async\" class=\"alignleft size-full wp-image-1898\" title=\"PappIstvan\" alt=\"\" src=\"https:\/\/www.mszporoszlany.hu\/wp-content\/uploads\/2012\/12\/PappIstvan.png\" width=\"200\" height=\"120\" \/>Ki mint vet, \u00fagy arat! \u2013 tartja a b\u00f6lcs k\u00f6zmond\u00e1s. A v\u00e1ros polg\u00e1rmestere tal\u00e1n most szembes\u00fclt komolyabban el\u0151sz\u00f6r azzal, hogy az emberek figyelnek arra, amit mond. Na nem az\u00e9rt, mert fontosnak tartj\u00e1k, hanem az\u00e9rt, mert er\u0151sen megk\u00e9rd\u0151jelezhet\u0151ek szavai. Van, aki szerint ez &#8222;orvosi kezel\u00e9st&#8221; ig\u00e9nyl\u0151 probl\u00e9ma v\u00e1rosunk els\u0151 ember\u00e9n\u00e9l.<\/p>\n<p><!--more--><\/p>\n<p>T\u00f6bbsz\u00f6r felh\u00edvtuk a figyelmet a polg\u00e1rmester ilyet\u00e9n probl\u00e9m\u00e1ira, amikor valamit le\u00edr, \u00e9s ut\u00e1na azzal teljesen ellent\u00e9tesen m\u00e1st \u00e1ll\u00edt. Az sem ritka eset, hogy nyilv\u00e1nos tetteit k\u00e9s\u0151bb \u2013szint\u00e9n nyilv\u00e1nosan\u2013 meg nem t\u00f6rt\u00e9ntnek \u00e1ll\u00edtja be! (Mint ahogy a &#8222;Volt-e sajt\u00f3t\u00e1j\u00e9koztat\u00f3&#8221;, vagy sem a nagy \u00f6sszeg\u0171 r\u00e1galmaz\u00e1st illet\u0151en!?) Ilyen gondok keletkeznek akkor, amikor az ember mindenkor \u00e9s mindenhol \u2013uralkod\u00f3i all\u0171r\u00f6knek engedve\u2013 els\u0151 \u00e9s egyetlen k\u00edv\u00e1n lenni a tud\u00f3s\u00edt\u00e1sok \u00e9s nyilv\u00e1noss\u00e1g ter\u00e9n. Tudom\u00e1sul kell venni, hogy az ember tettei, szavai \u00e9s k\u00f6zz\u00e9tett gondolatai \u00edgy (fot\u00f3kon, vide\u00f3kon, cikkekben, nyilatkozatokban) visszakereshet\u0151v\u00e9 v\u00e1lnak \u00e9s a szembes\u00edt\u00e9s b\u00e1rmikor megtehet\u0151. Azt\u00e1n nem marad m\u00e1s, mint a k\u00ednos magyar\u00e1zkod\u00e1s, vagy a s\u00falyos csend \u00e9s d\u00f6bbenet.<\/p>\n<p>Nem t\u00f6rt\u00e9nt ez m\u00e1sk\u00e9nt a napokban sem! Tak\u00e1cs polg\u00e1rmester sz\u00e1nd\u00e9kos k\u00e1rokoz\u00e1st kiab\u00e1lva, emberek felel\u0151ss\u00e9g\u00e9t felvetve, \u00e9s vel\u00fck szemben elv\u00e1rand\u00f3 cselekedeteket megfogalmazva ki\u00e1ltotta \u00e9gbe aktu\u00e1lis elmesz\u00fclem\u00e9ny\u00e9t. (Ezzel kapcsolatos \u00edr\u00e1sunk <a title=\"Ugr\u00e1s a &quot;A naivit\u00e1s kora?&quot; c\u00edm\u0171 cikkre\" href=\"https:\/\/www.mszporoszlany.hu\/?p=1792\" target=\"_blank\">itt olvashat\u00f3<\/a>\u2026). A mostani \u00edr\u00e1sos kirohan\u00e1snak hamar megsz\u00fcletett a v\u00e1laszl\u00e9p\u00e9se, mint azt a v\u00e1rosi telev\u00edzi\u00f3 riportj\u00e1b\u00f3l megtudhattuk. Egy nyilv\u00e1noss\u00e1g el\u00e9 cit\u00e1lt szem\u00e9ly \u00e9l\u0151 egyenesben osztotta meg a polg\u00e1rmesterrel \u0151szinte, kend\u0151zetlen v\u00e9lem\u00e9ny\u00e9t. Ennek egyik f\u0151 momentuma, hogy a polg\u00e1rmester miel\u0151tt nyilatkozik, t\u00e1j\u00e9koz\u00f3djon. Ha pedig nem teszi, akkor ne besz\u00e9ljen olyan dolgokr\u00f3l, aminek nem j\u00e1rt pontosan ut\u00e1na. A polg\u00e1rmester kirohan\u00e1sa \u00e1ltal \u00e9rintett a riport alapj\u00e1n t\u00f6bbsz\u00f6r is javasolta polg\u00e1rmester\u00fcnknek, hogy l\u00e1togasson el megfelel\u0151 szakorvoshoz, ugyanis arra nagy sz\u00fcks\u00e9ge lenne.<\/p>\n<p>Az, hogy mi v\u00e1ltotta ki a riportalany hat\u00e1rozott v\u00e9lem\u00e9ny\u00e9t, al\u00e1bb olvashat\u00f3:<\/p>\n<p>Tak\u00e1cs K\u00e1roly Facebook bejegyz\u00e9se: &#8222;<em>Bizony\u00e1ra ezek az ismertelen tettesek illeg\u00e1lis-rong\u00e1l\u00f3 munk\u00e1i ellen a szonsz\u00e9dos Papp J\u00e1nos \u00e9s H\u00fcv\u00f6s-R\u00e9csy Istv\u00e1n urak tiltakozni fognak \u00e9s ak\u00e1r Rend\u0151rs\u00e9ghez is fordulnak, megakad\u00e1lyozva a 25 M Ft-os \u00fat tov\u00e1bbi rong\u00e1l\u00e1s\u00e1t, \u00e9s a k\u00f6z\u00f6ss\u00e9gi c\u00e9lok akad\u00e1lyoz\u00e1s\u00e1t. S behajtj\u00e1k az elk\u00f6vet\u0151k\u00f6n a k\u00e1rt\u00e9telt. Megv\u00e1rjuk, hogy ezt megszeml\u00e9lj\u00e9k \u00e9s megtegy\u00e9k a feljelent\u00e9st, s ha nem teszik meg mi fogjuk ezt megtenni!<\/em>&#8221;<\/p>\n<p>A riportban Papp \u00far sz\u00e1mon k\u00e9ri v\u00e1rosunk els\u0151 sz\u00e1m\u00fa vezet\u0151j\u00e9t, hogy milyen alapon neves\u00edtette \u0151t, aki egy az egyben kijelenti, hogy \u0151 ilyet bizony nem tett. H\u00e1t csoda, ha az \u00e9rintettben felmer\u00fcl az orvosi vizsg\u00e1lat jogoss\u00e1g\u00e1nak k\u00e9rd\u00e9se? Ezzel kapcsolatos v\u00e9lem\u00e9nye pedig az al\u00e1bbi riport <a title=\"Youtube vide\u00f3 megtekint\u00e9se...\" href=\"http:\/\/www.youtube.com\/watch?v=DGCbr9DygoI#t=12m06s\" target=\"_blank\">12:06 perc\u00e9t\u0151l<\/a> hallgathat\u00f3 meg!<\/p>\n<p>A riport \u2013kor\u00e1bban \u00e1ltalunk is felvetett\u2013 tov\u00e1bbi probl\u00e9m\u00e1kra is felh\u00edvta a figyelmet. Mint kider\u00fcl, er\u0151s probl\u00e9m\u00e1k voltak az el\u0151k\u00e9sz\u00edt\u00e9ssel, ami\u00e9rt a polg\u00e1rmester szerint a hivatal szakembere felel\u0151s. \u00dajdons\u00e1gk\u00e9nt \u00e9rte a polg\u00e1rmestert, hogy a f\u00f6ldhivatali nyilv\u00e1ntart\u00e1sok alapj\u00e1n egyszer\u0171en tiszt\u00e1zni lehetett volna a tulajdonosi k\u00f6rt, akikkel \u00e9rdemben \u00edr\u00e1sban meg is lehetett volna egyezni. \u00cdgy elker\u00fclhet\u0151 lett volna a jelenlegi &#8222;s\u00falyos&#8221; helyzet.<\/p>\n<p>Az is \u00e9rdekes momentum, amikor a fejleszt\u00e9s sor\u00e1n keletkezett \u00fatszakaszra vonatkoz\u00f3an jelzik az \u00e9rintettek, hogy az egyeztet\u00e9sek elmulaszt\u00e1s\u00e1n t\u00fal tov\u00e1bbi gondok is vannak. Forgalomtechnikai probl\u00e9ma p\u00e9ld\u00e1ul, hogy az \u00fat min\u0151s\u00e9g\u00e9re tekintettel sebess\u00e9gkorl\u00e1toz\u00e1st kellett volna \u00e9rv\u00e9nyes\u00edteni. Mivel az \u00fat akt\u00edv vad\u00e1szati ter\u00fcleten halad \u00e1t, tov\u00e1bbi probl\u00e9ma a vadvesz\u00e9ly jelz\u00e9s\u00e9nek hi\u00e1nya. Hasonl\u00f3an gondot okoz \u2013ezt m\u00e1r t\u00f6bben jelezt\u00e9k az els\u0151 havas napok alkalm\u00e1val\u2013 a kiv\u00e1ly\u00fasodott \u00fat k\u00f6zep\u00e9n feltornyosodott h\u00f3, amely k\u0151kem\u00e9ny jeges g\u00e1tt\u00e1 fagyva az alacsonyabb aut\u00f3k alv\u00e1z\u00e1ra komoly vesz\u00e9lyt jelent. Jogosan vet\u0151dik fel a k\u00e9rd\u00e9s, a balesetek eset\u00e9n kit terhel majd a felel\u0151ss\u00e9g.<\/p>\n<p>\u00c9rdekl\u0151d\u00e9ssel v\u00e1rjuk a folytat\u00e1st, ugyanis a riportban t\u00f6bb utal\u00e1s is tal\u00e1lhat\u00f3 arra, hogy az esem\u00e9nyek itt m\u00e9g nem \u00e9rtek v\u00e9get.<\/p>\n","protected":false},"excerpt":{"rendered":"<p>Ki mint vet, \u00fagy arat! \u2013 tartja a b\u00f6lcs k\u00f6zmond\u00e1s. A v\u00e1ros polg\u00e1rmestere tal\u00e1n most szembes\u00fclt komolyabban el\u0151sz\u00f6r azzal, hogy az emberek figyelnek arra, amit mond. Na nem az\u00e9rt, mert fontosnak tartj\u00e1k, hanem az\u00e9rt, mert er\u0151sen megk\u00e9rd\u0151jelezhet\u0151ek szavai. Van, aki szerint ez &#8222;orvosi kezel\u00e9st&#8221; ig\u00e9nyl\u0151 probl\u00e9ma v\u00e1rosunk els\u0151 ember\u00e9n\u00e9l. <a href=\"https:\/\/www.mszporoszlany.hu\/?p=1897\">Egy kattint\u00e1s ide a folytat\u00e1shoz&#8230;. <span class=\"meta-nav\">&rarr;<\/span><\/a><\/p>\n","protected":false},"author":35,"featured_media":0,"comment_status":"open","ping_status":"closed","sticky":false,"template":"","format":"standard","meta":{"footnotes":""},"categories":[194],"tags":[1195,1196,1189,1191,1188,1187,1193,1186,1184,1047,1190,1192,1194,1185],"class_list":["post-1897","post","type-post","status-publish","format-standard","hentry","category-oroszlany","tag-baleset","tag-felelosseg","tag-foldhivatali-nyilvantartas","tag-forgalomtechnikai-problema","tag-huvos-recsy-istvan","tag-papp-janos","tag-sebessegkorlatozas","tag-szakorvos","tag-szandekos-karokozas","tag-takacs-polgarmester","tag-tulajdonosi-kor","tag-ut-minoseg","tag-vadveszely","tag-varosi-televizio"],"_links":{"self":[{"href":"https:\/\/www.mszporoszlany.hu\/index.php?rest_route=\/wp\/v2\/posts\/1897","targetHints":{"allow":["GET"]}}],"collection":[{"href":"https:\/\/www.mszporoszlany.hu\/index.php?rest_route=\/wp\/v2\/posts"}],"about":[{"href":"https:\/\/www.mszporoszlany.hu\/index.php?rest_route=\/wp\/v2\/types\/post"}],"author":[{"embeddable":true,"href":"https:\/\/www.mszporoszlany.hu\/index.php?rest_route=\/wp\/v2\/users\/35"}],"replies":[{"embeddable":true,"href":"https:\/\/www.mszporoszlany.hu\/index.php?rest_route=%2Fwp%2Fv2%2Fcomments&post=1897"}],"version-history":[{"count":0,"href":"https:\/\/www.mszporoszlany.hu\/index.php?rest_route=\/wp\/v2\/posts\/1897\/revisions"}],"wp:attachment":[{"href":"https:\/\/www.mszporoszlany.hu\/index.php?rest_route=%2Fwp%2Fv2%2Fmedia&parent=1897"}],"wp:term":[{"taxonomy":"category","embeddable":true,"href":"https:\/\/www.mszporoszlany.hu\/index.php?rest_route=%2Fwp%2Fv2%2Fcategories&post=1897"},{"taxonomy":"post_tag","embeddable":true,"href":"https:\/\/www.mszporoszlany.hu\/index.php?rest_route=%2Fwp%2Fv2%2Ftags&post=1897"}],"curies":[{"name":"wp","href":"https:\/\/api.w.org\/{rel}","templated":true}]}}