{"id":1904,"date":"2012-12-14T07:15:55","date_gmt":"2012-12-14T06:15:55","guid":{"rendered":"http:\/\/www.mszporoszlany.hu\/?p=1904"},"modified":"2012-12-14T07:16:23","modified_gmt":"2012-12-14T06:16:23","slug":"megnyitott-az-oroszlany-vertessomlo-jegpalya","status":"publish","type":"post","link":"https:\/\/www.mszporoszlany.hu\/?p=1904","title":{"rendered":"Megnyitott az Oroszl\u00e1ny-V\u00e9rtessoml\u00f3 j\u00e9gp\u00e1lya"},"content":{"rendered":"<p><img loading=\"lazy\" decoding=\"async\" class=\"alignleft size-full wp-image-1905\" alt=\"Jegpalya\" src=\"https:\/\/www.mszporoszlany.hu\/wp-content\/uploads\/2012\/12\/Jegpalya.png\" width=\"200\" height=\"120\" \/>A V\u00e9rtessoml\u00f3ra vezet\u0151 \u00fattal kapcsolatos hazugs\u00e1gd\u00f6mping folytat\u00f3dik, Tak\u00e1cs K\u00e1roly akkora cs\u00fasztat\u00e1sokat ad el\u0151, hogy az oroszl\u00e1nyi k\u00f6z\u00e9letet lassan egy gigantikus j\u00e9gp\u00e1ly\u00e1v\u00e1 v\u00e1ltoztatja! Igaz, most ennek van a szezonja, de valljuk be: jobb, amikor mi cs\u00faszunk a j\u00e9gen, a kijelent\u00e9sek pedig meg\u00e1llnak, mint ford\u00edtva!<\/p>\n<p><!--more--><\/p>\n<p>Az OTV k\u00f6z\u00f6lt egy riportot, amelyben a V\u00e9rtessoml\u00f3ra vezet\u0151 \u00fattal kapcsolatos \u00e1ll\u00edt\u00f3lagos rong\u00e1l\u00e1st firtatta v\u00e1rosunk g\u00e9niusza. A riport v\u00e9g\u00e9n szem- \u00e9s f\u00fcltan\u00fai lehett\u00fcnk annak, ahogy Tak\u00e1cs K\u00e1roly pr\u00f3b\u00e1lja bizonygatni az igaz\u00e1t. Ezzel kapcsolatban a polg\u00e1rmester \u00edrt egy bejegyz\u00e9st Facebook oldal\u00e1ra, ahol megosztja az \u00fcggyel kapcsolatos \u00e9rz\u00e9seit az arra t\u00e9ved\u0151 \u00e9rdekl\u0151d\u0151kkel. A bejegyz\u00e9s kezdete meglehet\u0151sen furcsa. Nem el\u00e9g, hogy ism\u00e9t le\u00edrja Papp J\u00e1nos \u00far nev\u00e9t \u2013 annak ellen\u00e9re, hogy besz\u00e9lget\u0151partnere t\u00f6bbsz\u00f6r is jelzi, hogy ezt ne tegye \u2013 m\u00e9g a kocsij\u00e1ra is utal\u00e1sokat tesz. Vajon mi lehet ezzel a c\u00e9lja? Mi lesz a k\u00f6vetkez\u0151? Postac\u00edmet, esetleg telefonsz\u00e1mot is kapunk majd?<\/p>\n<p>A bejegyz\u00e9sben a polg\u00e1rmester tov\u00e1bb k\u00f6d\u00f6s\u00edt, \u00e9s val\u00f3tlan \u00e1ll\u00edt\u00e1sokat k\u00f6z\u00f6l az olvas\u00f3val. Ugyanis nem az hangzott el, hogy &#8222;maga gy\u00f3gyszeres kezel\u00e9sre szorul&#8221;, hanem az, hogy &#8222;orvoshoz kell fordulni&#8221;. Lehet megfogadta a tan\u00e1csot \u00e9s a gy\u00f3gyszeres kezel\u00e9st, mint t\u00e9ny k\u00f6zli?<\/p>\n<p>Tak\u00e1cs K\u00e1roly meg szeretett volna egyezni Papp \u00farral a k\u00f6z\u00f6ss\u00e9g \u00e9rdek\u00e9ben. De mi\u00e9rt pont vele? Hiszen a riportban kider\u00fclt, hogy Tak\u00e1cs K\u00e1roly nem tudja kik a tulajdonosok. Papp \u00far pedig egy\u00e9rtelm\u0171en jelzi fel\u00e9, hogy \u0151 nem tulajdonos! Vagy m\u00e1r teljesen mindegy, azaz b\u00e1rkivel, b\u00e1rmir\u0151l megegyezne? A 25.000 ember (a polg\u00e1rmester szerint) vesz\u00e9lyeztet\u00e9se pedig val\u00f3s probl\u00e9ma! \u00c9ppen ez\u00e9rt kellett volna norm\u00e1lisan leegyeztetni az \u00fat \u00e9p\u00edt\u00e9s\u00e9vel kapcsolatos \u00fcgyeket, \u00e9s miut\u00e1n mindenki sz\u00e1m\u00e1ra megnyugtat\u00f3 d\u00f6nt\u00e9s sz\u00fcletik, ut\u00e1na neki\u00e1llni. Nem \u00fagy belev\u00e1gni az \u00e9p\u00edtkez\u00e9sbe, hogy m\u00e9g meg sem egyeztek a tulajdonosokkal! Vagyis Polg\u00e1rmester \u00far, nem szabadna embereket vesz\u00e9lyeztetni \u2013 amint arra a m\u00e1sik riportalany fel is h\u00edvja a figyelmet! M\u00e9g \u00d6nnek se!<\/p>\n<p>Van egy mondat, ami viszont tot\u00e1l zavaros: &#8222;K\u00fcl\u00f6n\u00f6sebben \u00e9n nem akarok a tulajdonosokkal foglalkozni, megegyez\u00e9sre t\u00f6rekszem, de senki nem \u00e1rthat a m\u00e1siknak!&#8221; Furcsa igaz? Kezdetben mondjuk az\u00e9rt, mert az \u00fcgyben megegyezni a tulajdonosokkal kell, de \u0151 nem akar vel\u00fck foglalkozni. Vagyis nem foglalkozik vel\u00fck, de az\u00e9rt meg akar vel\u00fck egyezni! Hogy is van ez!? A mondat utols\u00f3 r\u00e9sze a legszebb! &#8222;senki nem \u00e1rthat a m\u00e1siknak&#8221;. Mondja mindezt \u00fagy, hogy \u00e1llampolg\u00e1rokat cit\u00e1l a nyilv\u00e1noss\u00e1g el\u00e9, bizalmas inform\u00e1ci\u00f3kat oszt meg r\u00f3luk, \u00e9s ki nem mondott szavakat ad a sz\u00e1jukba! Mi ez, ha nem a m\u00e1sik b\u00e1nt\u00e1sa? Vagy a helyi Fidesz vezet\u00e9se \u00e9s a szavaz\u00f3k erre is felhatalmazt\u00e1k a polg\u00e1rmestert a v\u00e1laszt\u00e1sok sor\u00e1n?<\/p>\n<p>\u00c9rdekes Tak\u00e1cs K\u00e1roly gondolkod\u00e1sa, mondand\u00f3ja pedig gyakran meglep\u0151en zavaros, \u00e9rthetetlen!, De egy dolog mindig megfigyelhet\u0151! Ha indokolt, hanem a politikai ellenfeleknek k\u00f6vetkezetesen bemos egyet, ami az esetek t\u00f6bbs\u00e9g\u00e9ben \u00f6v\u00f6n alulira siker\u00fcl. Most sem t\u00f6rt\u00e9nik m\u00e1sk\u00e9nt, S\u0151t azt mondja, hogy aki az \u00fat, az Isten adta \u00fat rong\u00e1l\u00e1s\u00e1nak szurkol (ez is \u00e9rdekes egy megl\u00e1t\u00e1s r\u00e9sz\u00e9r\u0151l), annak ki kellene vonulni a demokratikus k\u00f6z\u00e9letb\u0151l. Az egyeztet\u00e9s n\u00e9lk\u00fcli \u00fat\u00e9p\u00edt\u00e9s, m\u00e1s mag\u00e1ntulajdon\u00e1nak semmibe v\u00e9tele, vagy val\u00f3tlans\u00e1gok \u00e1ll\u00edt\u00e1sa annyira demokratikus cselekedetek? Vagy esetleg magukra untak a Fideszben \u00e9s \u00fajabb arcok kellenek az antidemokratikus oldalon? R\u00e1galommal nem fog menni a tagtoborz\u00e1s, azt az oldalt ki kell \u00e9rdemelni \u00e9s r\u00e1 kell szolg\u00e1lni, ahogy Tak\u00e1cs K\u00e1roly \u00e9s p\u00e1rtja r\u00e1 is szolg\u00e1lt ez elm\u00falt \u00e9vekben \u2013 t\u00f6bbek k\u00f6z\u00f6tt az \u00fat\u00e9p\u00edt\u00e9ssel kapcsolatos herce-hurca kapcs\u00e1n is!<\/p>\n","protected":false},"excerpt":{"rendered":"<p>A V\u00e9rtessoml\u00f3ra vezet\u0151 \u00fattal kapcsolatos hazugs\u00e1gd\u00f6mping folytat\u00f3dik, Tak\u00e1cs K\u00e1roly akkora cs\u00fasztat\u00e1sokat ad el\u0151, hogy az oroszl\u00e1nyi k\u00f6z\u00e9letet lassan egy gigantikus j\u00e9gp\u00e1ly\u00e1v\u00e1 v\u00e1ltoztatja! Igaz, most ennek van a szezonja, de valljuk be: jobb, amikor mi cs\u00faszunk a j\u00e9gen, a kijelent\u00e9sek pedig meg\u00e1llnak, mint ford\u00edtva! <a href=\"https:\/\/www.mszporoszlany.hu\/?p=1904\">Egy kattint\u00e1s ide a folytat\u00e1shoz&#8230;. <span class=\"meta-nav\">&rarr;<\/span><\/a><\/p>\n","protected":false},"author":35,"featured_media":0,"comment_status":"open","ping_status":"closed","sticky":false,"template":"","format":"standard","meta":{"footnotes":""},"categories":[194],"tags":[1202,201,266,1197,1201,1198,1187,1203,9,1199,177,1200],"class_list":["post-1904","post","type-post","status-publish","format-standard","hentry","category-oroszlany","tag-bizalmas-informacio","tag-csusztatas","tag-facebook","tag-hazugsagdomping","tag-nyilvanossag","tag-otv","tag-papp-janos","tag-politikai-ellenfel","tag-takacs-karoly","tag-telektulajdonosok","tag-vertessomlo","tag-veszelyeztetes"],"_links":{"self":[{"href":"https:\/\/www.mszporoszlany.hu\/index.php?rest_route=\/wp\/v2\/posts\/1904","targetHints":{"allow":["GET"]}}],"collection":[{"href":"https:\/\/www.mszporoszlany.hu\/index.php?rest_route=\/wp\/v2\/posts"}],"about":[{"href":"https:\/\/www.mszporoszlany.hu\/index.php?rest_route=\/wp\/v2\/types\/post"}],"author":[{"embeddable":true,"href":"https:\/\/www.mszporoszlany.hu\/index.php?rest_route=\/wp\/v2\/users\/35"}],"replies":[{"embeddable":true,"href":"https:\/\/www.mszporoszlany.hu\/index.php?rest_route=%2Fwp%2Fv2%2Fcomments&post=1904"}],"version-history":[{"count":0,"href":"https:\/\/www.mszporoszlany.hu\/index.php?rest_route=\/wp\/v2\/posts\/1904\/revisions"}],"wp:attachment":[{"href":"https:\/\/www.mszporoszlany.hu\/index.php?rest_route=%2Fwp%2Fv2%2Fmedia&parent=1904"}],"wp:term":[{"taxonomy":"category","embeddable":true,"href":"https:\/\/www.mszporoszlany.hu\/index.php?rest_route=%2Fwp%2Fv2%2Fcategories&post=1904"},{"taxonomy":"post_tag","embeddable":true,"href":"https:\/\/www.mszporoszlany.hu\/index.php?rest_route=%2Fwp%2Fv2%2Ftags&post=1904"}],"curies":[{"name":"wp","href":"https:\/\/api.w.org\/{rel}","templated":true}]}}