{"id":1908,"date":"2012-12-16T19:42:36","date_gmt":"2012-12-16T18:42:36","guid":{"rendered":"http:\/\/www.mszporoszlany.hu\/?p=1908"},"modified":"2012-12-16T19:45:08","modified_gmt":"2012-12-16T18:45:08","slug":"megujul-az-mszp-arculata-is","status":"publish","type":"post","link":"https:\/\/www.mszporoszlany.hu\/?p=1908","title":{"rendered":"Meg\u00fajul az MSZP arculata (is)"},"content":{"rendered":"<p><img loading=\"lazy\" decoding=\"async\" class=\"alignleft size-full wp-image-1909\" alt=\"Logo\" src=\"https:\/\/www.mszporoszlany.hu\/wp-content\/uploads\/2012\/12\/Logo.png\" width=\"200\" height=\"120\" \/>\u00daj arculatot kap a Magyar Szocialista P\u00e1rt. Az eur\u00f3pai szoci\u00e1ldemokr\u00e1ci\u00e1kba szervesen illeszked\u0151 \u00faj, dinamikus arculat elemeit mutatta be Mesterh\u00e1zy Attila, az MSZP eln\u00f6ke. A hossz\u00fa h\u00f3napokon \u00e1t tart\u00f3 tervez\u00e9s koordin\u00e1tora Baja Ferenc volt.<\/p>\n<p><!--more--><\/p>\n<p>Letisztult, harmonikus, dinamikus \u2013 ezzel a h\u00e1rom sz\u00f3val jellemezhet\u0151 legink\u00e1bb az MSZP \u00faj arculata. A nemzetk\u00f6zi brand menedzsment szab\u00e1lyai alapj\u00e1n l\u00e9trej\u00f6tt megjelen\u00e9s a skandin\u00e1v szoci\u00e1ldemokr\u00e1cia hagyom\u00e1nyait k\u00f6veti. Megfelel annak az \u00e9rt\u00e9krendszernek, ami egyszerre fejezi ki a stabilit\u00e1s \u00e9s a meg\u00fajul\u00e1s harm\u00f3ni\u00e1j\u00e1t \u2013 \u00e9ppen \u00fagy, ahogy a modern nemzetk\u00f6zi szervezetek is m\u0171k\u00f6dnek. A mai m\u00e9dia vil\u00e1ga az elektronikus h\u00edrk\u00f6zl\u0151kre \u00f6sszpontos\u00edt, az\u00e9rt az arculat az\u00a0 elektronikus platformokra optimaliz\u00e1lt.<\/p>\n<p>Az arculat p\u00e1rteln\u00f6ki bejelent\u00e9s\u00e9nek vide\u00f3ja <a title=\"Youtube vide\u00f3 megtekint\u00e9se\" href=\"http:\/\/www.youtube.com\/watch?v=VEQvAteUNMM\" target=\"_blank\">itt l\u00e1that\u00f3<\/a>&#8230;<\/p>\n","protected":false},"excerpt":{"rendered":"<p>\u00daj arculatot kap a Magyar Szocialista P\u00e1rt. Az eur\u00f3pai szoci\u00e1ldemokr\u00e1ci\u00e1kba szervesen illeszked\u0151 \u00faj, dinamikus arculat elemeit mutatta be Mesterh\u00e1zy Attila, az MSZP eln\u00f6ke. A hossz\u00fa h\u00f3napokon \u00e1t tart\u00f3 tervez\u00e9s koordin\u00e1tora Baja Ferenc volt. <a href=\"https:\/\/www.mszporoszlany.hu\/?p=1908\">Egy kattint\u00e1s ide a folytat\u00e1shoz&#8230;. <span class=\"meta-nav\">&rarr;<\/span><\/a><\/p>\n","protected":false},"author":35,"featured_media":0,"comment_status":"open","ping_status":"closed","sticky":false,"template":"","format":"standard","meta":{"footnotes":""},"categories":[58],"tags":[32,1763],"class_list":["post-1908","post","type-post","status-publish","format-standard","hentry","category-mszp","tag-megujulas","tag-mszp"],"_links":{"self":[{"href":"https:\/\/www.mszporoszlany.hu\/index.php?rest_route=\/wp\/v2\/posts\/1908","targetHints":{"allow":["GET"]}}],"collection":[{"href":"https:\/\/www.mszporoszlany.hu\/index.php?rest_route=\/wp\/v2\/posts"}],"about":[{"href":"https:\/\/www.mszporoszlany.hu\/index.php?rest_route=\/wp\/v2\/types\/post"}],"author":[{"embeddable":true,"href":"https:\/\/www.mszporoszlany.hu\/index.php?rest_route=\/wp\/v2\/users\/35"}],"replies":[{"embeddable":true,"href":"https:\/\/www.mszporoszlany.hu\/index.php?rest_route=%2Fwp%2Fv2%2Fcomments&post=1908"}],"version-history":[{"count":0,"href":"https:\/\/www.mszporoszlany.hu\/index.php?rest_route=\/wp\/v2\/posts\/1908\/revisions"}],"wp:attachment":[{"href":"https:\/\/www.mszporoszlany.hu\/index.php?rest_route=%2Fwp%2Fv2%2Fmedia&parent=1908"}],"wp:term":[{"taxonomy":"category","embeddable":true,"href":"https:\/\/www.mszporoszlany.hu\/index.php?rest_route=%2Fwp%2Fv2%2Fcategories&post=1908"},{"taxonomy":"post_tag","embeddable":true,"href":"https:\/\/www.mszporoszlany.hu\/index.php?rest_route=%2Fwp%2Fv2%2Ftags&post=1908"}],"curies":[{"name":"wp","href":"https:\/\/api.w.org\/{rel}","templated":true}]}}