{"id":191,"date":"2012-03-22T09:27:27","date_gmt":"2012-03-22T08:27:27","guid":{"rendered":"http:\/\/www.mszporoszlany.hu\/?p=191"},"modified":"2012-03-24T09:31:01","modified_gmt":"2012-03-24T08:31:01","slug":"kezdodik-a-nyari-idoszamitas","status":"publish","type":"post","link":"https:\/\/www.mszporoszlany.hu\/?p=191","title":{"rendered":"Kezd\u0151dik a ny\u00e1ri id\u0151sz\u00e1m\u00edt\u00e1s"},"content":{"rendered":"<p><img loading=\"lazy\" decoding=\"async\" class=\"alignleft size-full wp-image-192\" title=\"ora\" src=\"https:\/\/www.mszporoszlany.hu\/wp-content\/uploads\/2012\/03\/ora.jpg\" alt=\"\" width=\"200\" height=\"120\" \/>M\u00e1rcius 25-\u00e9n hajnalban megkezd\u0151dik a ny\u00e1ri id\u0151sz\u00e1m\u00edt\u00e1s. Az \u00f3r\u00e1kat szombatr\u00f3l vas\u00e1rnapra virrad\u00f3ra hajnali 2 \u00f3rakor 3 \u00f3r\u00e1ra kell el\u0151re\u00e1ll\u00edtani. Egyes szakemberek szerint ennek k\u00f6sz\u00f6nhet\u0151en k\u00f6r\u00fclbel\u00fcl 6 milli\u00e1rd forinttal cs\u00f6kken az orsz\u00e1g \u00e9ves villanysz\u00e1ml\u00e1ja. A v\u00e9lem\u00e9nyek egy\u00e9bk\u00e9nt ma m\u00e1r megoszlanak \u00f3ra\u00e1t\u00e1ll\u00edt\u00e1s kapcs\u00e1n, mivel energiafogyaszt\u00e1si szok\u00e1saink 1980 \u00f3ta nagym\u00e9rt\u00e9kben megv\u00e1ltoztak. A leg\u00fajabb sz\u00e1m\u00edt\u00e1sok szerint az energia fogyaszt\u00e1s \u00e1talakul\u00e1sa miatt m\u00e1r nem lehet az \u00f3ra\u00e1t\u00e1ll\u00edt\u00e1ssal energi\u00e1t megtakar\u00edtani.<\/p>\n<p><!--more--><\/p>\n<p>Minden \u00e9vben m\u00e1rcius utols\u00f3 vas\u00e1rnapj\u00e1n kezd\u0151dik \u00e9s okt\u00f3ber utols\u00f3 vas\u00e1rnapj\u00e1ig tart a ny\u00e1ri id\u0151sz\u00e1m\u00edt\u00e1s. A m\u00f3dszert eg\u00e9sz Eur\u00f3p\u00e1ban egys\u00e9gesen alkalmazz\u00e1k, l\u00e9nyege, hogy a tavaszi \u00e9s az \u0151szi nap\u00e9jegyenl\u0151s\u00e9g k\u00f6z\u00f6tt a nappalok hosszabbak, mint az \u00e9jszak\u00e1k.<\/p>\n<p>Harminck\u00e9t \u00e9vvel ezel\u0151tt, 1980. \u00e1prilis 6-\u00e1n vezett\u00e9k be Magyarorsz\u00e1gon a ny\u00e1ri id\u0151sz\u00e1m\u00edt\u00e1st, de ezt az els\u0151 id\u0151pontot kiv\u00e9ve minden \u00e9v m\u00e1rcius utols\u00f3 vas\u00e1rnapj\u00e1n, hajnali 2-kor kell az \u00f3r\u00e1kat \u00e1t\u00e1ll\u00edtani.<\/p>\n","protected":false},"excerpt":{"rendered":"<p>M\u00e1rcius 25-\u00e9n hajnalban megkezd\u0151dik a ny\u00e1ri id\u0151sz\u00e1m\u00edt\u00e1s. Az \u00f3r\u00e1kat szombatr\u00f3l vas\u00e1rnapra virrad\u00f3ra hajnali 2 \u00f3rakor 3 \u00f3r\u00e1ra kell el\u0151re\u00e1ll\u00edtani. Egyes szakemberek szerint ennek k\u00f6sz\u00f6nhet\u0151en k\u00f6r\u00fclbel\u00fcl 6 milli\u00e1rd forinttal cs\u00f6kken az orsz\u00e1g \u00e9ves villanysz\u00e1ml\u00e1ja. A v\u00e9lem\u00e9nyek egy\u00e9bk\u00e9nt ma m\u00e1r megoszlanak \u00f3ra\u00e1t\u00e1ll\u00edt\u00e1s &hellip; <a href=\"https:\/\/www.mszporoszlany.hu\/?p=191\">Egy kattint\u00e1s ide a folytat\u00e1shoz&#8230;. <span class=\"meta-nav\">&rarr;<\/span><\/a><\/p>\n","protected":false},"author":35,"featured_media":0,"comment_status":"closed","ping_status":"closed","sticky":false,"template":"","format":"standard","meta":{"footnotes":""},"categories":[1],"tags":[],"class_list":["post-191","post","type-post","status-publish","format-standard","hentry","category-egyeb"],"_links":{"self":[{"href":"https:\/\/www.mszporoszlany.hu\/index.php?rest_route=\/wp\/v2\/posts\/191","targetHints":{"allow":["GET"]}}],"collection":[{"href":"https:\/\/www.mszporoszlany.hu\/index.php?rest_route=\/wp\/v2\/posts"}],"about":[{"href":"https:\/\/www.mszporoszlany.hu\/index.php?rest_route=\/wp\/v2\/types\/post"}],"author":[{"embeddable":true,"href":"https:\/\/www.mszporoszlany.hu\/index.php?rest_route=\/wp\/v2\/users\/35"}],"replies":[{"embeddable":true,"href":"https:\/\/www.mszporoszlany.hu\/index.php?rest_route=%2Fwp%2Fv2%2Fcomments&post=191"}],"version-history":[{"count":0,"href":"https:\/\/www.mszporoszlany.hu\/index.php?rest_route=\/wp\/v2\/posts\/191\/revisions"}],"wp:attachment":[{"href":"https:\/\/www.mszporoszlany.hu\/index.php?rest_route=%2Fwp%2Fv2%2Fmedia&parent=191"}],"wp:term":[{"taxonomy":"category","embeddable":true,"href":"https:\/\/www.mszporoszlany.hu\/index.php?rest_route=%2Fwp%2Fv2%2Fcategories&post=191"},{"taxonomy":"post_tag","embeddable":true,"href":"https:\/\/www.mszporoszlany.hu\/index.php?rest_route=%2Fwp%2Fv2%2Ftags&post=191"}],"curies":[{"name":"wp","href":"https:\/\/api.w.org\/{rel}","templated":true}]}}