{"id":1916,"date":"2012-12-20T16:22:39","date_gmt":"2012-12-20T15:22:39","guid":{"rendered":"http:\/\/www.mszporoszlany.hu\/?p=1916"},"modified":"2012-12-20T16:29:51","modified_gmt":"2012-12-20T15:29:51","slug":"az-eredendo-bun","status":"publish","type":"post","link":"https:\/\/www.mszporoszlany.hu\/?p=1916","title":{"rendered":"Az eredend\u0151 b\u0171n"},"content":{"rendered":"<p><strong>Avagy a j\u00f3 \u00e9s a gonosz \u00f6r\u00f6k\u00f6s harca<\/strong><\/p>\n<p><img loading=\"lazy\" decoding=\"async\" class=\"alignleft size-full wp-image-1918\" alt=\"Admin\" src=\"https:\/\/www.mszporoszlany.hu\/wp-content\/uploads\/2012\/12\/Admin.png\" width=\"200\" height=\"120\" \/>Ismer\u0151seim jelezt\u00e9k, hogy V\u00e1rosunk G\u00e9niusza megint Fant\u00e1ziaorsz\u00e1gba t\u00e9vedt, \u00e9s csak \u00fagy <a title=\"Mese-mese, meskete...\" href=\"https:\/\/www.facebook.com\/notes\/tak%C3%A1cs-k%C3%A1roly\/madarat-toll%C3%A1r%C3%B3lmilyen-az-oroszl%C3%A1nyi-mszp-%C3%A9s-az-%C3%BAtrong%C3%A1l%C3%B3k-viszonya\/511196192248548\" target=\"_blank\">d\u0151l bel\u0151le a mese<\/a>. Sok \u0151r\u00fcltebbn\u00e9l \u0151r\u00fcltebb \u00f6tlet ugrott be facebookos jegyzet\u00e9nek olvas\u00e1s\u00e1t k\u00f6vet\u0151en. Az &#8222;\u00c9jf\u00e9li \u0151rs\u00e9g&#8221;, a &#8222;Gyaloggalopp&#8221;, valamint gyermekkorom megannyi gy\u00f6ny\u00f6r\u0171 t\u00f6rt\u00e9nete, amelyben a s\u00f6t\u00e9ts\u00e9g (az \u00f6r\u00f6k gonosz) \u00e9s a vil\u00e1goss\u00e1g (az egyed\u00fcl igazak) er\u0151i \u00e1llnak egym\u00e1ssal antagonisztikus ellent\u00e9tben.<\/p>\n<p><!--more--><\/p>\n<p>H\u00e1t ez is elj\u00f6tt! A nagy pat\u00e1s, a minden gonoszs\u00e1gra \u00e9s ront\u00e1sra k\u00e9pes ADMIN v\u00e9gre leleplez\u0151d\u00f6tt! \u00d6rd\u00f6gi terve a krisztusi t\u00fcrelem gy\u00fcm\u00f6lcsek\u00e9nt napvil\u00e1gra ker\u00fclt! Az EGY IGAZ t\u00fcnd\u00f6kl\u0151 f\u00e9ny\u00e9ben megvil\u00e1g\u00edttatott \u00e9s b\u0171n\u00f6snek tal\u00e1ltatott. Utak megront\u00f3ja, c\u00f6l\u00f6p\u00f6k lever\u0151je \u00e9s k\u00e1belek fektet\u0151je v\u00e9gre mindenki sz\u00e1m\u00e1ra egy\u00e9rtelm\u0171en megneveztetett.<\/p>\n<p><strong>Gonosz \u2013 ADMIN a te neved!<\/strong><\/p>\n<p style=\"padding-left: 30px;\">Tud\u00f3s kutat\u00f3k, a szakma nagyjai id\u0151t, p\u00e9nzt \u00e9s \u00e1ldozatot nem k\u00edm\u00e9lve kerest\u00e9k \u2013 \u00e9s mindannyiunk \u00fcdv\u00e9re \u2013 megtal\u00e1lt\u00e1k az esem\u00e9nyek m\u00f6g\u00f6tt \u00e1ll\u00f3, a sz\u00e1lakat s\u00f6t\u00e9t admini birodalm\u00e1b\u00f3l ir\u00e1ny\u00edt\u00f3, a gyeng\u00e9ket \u00e9s elesetteket megront\u00f3, az utakat aljas m\u00f3don, sz\u00e1nd\u00e9kosan megrong\u00e1l\u00f3 f\u0151b\u0171n\u00f6st. T\u00e9vedhetetlen szak\u00e9rt\u0151ink meg\u00e1llap\u00edtott\u00e1k, hogy a J\u00d6RAN eredeti jelent\u00e9se \u2013 amit a mindenki el\u0151tt rejtett takatsu nyelvben tal\u00e1ltak meg \u2013 nem m\u00e1s, mint \u00fcrd\u00fcng, azaz maga a f\u0151gonosz, vagyis a S\u00e1t\u00e1n. Ennek a t\u00e9nynek ismeret\u00e9ben m\u00e1r k\u00f6nny\u0171 volt meg\u00e1llap\u00edtani, hogy ki tette t\u00f6nkre a szent utat, a mennyek sztr\u00e1d\u00e1j\u00e1t, a k\u00f6zj\u00f3 gy\u00fcm\u00f6lcs\u00e9t, az \u00e1ldozatoss\u00e1g f\u00f6ldi megtestes\u00fcl\u00e9s\u00e9t. H\u00e1t persze, hogy a S\u00e1t\u00e1n!<\/p>\n<p style=\"padding-left: 30px;\">Mint azt a r\u00e9szletes szakmai elemz\u00e9sek is kimutatt\u00e1k \u2013 \u00e9s ezt fot\u00f3k sora bizony\u00edtja \u2013 a zar\u00e1ndokok szent \u00fatj\u00e1t az \u00f6rd\u00f6g rec\u00e9s pat\u00e1ja kagyl\u00f3zta ki. Pontos holografikus m\u00e9r\u00e9sekkel meg\u00e1llap\u00edtott\u00e1k, hogy az ADMIN pat\u00e1ja, \u00e9s a l\u00e1nctalpas j\u00e1rm\u0171 \u00e1ltal kiv\u00e1jt rec\u00e9knek t\u0171n\u0151 m\u00e9lyed\u00e9sek t\u00e1vols\u00e1ga mikrom\u00e9ter pontoss\u00e1ggal megegyeznek. Mi sem bizony\u00edtja jobban az eredend\u0151 gonosz aljas \u00e9s fondorlatos tett\u00e9t.<\/p>\n<p style=\"padding-left: 30px;\">A tud\u00f3sok azt is meg\u00e1llap\u00edtott\u00e1k, hogy az \u00fat sz\u00e9l\u00e9re levert c\u00f6l\u00f6p\u00f6k \u00e9s oszlopok pedig nem szolg\u00e1lnak egy\u00e9b c\u00e9lt, mint a k\u00f6z\u00e9rt s\u00falyos \u00e1ldozatokat hoz\u00f3 szent emberek gyal\u00e1zatos \u00e9s v\u00e9rszomjas megfesz\u00edt\u00e9s\u00e9t. Sz\u00e1mmisztik\u00e1ban j\u00e1ratos szakemberek, azt is meg\u00e1llap\u00edtott\u00e1k, hogy ha a jobboldali helyi politikusok, valamint az \u0151ket szent c\u00e9ljaik megval\u00f3s\u00edt\u00e1s\u00e1ban t\u00e1mogat\u00f3 hivatalnokok \u00e9s k\u00f6zszolg\u00e1k sz\u00e1m\u00e1t megszorozzuk a f\u00e9ny \u00e1raml\u00e1si sebess\u00e9g\u00e9nek 16\/3.14-dik gy\u00f6k\u00e9vel, akkor pont a levert kar\u00f3k sz\u00e1m\u00e1t kapjuk eredm\u00e9ny\u00fcl. Az is d\u00f6bbenetes, hogy a megszents\u00e9gtelen\u00edtett \u00fat k\u00e9t oldal\u00e1n h\u00faz\u00f3d\u00f3 k\u00e1belek hossza, pontosan k\u00e9tszerese az \u00fat hossz\u00e1nak. Ezt csak az \u00f6rd\u00f6g tervezhette \u00edgy, a vak is l\u00e1tja, hogy nem lehet m\u00e1sk\u00e9nt!<\/p>\n<p><strong>Embert\u00e1rsaim! \u2013 tegy\u00fcnk szent esk\u00fct, hogy nem hagyjuk magunkat!<\/strong><\/p>\n<p>Nem hagyjuk, hogy a S\u00e1t\u00e1n \u00f6rd\u00f6gi fondorlataival visz\u00e1lyt sz\u00edtson k\u00f6z\u00f6tt\u00fcnk! Nem hagyjuk, hogy gaz, \u00e1lnok \u00e9s hazug tettei t\u00f6nkretegy\u00e9k k\u00f6z\u00f6s, szent \u00e1ldozataink \u00e1ltal l\u00e9trehozott f\u00f6ldi csod\u00e1inkat! Foh\u00e1szkodjunk k\u00f6z\u00f6sen az \u00e9giekhez, hogy ellene tudjunk \u00e1llni a k\u00eds\u00e9rt\u00e9snek \u00e9s f\u00e9nyes diadalt arassunk a pokol gonosz fejedelme felett! \u00c1men!<\/p>\n<p>S\u00f3lyom J\u00f6ran<br \/>\n<em>a mesebeli f\u0151gonosz<\/em><\/p>\n","protected":false},"excerpt":{"rendered":"<p>Ismer\u0151seim jelezt\u00e9k, hogy V\u00e1rosunk G\u00e9niusza megint Fant\u00e1ziaorsz\u00e1gba t\u00e9vedt, \u00e9s csak \u00fagy d\u0151l bel\u0151le a mese. Sok \u0151r\u00fcltebbn\u00e9l \u0151r\u00fcltebb \u00f6tlet ugrott be facebookos jegyzet\u00e9nek olvas\u00e1s\u00e1t k\u00f6vet\u0151en. Az &#8222;\u00c9jf\u00e9li \u0151rs\u00e9g&#8221;, a &#8222;Gyaloggalopp&#8221;, valamint gyermekkorom megannyi gy\u00f6ny\u00f6r\u0171 t\u00f6rt\u00e9nete, amelyben a s\u00f6t\u00e9ts\u00e9g (az \u00f6r\u00f6k gonosz) \u00e9s a vil\u00e1goss\u00e1g (az egyed\u00fcl igazak) er\u0151i \u00e1llnak egym\u00e1ssal antagonisztikus ellent\u00e9tbe. <a href=\"https:\/\/www.mszporoszlany.hu\/?p=1916\">Egy kattint\u00e1s ide a folytat\u00e1shoz&#8230;. <span class=\"meta-nav\">&rarr;<\/span><\/a><\/p>\n","protected":false},"author":35,"featured_media":0,"comment_status":"open","ping_status":"closed","sticky":false,"template":"","format":"standard","meta":{"footnotes":""},"categories":[194],"tags":[1204,1205,1206,9],"class_list":["post-1916","post","type-post","status-publish","format-standard","hentry","category-oroszlany","tag-admin","tag-gonosz","tag-joran","tag-takacs-karoly"],"_links":{"self":[{"href":"https:\/\/www.mszporoszlany.hu\/index.php?rest_route=\/wp\/v2\/posts\/1916","targetHints":{"allow":["GET"]}}],"collection":[{"href":"https:\/\/www.mszporoszlany.hu\/index.php?rest_route=\/wp\/v2\/posts"}],"about":[{"href":"https:\/\/www.mszporoszlany.hu\/index.php?rest_route=\/wp\/v2\/types\/post"}],"author":[{"embeddable":true,"href":"https:\/\/www.mszporoszlany.hu\/index.php?rest_route=\/wp\/v2\/users\/35"}],"replies":[{"embeddable":true,"href":"https:\/\/www.mszporoszlany.hu\/index.php?rest_route=%2Fwp%2Fv2%2Fcomments&post=1916"}],"version-history":[{"count":0,"href":"https:\/\/www.mszporoszlany.hu\/index.php?rest_route=\/wp\/v2\/posts\/1916\/revisions"}],"wp:attachment":[{"href":"https:\/\/www.mszporoszlany.hu\/index.php?rest_route=%2Fwp%2Fv2%2Fmedia&parent=1916"}],"wp:term":[{"taxonomy":"category","embeddable":true,"href":"https:\/\/www.mszporoszlany.hu\/index.php?rest_route=%2Fwp%2Fv2%2Fcategories&post=1916"},{"taxonomy":"post_tag","embeddable":true,"href":"https:\/\/www.mszporoszlany.hu\/index.php?rest_route=%2Fwp%2Fv2%2Ftags&post=1916"}],"curies":[{"name":"wp","href":"https:\/\/api.w.org\/{rel}","templated":true}]}}