{"id":1943,"date":"2013-01-02T14:49:04","date_gmt":"2013-01-02T13:49:04","guid":{"rendered":"http:\/\/www.mszporoszlany.hu\/?p=1943"},"modified":"2013-01-02T14:49:22","modified_gmt":"2013-01-02T13:49:22","slug":"heti-cikkajanlo-52-het","status":"publish","type":"post","link":"https:\/\/www.mszporoszlany.hu\/?p=1943","title":{"rendered":"Heti cikkaj\u00e1nl\u00f3 (52. h\u00e9t)"},"content":{"rendered":"<p><img loading=\"lazy\" decoding=\"async\" class=\"alignleft size-full wp-image-1439\" alt=\"Cikkajanlo\" src=\"https:\/\/www.mszporoszlany.hu\/wp-content\/uploads\/2012\/10\/Cikkajanlo.png\" width=\"200\" height=\"120\" \/>Szervezt\u00fcnk tagjai, bar\u00e1taink \u00e9s ismer\u0151seink javasolt\u00e1k az al\u00e1bbi cikkeket elolvas\u00e1sra. Amennyiben ideje \u00e9s lehet\u0151s\u00e9ge van r\u00e1, k\u00e9rj\u00fck l\u00e1togasson el a megadott oldalakra \u00e9s olvassa el \u00d6n is az \u00e1ltaluk javasolt cikkeket. Amennyiben \u00e9rdemi v\u00e9lem\u00e9nye lenne a cikkekkel kapcsolatosan, akkor Facebook oldalunkon a megfelel\u0151 cikk bejegyz\u00e9s\u00e9hez v\u00e9lem\u00e9nyt is f\u0171zhet. Kellemes olvasgat\u00e1st k\u00edv\u00e1nunk!<\/p>\n<p><!--more--><\/p>\n<ul>\n<li>Orb\u00e1n is <a title=\"Ugr\u00e1s az eredeti cikkre\" href=\"http:\/\/www.mszp.hu\/hirek\/orban_is_szerezzen_tapasztalatot_kulfoldon\" target=\"_blank\">szerezzen tapasztalatot<\/a> k\u00fclf\u00f6ld\u00f6n!<\/li>\n<li>El\u00e9g a <a title=\"Ugr\u00e1s az eredeti cikkre\" href=\"http:\/\/mszp.hu\/hirek\/eleg_a_leepitesbol\" target=\"_blank\">le\u00e9p\u00edt\u00e9s<\/a>b\u0151l!<\/li>\n<li>\u00cdgy alak\u00edtan\u00e1 \u00e1t a f<a title=\"Ugr\u00e1s az eredeti cikkre\" href=\"http:\/\/www.mszp.hu\/hirek\/igy_alakitana_at_a_felsooktatast_az_mszp\" target=\"_blank\">els\u0151oktat\u00e1s<\/a>t az MSZP<\/li>\n<li>M\u00e9gis <a title=\"Ugr\u00e1s az eredeti cikkre\" href=\"http:\/\/szabadeuropa.shp.hu\/hpc\/web.php?a=szabadeuropa&amp;o=heti_tema_2012_11_29__8MPg\" target=\"_blank\">van p\u00e9nz<\/a>e a magyaroknak?<\/li>\n<li>Napi<a title=\"Ugr\u00e1s az eredeti cikkre\" href=\"http:\/\/varanus.blog.hu\/2012\/12\/15\/napi_orban-hazugsagunk\" target=\"_blank\"> Orb\u00e1n-hazug<\/a>s\u00e1gunk<\/li>\n<li>A <a title=\"Ugr\u00e1s az eredeti cikkre\" href=\"http:\/\/www.mszp.hu\/hirek\/a_szenfiller_kifizeteset_meg_kell_oldani_a_tagallamoknak\" target=\"_blank\">sz\u00e9nfill\u00e9r<\/a> kifizet\u00e9s\u00e9t meg kell oldani a tag\u00e1llamoknak<\/li>\n<li><a title=\"Ugr\u00e1s az eredeti cikkre\" href=\"http:\/\/hvg.hu\/itthon\/20121218_balatonalmadi_jegyzokonyv\" target=\"_blank\">Sz\u00e9gyellj\u00fck magunkat<\/a> \u00d6n helyett is<\/li>\n<li>K\u00e1belh\u00e1l\u00f3zatok veszt\u00e9t okozhatja a <a title=\"Ugr\u00e1s az eredeti cikkre\" href=\"http:\/\/techcorner.hu\/computerworld\/kabelhalozatok-vesztet-okozhatja-a-kozmuado.html\" target=\"_blank\">k\u00f6zm\u0171ad\u00f3<\/a><\/li>\n<li>Eg\u00e9sz n\u00e9pemet fogom <a title=\"Ugr\u00e1s az eredeti cikkre\" href=\"http:\/\/index.hu\/belfold\/2012\/12\/21\/egesz_nepemet_fogom_milliardokert_tanitani\" target=\"_blank\">milli\u00e1rdok<\/a>\u00e9rt tan\u00edtani<\/li>\n<li>Az \u00e9v, amikor borzongat\u00f3 <a title=\"Ugr\u00e1s az eredeti cikkre\" href=\"http:\/\/hvg.hu\/gazdasag\/20121228_Tundermeseve_valt_Orban_idei_elrugaszkoda\" target=\"_blank\">t\u00fcnd\u00e9rmes\u00e9v\u00e9 v\u00e1lt<\/a> az elrugaszkod\u00e1s<\/li>\n<\/ul>\n<p>&nbsp;<\/p>\n","protected":false},"excerpt":{"rendered":"<p>Szervezt\u00fcnk tagjai, bar\u00e1taink \u00e9s ismer\u0151seink javasolt\u00e1k az al\u00e1bbi cikkeket elolvas\u00e1sra. Amennyiben ideje \u00e9s lehet\u0151s\u00e9ge van r\u00e1, k\u00e9rj\u00fck l\u00e1togasson el a megadott oldalakra \u00e9s olvassa el \u00d6n is az \u00e1ltaluk javasolt cikkeket. Amennyiben \u00e9rdemi v\u00e9lem\u00e9nye lenne a cikkekkel kapcsolatosan, akkor Facebook &hellip; <a href=\"https:\/\/www.mszporoszlany.hu\/?p=1943\">Egy kattint\u00e1s ide a folytat\u00e1shoz&#8230;. <span class=\"meta-nav\">&rarr;<\/span><\/a><\/p>\n","protected":false},"author":35,"featured_media":0,"comment_status":"closed","ping_status":"closed","sticky":false,"template":"","format":"standard","meta":{"footnotes":""},"categories":[196],"tags":[],"class_list":["post-1943","post","type-post","status-publish","format-standard","hentry","category-magyarorszag"],"_links":{"self":[{"href":"https:\/\/www.mszporoszlany.hu\/index.php?rest_route=\/wp\/v2\/posts\/1943","targetHints":{"allow":["GET"]}}],"collection":[{"href":"https:\/\/www.mszporoszlany.hu\/index.php?rest_route=\/wp\/v2\/posts"}],"about":[{"href":"https:\/\/www.mszporoszlany.hu\/index.php?rest_route=\/wp\/v2\/types\/post"}],"author":[{"embeddable":true,"href":"https:\/\/www.mszporoszlany.hu\/index.php?rest_route=\/wp\/v2\/users\/35"}],"replies":[{"embeddable":true,"href":"https:\/\/www.mszporoszlany.hu\/index.php?rest_route=%2Fwp%2Fv2%2Fcomments&post=1943"}],"version-history":[{"count":0,"href":"https:\/\/www.mszporoszlany.hu\/index.php?rest_route=\/wp\/v2\/posts\/1943\/revisions"}],"wp:attachment":[{"href":"https:\/\/www.mszporoszlany.hu\/index.php?rest_route=%2Fwp%2Fv2%2Fmedia&parent=1943"}],"wp:term":[{"taxonomy":"category","embeddable":true,"href":"https:\/\/www.mszporoszlany.hu\/index.php?rest_route=%2Fwp%2Fv2%2Fcategories&post=1943"},{"taxonomy":"post_tag","embeddable":true,"href":"https:\/\/www.mszporoszlany.hu\/index.php?rest_route=%2Fwp%2Fv2%2Ftags&post=1943"}],"curies":[{"name":"wp","href":"https:\/\/api.w.org\/{rel}","templated":true}]}}