{"id":1947,"date":"2013-01-02T15:21:56","date_gmt":"2013-01-02T14:21:56","guid":{"rendered":"http:\/\/www.mszporoszlany.hu\/?p=1947"},"modified":"2013-01-02T23:11:16","modified_gmt":"2013-01-02T22:11:16","slug":"hamisitas-es-gyalazkodas","status":"publish","type":"post","link":"https:\/\/www.mszporoszlany.hu\/?p=1947","title":{"rendered":"Hamis\u00edt\u00e1s \u00e9s gyal\u00e1zkod\u00e1s?"},"content":{"rendered":"<p><strong>Al\u00e1\u00edr\u00e1st hamis\u00edtott \u00e9s megfagyott \u00e1ldozatokon \u00e9lcel\u0151d\u00f6tt az oroszl\u00e1nyi Fidesz <\/strong><strong>&#8211; A Fideszes \u00f6nkorm\u00e1nyzat lapja &#8222;(f)agyhalottaknak&#8221; nevezi a lak\u00e1sukban kih\u0171lt embereket<\/strong><\/p>\n<p><strong>Az MSZP feljelent\u00e9st tesz, mivel a Fidesz helyi csoportja r\u00e1galmaz\u00f3 sz\u00f3r\u00f3lapot adott ki, a korm\u00e1nyp\u00e1rti vezet\u00e9s\u0171 \u00f6nkorm\u00e1nyzat \u00fajs\u00e1gj\u00e1ban pedig hamis\u00edtott k\u00f6zlem\u00e9ny jelent meg szocialist\u00e1k nev\u00e9ben. Ennek sor\u00e1n k\u00fcl\u00f6n\u00f6sen \u00edzl\u00e9stelen, hogy a helyi Fidesz a fagyhal\u00e1lt szenvedett embereken alp\u00e1ri m\u00f3don g\u00fanyol\u00f3dik, \u00e9s hamis \u00e1ll\u00edt\u00e1sokkal r\u00e1galmaz.<\/strong><\/p>\n<p><img loading=\"lazy\" decoding=\"async\" class=\"alignleft size-full wp-image-1941\" alt=\"UjKethetes\" src=\"https:\/\/www.mszporoszlany.hu\/wp-content\/uploads\/2013\/01\/UjKethetes.png\" width=\"200\" height=\"120\" \/>Mint ismeretes, Luk\u00e1cs Zol\u00e1n, az MSZP orsz\u00e1ggy\u0171l\u00e9si frakci\u00f3vezet\u0151-helyettese a k\u00f6zelm\u00faltban javaslatot tett egy fagyhal\u00e1l elleni p\u00e9nz\u00fcgyi alap l\u00e9trehoz\u00e1s\u00e1ra. Ezzel a leghidegebb napokban azokat t\u00e1mogatt\u00e1k volna, akiknek lak\u00e1s\u00e1ban kikapcsolt\u00e1k a villany- illetve a g\u00e1zszolg\u00e1ltat\u00e1st. Az MSZP politikusa ezzel azt k\u00edv\u00e1nta el\u00e9rni, hogy az el\u0151tt\u00fcnk \u00e1ll\u00f3 t\u00e9l sor\u00e1n egyetlen magyar ember se haljon meg f\u0171tetlen lak\u00e1sban. A fagyhal\u00e1l elleni alap fedezetek\u00e9nt az MSZP azt a 10 milli\u00e1rd forintot javasolta, amelyet a korm\u00e1ny az \u00e1ramd\u00edjba \u00e9p\u00edtve szedett be, de jelenleg felhaszn\u00e1latlanul hever egy sz\u00e1ml\u00e1n. Ezt a p\u00e9nzt, a sz\u00e9nipari szerkezet\u00e1talak\u00edt\u00e1si t\u00e1mogat\u00e1s\u00e1t (sz\u00e9nfill\u00e9rek) ugyanis az Eur\u00f3pai Bizotts\u00e1g j\u00f3v\u00e1hagy\u00e1sa hi\u00e1ny\u00e1ban eredeti c\u00e9lj\u00e1ra nem lehet kifizetni. Luk\u00e1cs Zolt\u00e1n javaslata szerint honfit\u00e1rsaink \u00e9let\u00e9t menthetn\u00e9 meg.<\/p>\n<p><!--more--><\/p>\n<p>Ezt a hum\u00e1nus javaslatot nem el\u0151sz\u00f6r t\u00e1madt\u00e1k meg aljasul \u00e9s hamis\u00edtva, amikor az oroszl\u00e1nyi v\u00e1rosi \u00fajs\u00e1gban &#8222;Szocialista felh\u00edv\u00e1s&#8221; c\u00edmmel egy \u00e1lk\u00f6zlem\u00e9nyt jelentettek meg eddig ismeretlen szerz\u0151k. Ebben azt a l\u00e1tszatot keltik, mintha a felh\u00edv\u00e1st az MSZP adta volna ki, s t\u00f6bbek k\u00f6z\u00f6tt ez szerepel benne: &#8222;<em>A sz\u00e9nfill\u00e9reket ink\u00e1bb a (f)agyhalottaknak kell adni, a b\u00e1ny\u00e1szoknak meg m\u00e1s munk\u00e1t! Mi tudjuk, mert nek\u00fcnk m\u00e9g vannak j\u00f3 szakk\u00e9pz\u00e9si elvt\u00e1rsaink! MSZP<\/em>&#8221;<\/p>\n<p>Ezzel egy id\u0151ben az oroszl\u00e1nyi Fidesz egy sz\u00f3r\u00f3lapon \u2013 igaz, m\u00e1r a saj\u00e1t nev\u00e9ben \u2013 azt a r\u00e1galmat terjeszti, hogy az MSZP fagyhal\u00e1l elleni javaslata a V\u00e9rtesi Er\u0151m\u0171 \u2013 M\u00e1rkushegyi B\u00e1nya\u00fczem m\u0171k\u00f6d\u00e9s\u00e9t vesz\u00e9lyeztetheti. Azt is \u00e1ll\u00edtj\u00e1k, hogy az MSZP be akarja z\u00e1rni az oroszl\u00e1nyi b\u00e1ny\u00e1t. A szocialist\u00e1k szerint ez l\u00e9gb\u0151l kapott hazugs\u00e1g, hiszen a V\u00e9rt Zrt ma is az MSZP korm\u00e1ny\u00e1nak 2010-ben elfogadott korm\u00e1nyhat\u00e1rozata alapj\u00e1n tud m\u0171k\u00f6dni.<\/p>\n<p>Az MSZP a p\u00e1rt nev\u00e9ben kiadott hamis k\u00f6zlem\u00e9ny, valamint a r\u00e1galmaz\u00f3 sz\u00f3r\u00f3lap miatt halad\u00e9ktalanul jogi l\u00e9p\u00e9seket tesz. Egy\u00fattal felsz\u00f3l\u00edtjuk Tak\u00e1cs K\u00e1roly oroszl\u00e1nyi Fideszes polg\u00e1rmestert, az \u00e1lk\u00f6zlem\u00e9nyt megjelentet\u0151 v\u00e1rosi \u00fajs\u00e1g felel\u0151s kiad\u00f3j\u00e1t, valamint a lap kor\u00e1bban MI\u00c9P-es k\u00e9pvisel\u0151-jel\u00f6ltk\u00e9nt megismert felel\u0151s szerkeszt\u0151j\u00e9t, hogy azonnal nevezz\u00e9k meg az \u00e1lk\u00f6zlem\u00e9ny szerz\u0151j\u00e9t, \u00e9s k\u00e9rjenek bocs\u00e1natot, ami\u00e9rt a lak\u00e1sukban kih\u0171l\u00e9ses hal\u00e1lt elszenvedett elhunytakat \u00edzl\u00e9stelen, kegyelets\u00e9rt\u0151 m\u00f3don &#8222;(f)agyhalottaknak&#8221; nevezt\u00e9k!<\/p>\n<p>Az MSZP egy\u00fattal ism\u00e9t egy\u00e9rtelm\u0171en lesz\u00f6gezi: a sz\u00e9nfill\u00e9rek felhaszn\u00e1l\u00e1s\u00e1val javasolt fagyhal\u00e1l elleni p\u00e9nz\u00fcgyi alap egyetlen munkahelyet sem vesz\u00e9lyeztet. Ez a p\u00e9nz ugyanis ma sem jut el az oroszl\u00e1nyi b\u00e1ny\u00e1szokhoz, mivel az Orb\u00e1n-korm\u00e1ny k\u00e9t \u00e9ve k\u00e9ptelen ehhez megszerezni az Eur\u00f3pai Bizotts\u00e1g j\u00f3v\u00e1hagy\u00e1s\u00e1t. \u00cdgy ez a 10 milli\u00e1rd forint most felhaszn\u00e1latlanul hever egy sz\u00e1ml\u00e1n. Mik\u00f6zben \u00e9leteket lehetne vele megmenteni.<\/p>\n<p>A t\u00e1madott el\u0151terjeszt\u00e9s egy\u00e9bk\u00e9nt k\u00fcl\u00f6n paragrafusban rendelkezik arr\u00f3l, hogy amennyiben az Eur\u00f3pai Bizotts\u00e1g k\u00f6zben m\u00e9gis d\u00f6nt, akkor a tulajdonos (MVM Zrt) k\u00f6teles ezt az \u00f6sszeget az \u00e9vi mintegy 40 milli\u00e1rdos profitj\u00e1b\u00f3l a V\u00c9RT Zrt. sz\u00e1m\u00e1ra biztos\u00edtani. A b\u00e1nya teh\u00e1t mindenk\u00e9ppen hozz\u00e1jut a p\u00e9nz\u00e9hez.<\/p>\n<p>A Magyar Szocialista P\u00e1rt m\u00e9lyen el\u00edt\u00e9li az oroszl\u00e1nyi Fidesz alp\u00e1ri \u00e9s aljas politiz\u00e1l\u00e1s\u00e1t. \u00dagy v\u00e9lj\u00fck, az eff\u00e9le hazugs\u00e1gokra \u00e9s hamis\u00edt\u00e1sra m\u00e9g a Fidesz t\u00e1mogatotts\u00e1g\u00e1nak dr\u00e1mai zuhan\u00e1sa sem lehet magyar\u00e1zat. \u00c1m mivel a korm\u00e1nyp\u00e1rt k\u00e9ts\u00e9gbees\u00e9s\u00e9t a legkev\u00e9sb\u00e9 sem k\u00edv\u00e1njuk cs\u00f6kkenteni, az MSZP mindk\u00e9t kiadv\u00e1ny \u00fcgy\u00e9ben jogi l\u00e9p\u00e9seket tesz.<\/p>\n<p><strong>Magyar Szocialista P\u00e1rt<\/strong><\/p>\n<p>Reakci\u00f3k \u00e9s hozz\u00e1sz\u00f3l\u00e1sok az egyes h\u00edrforr\u00e1sokn\u00e1l<\/p>\n<ul>\n<li><a title=\"Cikk megtekint\u00e9se\" href=\"http:\/\/mszp.hu\/hirek\/alairast_hamisitott_es_megfagyott_aldozatokon_elcelodott_az_oroszlanyi_fidesz\" target=\"_blank\">MSZP <\/a>&#8211; mszp.hu<\/li>\n<li><a title=\"Cikk megtekint\u00e9se\" href=\"http:\/\/hvg.hu\/itthon\/20130102_Trefas_kulonszam_feljelent_az_MSZP_magyar\" target=\"_blank\">HVG<\/a> &#8211; hvg.hu<\/li>\n<li><a title=\"Cikk megtekint\u00e9se\" href=\"http:\/\/www.168ora.hu\/itthon\/mszp-feljelentest-tesz-oroszlanyi-ujsagban-megjelentek-miatt-108385.html\" target=\"_blank\">168 <\/a>\u00d3ra &#8211; 168ora.hu<\/li>\n<li><a title=\"Cikk megtekint\u00e9se\" href=\"http:\/\/www.hir24.hu\/belfold\/2013\/01\/02\/beragott-az-mszp-botrany-lett-a-szilveszteri-trefabol\/\" target=\"_blank\">H\u00edr24<\/a> &#8211; hir24.hu<\/li>\n<li><a title=\"Cikk megtekint\u00e9se\" href=\"http:\/\/www.kemma.hu\/komarom-esztergom\/kozelet\/fideszes-trefa-szocialista-feljelentes-oroszlanyban-477954\" target=\"_blank\">KEMMA<\/a> &#8211; kemma.hu<\/li>\n<li><a title=\"Cikk megtekint\u00e9se\" href=\"http:\/\/nol.hu\/belfold\/fagyhalalon_gunyolodtak_-_feljelenti_az_oroszlanyi_ujsagot_az_mszp\" target=\"_blank\">N\u00e9pszabads\u00e1g <\/a>&#8211; nol.hu<\/li>\n<li><a title=\"Cikk megtekint\u00e9se\" href=\"http:\/\/www.stop.hu\/belfold\/feljelentest-tesz-az-az-alpari-fideszes-humorert-az-mszp\/1111705\/\" target=\"_blank\">STOP<\/a> &#8211; stop.hu<\/li>\n<li><a title=\"Cikk megtekint\u00e9se\" href=\"http:\/\/www.hirado.hu\/Hirek\/2013\/01\/02\/11\/Feljelentest_tesz_az_oroszlanyi_ujsagban_megjelentek_miatt_az.aspx?source=hirkereso\" target=\"_blank\">Hirad\u00f3<\/a> &#8211; hirado.hu<\/li>\n<li><a title=\"Cikk megtekint\u00e9se\" href=\"http:\/\/nepszava.com\/2013\/01\/magyarorszag\/megfagyott-embereken-viccelodik-a-fidesz.html\" target=\"_blank\">Amerikai<\/a> N\u00e9pszava &#8211; nepszava.com<\/li>\n<\/ul>\n","protected":false},"excerpt":{"rendered":"<p>Al\u00e1\u00edr\u00e1st hamis\u00edtott \u00e9s megfagyott \u00e1ldozatokon \u00e9lcel\u0151d\u00f6tt az oroszl\u00e1nyi Fidesz A Fideszes \u00f6nkorm\u00e1nyzat lapja &#8222;(f)agyhalottaknak&#8221; nevezi a lak\u00e1sukban kih\u0171lt embereket<\/p>\n<p>Az MSZP feljelent\u00e9st tesz, mivel a Fidesz helyi csoportja r\u00e1galmaz\u00f3 sz\u00f3r\u00f3lapot adott ki, a korm\u00e1nyp\u00e1rti vezet\u00e9s\u0171 \u00f6nkorm\u00e1nyzat \u00fajs\u00e1gj\u00e1ban pedig hamis\u00edtott k\u00f6zlem\u00e9ny jelent meg szocialist\u00e1k nev\u00e9ben. Ennek sor\u00e1n k\u00fcl\u00f6n\u00f6sen \u00edzl\u00e9stelen, hogy a helyi Fidesz a fagyhal\u00e1lt szenvedett embereken alp\u00e1ri m\u00f3don g\u00fanyol\u00f3dik, \u00e9s hamis \u00e1ll\u00edt\u00e1sokkal r\u00e1galmaz. <a href=\"https:\/\/www.mszporoszlany.hu\/?p=1947\">Egy kattint\u00e1s ide a folytat\u00e1shoz&#8230;. <span class=\"meta-nav\">&rarr;<\/span><\/a><\/p>\n","protected":false},"author":35,"featured_media":0,"comment_status":"open","ping_status":"closed","sticky":false,"template":"","format":"standard","meta":{"footnotes":""},"categories":[196,58,194],"tags":[1211,1217,1216,1219,1129,60,1214,1218,1215,114,1763,1167,1212,1213,1005,9,110],"class_list":["post-1947","post","type-post","status-publish","format-standard","hentry","category-magyarorszag","category-mszp","category-oroszlany","tag-alairas-hamisitas","tag-europai-bizottsag","tag-fagyhalal-elleni-penzugyi-alap","tag-felelos-szerkeszto","tag-feljelentes","tag-fidesz","tag-hamisitott-kozlemeny","tag-jogi-lepesek","tag-lukacs-zolan","tag-markushegyi-banyauzem","tag-mszp","tag-mvm-zrt","tag-onkormanyzati-lap","tag-ragalmazo-szorolap","tag-szenfiller","tag-takacs-karoly","tag-vertesi-eromu-zrt"],"_links":{"self":[{"href":"https:\/\/www.mszporoszlany.hu\/index.php?rest_route=\/wp\/v2\/posts\/1947","targetHints":{"allow":["GET"]}}],"collection":[{"href":"https:\/\/www.mszporoszlany.hu\/index.php?rest_route=\/wp\/v2\/posts"}],"about":[{"href":"https:\/\/www.mszporoszlany.hu\/index.php?rest_route=\/wp\/v2\/types\/post"}],"author":[{"embeddable":true,"href":"https:\/\/www.mszporoszlany.hu\/index.php?rest_route=\/wp\/v2\/users\/35"}],"replies":[{"embeddable":true,"href":"https:\/\/www.mszporoszlany.hu\/index.php?rest_route=%2Fwp%2Fv2%2Fcomments&post=1947"}],"version-history":[{"count":0,"href":"https:\/\/www.mszporoszlany.hu\/index.php?rest_route=\/wp\/v2\/posts\/1947\/revisions"}],"wp:attachment":[{"href":"https:\/\/www.mszporoszlany.hu\/index.php?rest_route=%2Fwp%2Fv2%2Fmedia&parent=1947"}],"wp:term":[{"taxonomy":"category","embeddable":true,"href":"https:\/\/www.mszporoszlany.hu\/index.php?rest_route=%2Fwp%2Fv2%2Fcategories&post=1947"},{"taxonomy":"post_tag","embeddable":true,"href":"https:\/\/www.mszporoszlany.hu\/index.php?rest_route=%2Fwp%2Fv2%2Ftags&post=1947"}],"curies":[{"name":"wp","href":"https:\/\/api.w.org\/{rel}","templated":true}]}}