{"id":196,"date":"2011-01-26T00:00:54","date_gmt":"2011-01-25T23:00:54","guid":{"rendered":"http:\/\/www.mszporoszlany.hu\/?p=196"},"modified":"2012-04-30T18:40:33","modified_gmt":"2012-04-30T17:40:33","slug":"sajtobarat-polgarmester-dij","status":"publish","type":"post","link":"https:\/\/www.mszporoszlany.hu\/?p=196","title":{"rendered":"Sajt\u00f3bar\u00e1t Polg\u00e1rmester D\u00edj"},"content":{"rendered":"<p><strong>Vita az \u00daj K\u00e9thetesr\u0151l<\/strong><\/p>\n<p><img loading=\"lazy\" decoding=\"async\" class=\"alignleft size-full wp-image-197\" title=\"tajolo\" src=\"https:\/\/www.mszporoszlany.hu\/wp-content\/uploads\/2012\/03\/tajolo.jpg\" alt=\"\" width=\"200\" height=\"120\" \/>Janu\u00e1r 25-\u00e9n, kedden tartotta soros \u00fcl\u00e9s\u00e9t Oroszl\u00e1ny V\u00e1ros K\u00e9pvisel\u0151-test\u00fclete, a k\u00e9pvisel\u0151k 3 \u00f3ra alatt 11 napirendet t\u00e1rgyaltak meg, \u00e9s z\u00f6m\u00e9ben egyhang\u00fa hat\u00e1rozatokat hoztak. Az \u00fcl\u00e9sen a legnagyobb vita az \u00f6nkorm\u00e1nyzati kommunik\u00e1ci\u00f3val kapcsolatos el\u0151terjeszt\u00e9s k\u00f6r\u00fcl zajlott.<\/p>\n<p><!--more--><\/p>\n<p>Juh\u00e1sz Attila fot\u00f3m\u0171v\u00e9sz szerz\u0151d\u00e9s\u00e9t \u00e9s az \u00daj K\u00e9thetes c\u00edm\u0171 v\u00e1rosi \u00fajs\u00e1g kiad\u00e1s\u00e1nak k\u00f6r\u00fclm\u00e9nyeit vitatt\u00e1k az ellenz\u00e9ki k\u00e9pvisel\u0151k. Hosszas szellemi pengev\u00e1lt\u00e1s folyt a t\u00e9m\u00e1ban. Sz\u00e9kely Antal MSZP-s politikus a t\u00f6bbi k\u00f6z\u00f6tt elmondta, \u0151 t\u00fal soknak \u00edt\u00e9li Juh\u00e1sz Attila fot\u00f3m\u0171v\u00e9sz d\u00edjaz\u00e1s\u00e1t, Orb\u00e1n Ferenc Fideszes k\u00e9pvisel\u0151 erre azt v\u00e1laszolta, Juh\u00e1sz Attila egy fot\u00f3m\u0171v\u00e9sz, akinek a munk\u00e1ja min\u0151s\u00e9gi v\u00e1ltoz\u00e1st jelent a v\u00e1ros \u00e9let\u00e9ben. &#8222;Rem\u00e9lhet\u0151leg nem lesz olyan propaganda \u00fajs\u00e1g, mint a T\u00e9rs\u00e9gi T\u00e1jol\u00f3!&#8221; \u2013 fogalmazott Szab\u00f3 Mih\u00e1ly Jobbikos k\u00e9pvisel\u0151.<\/p>\n<p>Tak\u00e1cs K\u00e1roly polg\u00e1rmester m\u00e9rt\u00e9ktart\u00f3 higgadts\u00e1ggal mondta el, hogy Juh\u00e1sz Attila fot\u00f3m\u0171v\u00e9sz alkalmaz\u00e1sa az ig\u00e9nyes, profi v\u00e1ros-PR fontos r\u00e9sze, \u00e9s a v\u00e1rosi \u00fajs\u00e1gra illetve kommunik\u00e1ci\u00f3ra \u00f6sszess\u00e9g\u00e9ben kevesebbet k\u00f6lt a v\u00e1ros, mint kor\u00e1bban. Papp P\u00e9ter alpolg\u00e1rmester elmondta, hogy a mostani helyzet annyiban is k\u00fcl\u00f6nb\u00f6zik az el\u0151z\u0151t\u0151l, hogy minden k\u00f6lts\u00e9g l\u00e1that\u00f3, megismerhet\u0151, nincs sz\u00e9tdarabolva \u00e9s elrejtve k\u00fcl\u00f6nf\u00e9le helyeken.<\/p>\n<p>M\u00f3di Mikl\u00f3s b\u00fcszk\u00e9n eml\u00edtette meg, hogy Rajnai G\u00e1bor kor\u00e1bbi polg\u00e1rmester elnyerte a \u201esajt\u00f3bar\u00e1t polg\u00e1rmester\u201d c\u00edmet, mire Tak\u00e1cs K\u00e1roly kifejtette, hogy \u0151 nem v\u00e1gyik erre a c\u00edmre. A hossz\u00fa adok-kapok ut\u00e1n v\u00e9g\u00fcl 8 igen \u00e9s 4 nem szavazattal elfogadt\u00e1k az el\u0151terjeszt\u00e9st a k\u00e9pvisel\u0151k.<\/p>\n<div style=\"width: 370px\" class=\"wp-caption aligncenter\"><a href=\"https:\/\/www.mszporoszlany.hu\/wp-fotos\/kepek\/mti2.jpg\" rel=\"lightbox[196]\"><img loading=\"lazy\" decoding=\"async\" src=\"\/wp-fotos\/kepek\/mti2.jpg\" alt=\"\" width=\"360\" height=\"180\" \/><\/a><p class=\"wp-caption-text\">MTI M\u00fazeumban ki\u00e1ll\u00edtott d\u00edj<\/p><\/div>\n<p style=\"text-align: center;\">\n<div style=\"width: 370px\" class=\"wp-caption aligncenter\"><a href=\"https:\/\/www.mszporoszlany.hu\/wp-fotos\/kepek\/mti1.jpg\" rel=\"lightbox1\"><img loading=\"lazy\" decoding=\"async\" src=\"\/wp-fotos\/kepek\/mti1.jpg\" alt=\"\" width=\"360\" height=\"180\" \/><\/a><p class=\"wp-caption-text\">MTI M\u00fazeumban ki\u00e1ll\u00edtott d\u00edj<\/p><\/div>\n<p style=\"text-align: center;\">\n","protected":false},"excerpt":{"rendered":"<p>Janu\u00e1r 25-\u00e9n, kedden tartotta soros \u00fcl\u00e9s\u00e9t Oroszl\u00e1ny V\u00e1ros K\u00e9pvisel\u0151-test\u00fclete, a k\u00e9pvisel\u0151k 3 \u00f3ra alatt 11 napirendet t\u00e1rgyaltak meg, \u00e9s z\u00f6m\u00e9ben egyhang\u00fa hat\u00e1rozatokat hoztak. Az \u00fcl\u00e9sen a legnagyobb vita az \u00f6nkorm\u00e1nyzati kommunik\u00e1ci\u00f3val kapcsolatos el\u0151terjeszt\u00e9s k\u00f6r\u00fcl zajlott. <a href=\"https:\/\/www.mszporoszlany.hu\/?p=196\">Egy kattint\u00e1s ide a folytat\u00e1shoz&#8230;. <span class=\"meta-nav\">&rarr;<\/span><\/a><\/p>\n","protected":false},"author":35,"featured_media":0,"comment_status":"open","ping_status":"closed","sticky":false,"template":"","format":"standard","meta":{"footnotes":""},"categories":[194],"tags":[104,103,102,107,56,69,108,61,9,106,105],"class_list":["post-196","post","type-post","status-publish","format-standard","hentry","category-oroszlany","tag-juhasz-attila","tag-kommunikacio","tag-modi-miklos","tag-orban-ferenc","tag-papp-peter","tag-rajnai-gabor","tag-szabo-mihaly","tag-szekely-antal","tag-takacs-karoly","tag-tersegi-tajolo","tag-uj-kethetes"],"_links":{"self":[{"href":"https:\/\/www.mszporoszlany.hu\/index.php?rest_route=\/wp\/v2\/posts\/196","targetHints":{"allow":["GET"]}}],"collection":[{"href":"https:\/\/www.mszporoszlany.hu\/index.php?rest_route=\/wp\/v2\/posts"}],"about":[{"href":"https:\/\/www.mszporoszlany.hu\/index.php?rest_route=\/wp\/v2\/types\/post"}],"author":[{"embeddable":true,"href":"https:\/\/www.mszporoszlany.hu\/index.php?rest_route=\/wp\/v2\/users\/35"}],"replies":[{"embeddable":true,"href":"https:\/\/www.mszporoszlany.hu\/index.php?rest_route=%2Fwp%2Fv2%2Fcomments&post=196"}],"version-history":[{"count":0,"href":"https:\/\/www.mszporoszlany.hu\/index.php?rest_route=\/wp\/v2\/posts\/196\/revisions"}],"wp:attachment":[{"href":"https:\/\/www.mszporoszlany.hu\/index.php?rest_route=%2Fwp%2Fv2%2Fmedia&parent=196"}],"wp:term":[{"taxonomy":"category","embeddable":true,"href":"https:\/\/www.mszporoszlany.hu\/index.php?rest_route=%2Fwp%2Fv2%2Fcategories&post=196"},{"taxonomy":"post_tag","embeddable":true,"href":"https:\/\/www.mszporoszlany.hu\/index.php?rest_route=%2Fwp%2Fv2%2Ftags&post=196"}],"curies":[{"name":"wp","href":"https:\/\/api.w.org\/{rel}","templated":true}]}}