{"id":1964,"date":"2013-01-16T12:10:56","date_gmt":"2013-01-16T11:10:56","guid":{"rendered":"http:\/\/www.mszporoszlany.hu\/?p=1964"},"modified":"2013-01-16T12:10:56","modified_gmt":"2013-01-16T11:10:56","slug":"megint-erobol","status":"publish","type":"post","link":"https:\/\/www.mszporoszlany.hu\/?p=1964","title":{"rendered":"Megint er\u0151b\u0151l?"},"content":{"rendered":"<p><img loading=\"lazy\" decoding=\"async\" class=\"alignleft size-full wp-image-1965\" alt=\"Erobol\" src=\"https:\/\/www.mszporoszlany.hu\/wp-content\/uploads\/2013\/01\/Erobol.png\" width=\"200\" height=\"120\" \/>Gumiabroncsok \u00e9s f\u00f6ldtulajdonosok akad\u00e1lyozz\u00e1k az ipari park fejleszt\u00e9s\u00e9t Oroszl\u00e1nyban \u2013 olvasom a minap a 24 \u00d3RA tud\u00f3s\u00edt\u00e1s\u00e1t. &#8211; Mint \u00edrj\u00e1k, illeg\u00e1lisan lerakott gumiabroncsok tal\u00e1lhat\u00f3k az oroszl\u00e1nyi ipari park fejleszt\u00e9s\u00e9re sz\u00e1nt ter\u00fcleten, az elsz\u00e1ll\u00edt\u00e1s 30 milli\u00f3s k\u00f6lts\u00e9g\u00e9t \u00e1tv\u00e1llaln\u00e1 az \u00f6nkorm\u00e1nyzat, majd r\u00e1terheln\u00e9 f\u00f6ldtulajdonosokra, akik szerint a v\u00e1ros \u00edgy akarja kik\u00e9nyszer\u00edteni f\u00f6ldjeik elad\u00e1s\u00e1t.<\/p>\n<p><!--more--><\/p>\n<p>A Kom\u00e1rom-Esztergom megyei napilapnak a 11 tulajdonost k\u00e9pvisel\u0151 Geiszt J\u00f3zsef elmondta: f\u00f6ldjeikre a k\u00f6zeli gumiapr\u00edt\u00f3 tulajdonosa rakott le teheraut\u00f3 abroncsokat, \u00e9s \u0151t nem tudj\u00e1k el\u00e9rni. Ny\u00e1ron az illeg\u00e1lisan t\u00e1rolt gumihullad\u00e9k egy r\u00e9sze kigyulladt, \u00e9ppen ott, ahol az \u00f6nkorm\u00e1nyzat az ipari parkot fejleszten\u00e9. Az\u00f3ta k\u00e9t idegen jelentkezett a f\u00f6ldtulajdonosokn\u00e1l, p\u00e9nzt aj\u00e1nlva az abroncsok\u00e9rt, \u0151k azonban a saj\u00e1t birtokukra lerakott idegen tulajdont nem merik eladni. A lapnak Tak\u00e1cs K\u00e1roly polg\u00e1rmester elmondta: nem tudnak tov\u00e1bb v\u00e1rni az ipari park fejleszt\u00e9s\u00e9vel. Az elsz\u00e1ll\u00edt\u00e1s k\u00f6lts\u00e9g\u00e9t az \u00f6nkorm\u00e1nyzat kifizeti, majd a f\u00f6ldek tulajdonosaira terheli.<\/p>\n<p>Sz\u00f3val 30 milcsit csak \u00fagy r\u00e1terhelnek a tulajokra. Tal\u00e1n eml\u00e9keznek az olvas\u00f3k, valahogy \u00edgy t\u00f6rt\u00e9nt ez az omin\u00f3zus Majk-V\u00e9rtessoml\u00f3 \u00fattal is. Elhat\u00e1rozzuk, megcsin\u00e1ljuk \u2013 ha fene fen\u00e9t eszik is! Hogy tal\u00e1n meg kellene k\u00e9rdezni a zembereket is, hogy mi a v\u00e9lem\u00e9ny\u00fck, hogy tal\u00e1n egy\u00fctt, k\u00f6z\u00f6sen kellene keresni a megold\u00e1si m\u00f3dokat a zemberekkel, na, ez az, ami nem megy. Sem az oroszl\u00e1nyi k\u00f6zter\u00fcletek \u00e1tnevez\u00e9s\u00e9n\u00e9l, sem a m\u0171f\u00fcves p\u00e1ly\u00e1k \u00e9p\u00edt\u00e9s\u00e9n\u00e9l, sem az id\u00e9zett \u00fatn\u00e1l, s a jelek szerint most a f\u00f6ldtulajdonosokkal sem siker\u00fcl z\u00f6ld\u00e1gra verg\u0151dni.<\/p>\n<p>Sebaj, m\u00e1r csak m\u00e1sf\u00e9l \u00e9vet kell kib\u00edrni \u2013 de milyen \u00e1ron?!<\/p>\n","protected":false},"excerpt":{"rendered":"<p>Gumiabroncsok \u00e9s f\u00f6ldtulajdonosok akad\u00e1lyozz\u00e1k az ipari park fejleszt\u00e9s\u00e9t Oroszl\u00e1nyban \u2013 olvasom a minap a 24 \u00d3RA tud\u00f3s\u00edt\u00e1s\u00e1t. Mint \u00edrj\u00e1k, illeg\u00e1lisan lerakott gumiabroncsok tal\u00e1lhat\u00f3k az oroszl\u00e1nyi ipari park fejleszt\u00e9s\u00e9re sz\u00e1nt ter\u00fcleten, az elsz\u00e1ll\u00edt\u00e1s 30 milli\u00f3s k\u00f6lts\u00e9g\u00e9t \u00e1tv\u00e1llaln\u00e1 az \u00f6nkorm\u00e1nyzat, majd r\u00e1terheln\u00e9 f\u00f6ldtulajdonosokra, akik szerint a v\u00e1ros \u00edgy akarja kik\u00e9nyszer\u00edteni f\u00f6ldjeik elad\u00e1s\u00e1t. <a href=\"https:\/\/www.mszporoszlany.hu\/?p=1964\">Egy kattint\u00e1s ide a folytat\u00e1shoz&#8230;. <span class=\"meta-nav\">&rarr;<\/span><\/a><\/p>\n","protected":false},"author":35,"featured_media":0,"comment_status":"open","ping_status":"closed","sticky":false,"template":"","format":"standard","meta":{"footnotes":""},"categories":[194],"tags":[1221,1222,887,1223,1220,1224,1053,9],"class_list":["post-1964","post","type-post","status-publish","format-standard","hentry","category-oroszlany","tag-24-ora","tag-30-millios-koltseg","tag-foldtulajdonos","tag-geiszt-jozsef","tag-gumiabroncs","tag-gumiaprito","tag-ipari-park","tag-takacs-karoly"],"_links":{"self":[{"href":"https:\/\/www.mszporoszlany.hu\/index.php?rest_route=\/wp\/v2\/posts\/1964","targetHints":{"allow":["GET"]}}],"collection":[{"href":"https:\/\/www.mszporoszlany.hu\/index.php?rest_route=\/wp\/v2\/posts"}],"about":[{"href":"https:\/\/www.mszporoszlany.hu\/index.php?rest_route=\/wp\/v2\/types\/post"}],"author":[{"embeddable":true,"href":"https:\/\/www.mszporoszlany.hu\/index.php?rest_route=\/wp\/v2\/users\/35"}],"replies":[{"embeddable":true,"href":"https:\/\/www.mszporoszlany.hu\/index.php?rest_route=%2Fwp%2Fv2%2Fcomments&post=1964"}],"version-history":[{"count":0,"href":"https:\/\/www.mszporoszlany.hu\/index.php?rest_route=\/wp\/v2\/posts\/1964\/revisions"}],"wp:attachment":[{"href":"https:\/\/www.mszporoszlany.hu\/index.php?rest_route=%2Fwp%2Fv2%2Fmedia&parent=1964"}],"wp:term":[{"taxonomy":"category","embeddable":true,"href":"https:\/\/www.mszporoszlany.hu\/index.php?rest_route=%2Fwp%2Fv2%2Fcategories&post=1964"},{"taxonomy":"post_tag","embeddable":true,"href":"https:\/\/www.mszporoszlany.hu\/index.php?rest_route=%2Fwp%2Fv2%2Ftags&post=1964"}],"curies":[{"name":"wp","href":"https:\/\/api.w.org\/{rel}","templated":true}]}}