{"id":1986,"date":"2013-01-24T13:42:40","date_gmt":"2013-01-24T12:42:40","guid":{"rendered":"http:\/\/www.mszporoszlany.hu\/?p=1986"},"modified":"2013-01-24T13:52:11","modified_gmt":"2013-01-24T12:52:11","slug":"fontosabbak-a-fontosabbnal","status":"publish","type":"post","link":"https:\/\/www.mszporoszlany.hu\/?p=1986","title":{"rendered":"Fontosabbak a fontosabbn\u00e1l&#8230;"},"content":{"rendered":"<p><img loading=\"lazy\" decoding=\"async\" class=\"alignleft size-full wp-image-1987\" alt=\"hoakadaly\" src=\"https:\/\/www.mszporoszlany.hu\/wp-content\/uploads\/2013\/01\/hoakadaly.png\" width=\"200\" height=\"120\" \/><strong>&#8230; egyenl\u0151bbek az egyenl\u0151kn\u00e9l<\/strong><\/p>\n<p>A minap bek\u00f6sz\u00f6nt\u00f6tt az igazi t\u00e9l, esik a h\u00f3! Janu\u00e1rban nem kimondottan meglep\u0151 dolog, t\u00e9len az a dolga a h\u00f3nak, hogy essen! Azonban a h\u00f3es\u00e9ssel kapcsolatban vannak feladatok, amit bizony el k\u00e9ne l\u00e1tni! Ha valaki a h\u00e9ten a gimn\u00e1zium \u00e9s a szakiskola k\u00f6z\u00f6tt s\u00e9t\u00e1lgatott, akkor furcsa dologra lehetett figyelmes!<\/p>\n<p><!--more--><\/p>\n<p>A v\u00e1ros \u00faj m\u0171f\u00fcves p\u00e1ly\u00e1j\u00e1r\u00f3l talicsk\u00e1val hordt\u00e1k le a havat, \u00e9s p\u00e1r \u00f3ra alatt teljesen tiszt\u00e1v\u00e1 var\u00e1zsolt\u00e1k a leg\u00fajabb, k\u00e9ts\u00e9gk\u00edv\u00fcl legfontosabb sport c\u00e9l\u00fa beruh\u00e1z\u00e1st. Ha valaki tov\u00e1bb s\u00e9t\u00e1lt az utc\u00e1n mondjuk az E\u00f6tv\u00f6s fel\u00e9, akkor egy m\u00e1sik dolog is szemet sz\u00farhatott neki! Az iskola parkol\u00f3j\u00e1ban \u00e9s a j\u00e1rd\u00e1n bok\u00e1ig, f\u00e9l l\u00e1bsz\u00e1rig \u00e9r\u0151 h\u00f3 volt. Abban parkoltak az ott dolgoz\u00f3k aut\u00f3i, abban j\u00e1rtak keltek a tan\u00e1rok, di\u00e1kok.<\/p>\n<p>Feltehetj\u00fck a k\u00e9rd\u00e9st, hogy mi ezzel a baj? Az, hogy a m\u0171f\u0171 takar\u00edt\u00e1sa fontosabb, mint egy oktat\u00e1si int\u00e9zm\u00e9ny el\u0151tti parkol\u00f3 takar\u00edt\u00e1sa? Az igaz, hogy a p\u00e1lya az OSZ Zrt gondoz\u00e1s\u00e1ban van, a parkol\u00f3 pedig \u00f6nkorm\u00e1nyzati fennhat\u00f3s\u00e1g, de az is, hogy lassan egy hete taposs\u00e1k az odaj\u00e1r\u00f3k a havat, ha be szeretn\u00e9nek jutni az \u00e9p\u00fcletbe! Ha m\u00e1r az E\u00f6tv\u00f6sn\u00e9l tartunk, nem tudom, felt\u0171nt-e \u00f6n\u00f6knek, hogy a v\u00e1ros szemmel l\u00e1that\u00f3an t\u00f6bb p\u00e9nzt pump\u00e1l a foci fejleszt\u00e9s\u00e9be (vagy b\u00e1rmi m\u00e1sba), mint az oktat\u00e1si int\u00e9zm\u00e9nyek fejleszt\u00e9s\u00e9be, k\u00fcl\u00f6n\u00f6s tekintettel az eml\u00edtettre, pedig a szakmunk\u00e1sk\u00e9pz\u00e9s hozz\u00e1tartozik a v\u00e1roshoz, s\u0151t!<\/p>\n<p>Hogy akarnak ipari parkot \u00e9p\u00edteni, ha nem lesz k\u00e9pzett munkaer\u0151 a v\u00e1rosban? A c\u00e9geknek nem a ter\u00fclet az els\u0151dleges szempont egy \u00faj projekt beind\u00edt\u00e1s\u00e1n\u00e1l, de nem is a helyi ad\u00f3kedvezm\u00e9nyek, hanem az, hogy van-e k\u00e9pzett munkaer\u0151 a k\u00f6rny\u00e9ken. Eddig volt, de a jelenlegi v\u00e1rosvezet\u00e9s mindent megtesz az\u00e9rt, hogy ez a j\u00f6v\u0151ben ne \u00edgy legyen! S hogy hogyan? N\u00e9zz\u00fck: minden az \u00f6sszevon\u00e1ssal kezd\u0151d\u00f6tt. Komoly emberek fej\u00e9ben fogalmaz\u00f3dott meg, hogy \u00f6sszevonnak egy gimn\u00e1ziumot \u00e9s egy szakiskol\u00e1t. A k\u00e9t iskola tantest\u00fcletei, az NSZFI, a kamara \u00e9s a hivatal \u00e1ltal felk\u00e9rt oktat\u00e1si szak\u00e9rt\u0151k is azt mondt\u00e1k, hogy ne vonj\u00e1k \u00f6ssze a k\u00e9t iskol\u00e1t, de Tak\u00e1cs K\u00e1rolyt \u00e9s Papp P\u00e9tert soha nem \u00e9rdekelt\u00e9k a t\u00e9nyek, vagy m\u00e1sok v\u00e9lem\u00e9nye, megtett\u00e9k, mert megtehett\u00e9k! Mindezt \u00e1ll\u00edt\u00f3lag az\u00e9rt, hogy megsp\u00f3roljanak 32 milli\u00f3 forintot! Kicsit perverz k\u00f6r\u00fclm\u00e9ny, hogy az \u00f6sszevon\u00e1s megszavaz\u00e1sa ut\u00e1n a polg\u00e1rmester \u00e9s az alpolg\u00e1rmester fizet\u00e9s\u00e9t is megemelt\u00e9k, \u00e9s kin\u0151tt a f\u00f6ldb\u0151l egy Trianon eml\u00e9km\u0171 is k\u00f6zp\u00e9nzb\u0151l. Mindezt \u00fagy val\u00f3s\u00edtott\u00e1k meg, hogy &#8222;\u00e1ll\u00edt\u00f3lag&#8221; nem volt p\u00e9nze a v\u00e1rosnak \u00e9s takar\u00e9koskodni kell.<\/p>\n<p>Meg lehetett volna sp\u00f3rolni ezt az \u00f6sszeget m\u00e1shol is? Persze! Ha nem \u00e9p\u00edt a v\u00e1ros feler\u00e9szben soml\u00f3i ter\u00fcleten 25 milli\u00f3\u00e9rt egy olyan utat, amit csak v\u00e1rosunk els\u0151 embere haszn\u00e1l f\u00e9l\u00e9vente egyszer \u2013 egy kis \u00f6nrekl\u00e1m fej\u00e9ben. Vagy, nem emelik meg a polg\u00e1rmester \u00e9s alpolg\u00e1rmester fizet\u00e9s\u00e9t, vagy mondjuk, kevesebbet aut\u00f3zik Tak\u00e1cs K\u00e1roly Budapestre (valami\u00e9rt) Pakson kereszt\u00fcl, akkor meg is van az \u00f6sszeg, amit meg kellett volna sp\u00f3rolni, s\u0151t m\u00e9g t\u00f6bb is!<\/p>\n<p>\u00c9rdemes elgondolkodni ezeken a dolgokon (is)! Van p\u00e9nz, csak nem mindegy mire! Ha fideszes p\u00e1rt\u00e9rdeket szolg\u00e1l, net\u00e1n valamilyen m\u00e9rt\u00e9kben kiel\u00e9g\u00edti nagy embereink (m\u00e1r-m\u00e1r beteges) hatalomm\u00e1ni\u00e1j\u00e1t, akkor z\u00f6ld jelz\u00e9st kap a dolog, legyen az k\u00f6zp\u00e9nzb\u0151l fizetett \u00fajs\u00e1g, vagy \u00f6nkorm\u00e1nyzati fenntart\u00e1s\u00fa TV, de belef\u00e9r egy vadonat\u00faj aut\u00f3 is, \u00e9s m\u00e9g sok minden m\u00e1s, amir\u0151l mi egyszer\u0171 haland\u00f3k nem is tudunk!<\/p>\n","protected":false},"excerpt":{"rendered":"<p>A minap bek\u00f6sz\u00f6nt\u00f6tt az igazi t\u00e9l, esik a h\u00f3! Janu\u00e1rban nem kimondottan meglep\u0151 dolog, t\u00e9len az a dolga a h\u00f3nak, hogy essen! Azonban a h\u00f3es\u00e9ssel kapcsolatban vannak feladatok, amit bizony el k\u00e9ne l\u00e1tni! Ha valaki a h\u00e9ten a gimn\u00e1zium \u00e9s a szakiskola k\u00f6z\u00f6tt s\u00e9t\u00e1lgatott, akkor furcsa dologra lehetett figyelmes! <a href=\"https:\/\/www.mszporoszlany.hu\/?p=1986\">Egy kattint\u00e1s ide a folytat\u00e1shoz&#8230;. <span class=\"meta-nav\">&rarr;<\/span><\/a><\/p>\n","protected":false},"author":35,"featured_media":0,"comment_status":"open","ping_status":"closed","sticky":false,"template":"","format":"standard","meta":{"footnotes":""},"categories":[194],"tags":[929,1236,1241,380,1240,1242,56,1238,1237,9,1239],"class_list":["post-1986","post","type-post","status-publish","format-standard","hentry","category-oroszlany","tag-gimnazium","tag-hoeses","tag-kamara","tag-mufuves-palya","tag-nszfi","tag-oktatasi-szakerto","tag-papp-peter","tag-parkolo","tag-szakiskola","tag-takacs-karoly","tag-tantestulet"],"_links":{"self":[{"href":"https:\/\/www.mszporoszlany.hu\/index.php?rest_route=\/wp\/v2\/posts\/1986","targetHints":{"allow":["GET"]}}],"collection":[{"href":"https:\/\/www.mszporoszlany.hu\/index.php?rest_route=\/wp\/v2\/posts"}],"about":[{"href":"https:\/\/www.mszporoszlany.hu\/index.php?rest_route=\/wp\/v2\/types\/post"}],"author":[{"embeddable":true,"href":"https:\/\/www.mszporoszlany.hu\/index.php?rest_route=\/wp\/v2\/users\/35"}],"replies":[{"embeddable":true,"href":"https:\/\/www.mszporoszlany.hu\/index.php?rest_route=%2Fwp%2Fv2%2Fcomments&post=1986"}],"version-history":[{"count":0,"href":"https:\/\/www.mszporoszlany.hu\/index.php?rest_route=\/wp\/v2\/posts\/1986\/revisions"}],"wp:attachment":[{"href":"https:\/\/www.mszporoszlany.hu\/index.php?rest_route=%2Fwp%2Fv2%2Fmedia&parent=1986"}],"wp:term":[{"taxonomy":"category","embeddable":true,"href":"https:\/\/www.mszporoszlany.hu\/index.php?rest_route=%2Fwp%2Fv2%2Fcategories&post=1986"},{"taxonomy":"post_tag","embeddable":true,"href":"https:\/\/www.mszporoszlany.hu\/index.php?rest_route=%2Fwp%2Fv2%2Ftags&post=1986"}],"curies":[{"name":"wp","href":"https:\/\/api.w.org\/{rel}","templated":true}]}}