{"id":2005,"date":"2013-01-30T06:46:47","date_gmt":"2013-01-30T05:46:47","guid":{"rendered":"http:\/\/www.mszporoszlany.hu\/?p=2005"},"modified":"2013-01-30T06:48:59","modified_gmt":"2013-01-30T05:48:59","slug":"eleguk-lett-a-banyaszoknak-a-hazug-igeretekbol","status":"publish","type":"post","link":"https:\/\/www.mszporoszlany.hu\/?p=2005","title":{"rendered":"Eleg\u00fck lett a b\u00e1ny\u00e1szoknak a hazug \u00edg\u00e9retekb\u0151l"},"content":{"rendered":"<p><img loading=\"lazy\" decoding=\"async\" class=\"alignleft size-full wp-image-2006\" alt=\"Banyaszok\" src=\"https:\/\/www.mszporoszlany.hu\/wp-content\/uploads\/2013\/01\/Banyaszok.png\" width=\"200\" height=\"120\" \/>A nyugd\u00edjszab\u00e1lyok m\u00f3dos\u00edt\u00e1sa miatt demonstr\u00e1ltak a b\u00e1ny\u00e1szok kedden az Emberi Er\u0151forr\u00e1sok Miniszt\u00e9riuma el\u0151tt \u2013 adta h\u00edr\u00fcl az MTI. A szoci\u00e1lis \u00e1llamtitk\u00e1rs\u00e1g \u00e1tvette a b\u00e1ny\u00e1szok pet\u00edci\u00f3j\u00e1t \u00e9s k\u00f6z\u00f6lt\u00e9k, k\u00e9sz folytatni a m\u00e1r h\u00f3napok \u00f3ta tart\u00f3 p\u00e1rbesz\u00e9det a b\u00e1ny\u00e1szokkal. A BDSZ m\u00e1r tavaly novemberben meghirdette a demonstr\u00e1ci\u00f3t a m\u00falt \u00e9v eleje \u00f3ta hat\u00e1lyos m\u00f3dos\u00edt\u00e1sok miatt, de akkor elhalasztotta, mert \u00edg\u00e9retet kapott a korm\u00e1nyt\u00f3l a probl\u00e9ma megold\u00e1s\u00e1ra, \u00e1m ez v\u00e9lem\u00e9ny\u00fck szerint elmaradt.<\/p>\n<p><!--more--><\/p>\n<p>A miniszt\u00e9rium \u00e9p\u00fclete el\u0151tt d\u00e9lut\u00e1n mintegy ezren gy\u0171ltek \u00f6ssze. A demonstr\u00e1l\u00f3k szakszervezeti z\u00e1szl\u00f3kat vittek, t\u00f6bben t\u00e1bl\u00e1kat is tartottak, egyebek k\u00f6z\u00f6tt &#8222;Rokkant vagyok, nem csal\u00f3!&#8221; felirattal. A t\u00f6megben a BDSZ tagok mellett a szolidarit\u00e1sukat kifejez\u0151 vasas, \u00e9s vasutas szakszervezetek k\u00e9pvisel\u0151i is jelen voltak.<\/p>\n<p>A b\u00e1ny\u00e1szok nyugd\u00edjakkal kapcsolatos s\u00e9relmeit Rabi Ferenc BDSZ-eln\u00f6k t\u00f6bbek k\u00f6z\u00f6tt s\u00e9relmezte a kedvez\u0151 nyugd\u00edj\u00e1tlag-sz\u00e1m\u00edt\u00e1s megsz\u00fcntet\u00e9s\u00e9t. Ennek l\u00e9nyege az volt, hogy akik 15 \u00e9vn\u00e9l t\u00f6bbet dolgoztak f\u00f6ld alatt, de a nyugd\u00edjuk kevesebb lett, mint az \u00e1tlagos b\u00e1ny\u00e1sznyugd\u00edj, akkor ez ut\u00f3bbit kapt\u00e1k. A b\u00e1ny\u00e1szok harmadik k\u00f6vetel\u00e9se, hogy a III. csoportos rokkants\u00e1gi nyugd\u00edjasok kapj\u00e1k vissza eredeti j\u00e1rand\u00f3s\u00e1gukat &#8211; mondta Rabi Ferenc. A III. csoportos rokkants\u00e1gi nyugd\u00edjasok \u00e1tlagos nyugd\u00edja 120 ezer \u00e9s 130 ezer forint k\u00f6z\u00e9 esett. A m\u00falt \u00e9v elej\u00e9t\u0151l azonban elvesz\u00edtett\u00e9k a nyugd\u00edjukat azok, akiket munk\u00e1ra alkalmasnak min\u0151s\u00edtett az orvosi bizotts\u00e1g.<\/p>\n<p>Az eln\u00f6k besz\u00e1molt arr\u00f3l, hogy jogi l\u00e9p\u00e9seket tettek a megv\u00e1ltoztatott nyugd\u00edjszab\u00e1lyok vissza\u00e1ll\u00edt\u00e1s\u00e1ra. Az Alkotm\u00e1nyb\u00edr\u00f3s\u00e1g kor\u00e1bban ugyanis kimondta, hogy az emberek \u00e9lethelyzet\u00e9t egyik napr\u00f3l a m\u00e1sikra nem lehet drasztikusan megv\u00e1ltoztatni &#8211; h\u00edvta fel a figyelmet. A rokkants\u00e1gi nyugd\u00edj megvon\u00e1sa ezer b\u00e1ny\u00e1szt \u00e9rint, a b\u00e1ny\u00e1sz-\u00e1tlagnyugd\u00edj lehet\u0151s\u00e9g\u00e9nek v\u00e1laszt\u00e1sa pedig kihat a volt ur\u00e1n- \u00e9s bauxitb\u00e1ny\u00e1szokra is, akik m\u00e9g ezut\u00e1n mennek nyugd\u00edjba, \u00edgy teh\u00e1t t\u00f6bb mint 10 ezer ember\u00e9rt demonstr\u00e1lnak &#8211; hangoztatta.<\/p>\n<p>Rabi Ferenc al\u00e1h\u00fazta: a t\u00e1rca csak a 15 \u00e9vet f\u00f6ld alatt dolgoz\u00f3 \u00e9s legal\u00e1bb 29 sz\u00e1zal\u00e9kban megrokkant b\u00e1ny\u00e1szok \u00fcgy\u00e9t rendezte, a t\u00f6bbiek\u00e9t nem, holott tavaly novemberben m\u00e9g a teljes b\u00e1ny\u00e1szt\u00e1rsadalom probl\u00e9m\u00e1inak rendez\u00e9s\u00e9re kapott \u00edg\u00e9retet a szakszervezet. Amennyiben ezut\u00e1n sem lesz alapvet\u0151 megold\u00e1s, akkor a k\u00f6vetkez\u0151 demonstr\u00e1ci\u00f3n m\u00e1r t\u00f6bben lesznek &#8211; z\u00e1rta besz\u00e9d\u00e9t Rabi Ferenc.<\/p>\n<p>A keddi demonstr\u00e1ci\u00f3 szervez\u00e9s\u00e9r\u0151l besz\u00e1molt a kemma.hu is: M\u00falt \u00e9v elej\u00e9t\u0151l h\u00e1tr\u00e1nyosan m\u00f3dos\u00edtotta a korm\u00e1ny a b\u00e1ny\u00e1szok nyugd\u00edjaz\u00e1s\u00e1nak szab\u00e1lyait, a szakszervezet \u00edg\u00e9retet kapott ezek korrig\u00e1l\u00e1s\u00e1ra, de ez elmaradt \u2013 fogalmazta meg a demonstr\u00e1ci\u00f3 l\u00e9nyeg\u00e9t Rabi Ferenc. Mik\u00e9nt a B\u00e1nya-, Energia- \u00e9s Ipari Dolgoz\u00f3k Szakszervezet eln\u00f6ke \u00e1ll\u00edtja: a protest\u00e1l\u00e1st m\u00e9g novemberre szervezt\u00e9k, de a jelent\u0151s int\u00e9zked\u00e9sek tekintet\u00e9ben tett korm\u00e1nyzati \u00edg\u00e9retnek bizalmat szavaztak. A k\u00f6vetel\u00e9s h\u00e1rom f\u0151 pontot tartalmaz. A sz\u00e9nk\u00fclfejt\u00e9sen dolgoz\u00f3k kapj\u00e1k vissza a szakmai nyugd\u00edjat, \u00e1lljon vissza a kedvez\u0151 nyugd\u00edj\u00e1tlag-sz\u00e1m\u00edt\u00e1s, illetve a III. csoportos rokkants\u00e1gi nyugd\u00edjasok is kapj\u00e1k vissza az eredeti j\u00e1rand\u00f3s\u00e1gukat.<\/p>\n<p>Az a t\u00f6bb mint 40 ezer b\u00e1ny\u00e1sz, aki az elm\u00falt 25 \u00e9vben vesztette el munk\u00e1j\u00e1t, \u00edg\u00e9retet kapott a kor\u00e1bbi meg\u00e1llapod\u00e1sokban, hogy amennyiben 15 \u00e9vn\u00e9l t\u00f6bbet dolgoztak f\u00f6ld alatt \u2013 mivel hasonl\u00f3 munkahelyeket nem tudtak sz\u00e1mukra biztos\u00edtani \u2013 nyugd\u00edjba vonul\u00e1sukkor jogosultak lesznek az akkori b\u00e1ny\u00e1sz \u00e1tlagnyugd\u00edjra, amennyiben azt ig\u00e9nybe akarj\u00e1k venni. Ezt a lehet\u0151s\u00e9get indokolatlanul kor\u00e1n vett\u00e9k el, mert ezrek vannak, akik \u00e9lhetn\u00e9nek ezzel a lehet\u0151s\u00e9ggel.<\/p>\n<p>Lisztmayer J\u00e1nos az oroszl\u00e1nyi szervezet eln\u00f6ke elmondta: h\u00e1rom buszt ind\u00edtunk M\u00f3rr\u00f3l \u00e9s Oroszl\u00e1nyr\u00f3l. Vasas Mih\u00e1ly a megyesz\u00e9khelyi szervezet eln\u00f6ke is ki\u00e1ll az \u00e1ll\u00e1spont mellett. C\u00e9lozva korkedvezm\u00e9nyes \u00e9s korengedm\u00e9nyes nyugd\u00edj korhat\u00e1r m\u00f3dos\u00edt\u00e1sra \u2013 \u00fagy fogalmazott: \u00f6tven-hatvan \u00e9ves korig k\u00e9ptelens\u00e9g a sz\u00e9nfalon dolgozni.<\/p>\n<p>A b\u00e1ny\u00e1sz t\u00e1rsadalom akt\u00edv munkav\u00e1llal\u00f3i, nyugd\u00edjasai \u00e9s \u00e9rdekk\u00e9pviselet\u00fck tov\u00e1bbra sem mondanak le a kor\u00e1bban megszerzett jogosults\u00e1gr\u00f3l \u00e9s kedvezm\u00e9nyeir\u0151l. &#8211; <em>\u00c9lni k\u00edv\u00e1nunk a munkaharc minden t\u00f6rv\u00e9nyes, leg\u00e1lis eszk\u00f6z\u00e9vel, valamint ig\u00e9nybe vessz\u00fck az &#8222;\u00f6sszes&#8221; lehets\u00e9ges nemzeti \u00e9s eur\u00f3pai jogorvoslati lehet\u0151s\u00e9get<\/em> \u2013 z\u00e1rta szavait Rabi Ferenc, a BDSZ eln\u00f6ke.<\/p>\n","protected":false},"excerpt":{"rendered":"<p>A nyugd\u00edjszab\u00e1lyok m\u00f3dos\u00edt\u00e1sa miatt demonstr\u00e1ltak a b\u00e1ny\u00e1szok kedden az Emberi Er\u0151forr\u00e1sok Miniszt\u00e9riuma el\u0151tt \u2013 adta h\u00edr\u00fcl az MTI. A szoci\u00e1lis \u00e1llamtitk\u00e1rs\u00e1g \u00e1tvette a b\u00e1ny\u00e1szok pet\u00edci\u00f3j\u00e1t \u00e9s k\u00f6z\u00f6lt\u00e9k, k\u00e9sz folytatni a m\u00e1r h\u00f3napok \u00f3ta tart\u00f3 p\u00e1rbesz\u00e9det a b\u00e1ny\u00e1szokkal. A BDSZ m\u00e1r tavaly novemberben meghirdette a demonstr\u00e1ci\u00f3t a m\u00falt \u00e9v eleje \u00f3ta hat\u00e1lyos m\u00f3dos\u00edt\u00e1sok miatt, de akkor elhalasztotta, mert \u00edg\u00e9retet kapott a korm\u00e1nyt\u00f3l a probl\u00e9ma megold\u00e1s\u00e1ra, \u00e1m ez v\u00e9lem\u00e9ny\u00fck szerint elmaradt. <a href=\"https:\/\/www.mszporoszlany.hu\/?p=2005\">Egy kattint\u00e1s ide a folytat\u00e1shoz&#8230;. <span class=\"meta-nav\">&rarr;<\/span><\/a><\/p>\n","protected":false},"author":35,"featured_media":0,"comment_status":"open","ping_status":"closed","sticky":false,"template":"","format":"standard","meta":{"footnotes":""},"categories":[196,194],"tags":[417,1158,1264,1261,1268,1269,965,1266,1764,1263,1265,1267,1262,934,1270],"class_list":["post-2005","post","type-post","status-publish","format-standard","hentry","category-magyarorszag","category-oroszlany","tag-alkotmanybirosag","tag-banyaszok","tag-bdsz","tag-emberi-eroforrasok-miniszteriuma","tag-lisztmayer-janos","tag-mor","tag-nyugdij","tag-nyugdijatlag-szamitas","tag-oroszlany","tag-peticio","tag-rabi-ferenc","tag-rokkantsagi-nyugdijasok","tag-szocialis-allamtitkarsag","tag-szolidaritas","tag-vasas-mihaly"],"_links":{"self":[{"href":"https:\/\/www.mszporoszlany.hu\/index.php?rest_route=\/wp\/v2\/posts\/2005","targetHints":{"allow":["GET"]}}],"collection":[{"href":"https:\/\/www.mszporoszlany.hu\/index.php?rest_route=\/wp\/v2\/posts"}],"about":[{"href":"https:\/\/www.mszporoszlany.hu\/index.php?rest_route=\/wp\/v2\/types\/post"}],"author":[{"embeddable":true,"href":"https:\/\/www.mszporoszlany.hu\/index.php?rest_route=\/wp\/v2\/users\/35"}],"replies":[{"embeddable":true,"href":"https:\/\/www.mszporoszlany.hu\/index.php?rest_route=%2Fwp%2Fv2%2Fcomments&post=2005"}],"version-history":[{"count":0,"href":"https:\/\/www.mszporoszlany.hu\/index.php?rest_route=\/wp\/v2\/posts\/2005\/revisions"}],"wp:attachment":[{"href":"https:\/\/www.mszporoszlany.hu\/index.php?rest_route=%2Fwp%2Fv2%2Fmedia&parent=2005"}],"wp:term":[{"taxonomy":"category","embeddable":true,"href":"https:\/\/www.mszporoszlany.hu\/index.php?rest_route=%2Fwp%2Fv2%2Fcategories&post=2005"},{"taxonomy":"post_tag","embeddable":true,"href":"https:\/\/www.mszporoszlany.hu\/index.php?rest_route=%2Fwp%2Fv2%2Ftags&post=2005"}],"curies":[{"name":"wp","href":"https:\/\/api.w.org\/{rel}","templated":true}]}}