{"id":2011,"date":"2013-01-31T09:26:26","date_gmt":"2013-01-31T08:26:26","guid":{"rendered":"http:\/\/www.mszporoszlany.hu\/?p=2011"},"modified":"2013-01-31T09:26:26","modified_gmt":"2013-01-31T08:26:26","slug":"semjen-ismet-avatott","status":"publish","type":"post","link":"https:\/\/www.mszporoszlany.hu\/?p=2011","title":{"rendered":"Semj\u00e9n ism\u00e9t avatott!"},"content":{"rendered":"<p><img loading=\"lazy\" decoding=\"async\" class=\"alignleft size-full wp-image-1997\" alt=\"Donkanyar\" src=\"https:\/\/www.mszporoszlany.hu\/wp-content\/uploads\/2013\/01\/Donkanyar.png\" width=\"200\" height=\"120\" \/>Nem \u00e9rtem igaz\u00e1b\u00f3l kinek milyen okb\u00f3l van sz\u00fcks\u00e9ge Semj\u00e9n Zsolttal val\u00f3 eml\u00e9km\u0171 avat\u00e1sra, de furcsa gusztusra vall. Az <a title=\"A &quot;v\u00e1rosi&quot; weboldal cikk\u00e9nek megnyit\u00e1sa\" href=\"http:\/\/site.oroszlany.hu\/index.php?option=com_content&amp;view=article&amp;id=2635:emlekezzuenk-elesett-katonainkra&amp;catid=71:hirek&amp;Itemid=128\" target=\"_blank\">oroszlany.hu<\/a>-n megjelent &#8222;<em>Eml\u00e9kezz\u00fcnk elesett katon\u00e1inkra<\/em>&#8221; c\u00edm\u0171 cikk azonban azt mutatja, hogy n\u00e9h\u00e1ny honfit\u00e1rsunknak erre van ig\u00e9nye. Tulajdonk\u00e9ppen a bejegyz\u00e9ssel nem is lenne semmi gond. Eml\u00e9kezz\u00fcnk elesett katon\u00e1inkra, gondozzuk s\u00edrjaikat. Ezen azonban t\u00falmegy a cikk els\u0151 mondata: &#8222;<em>A V\u00e9rtesi Erd\u0151 Zrt. eml\u00e9km\u0171vet \u00e1ll\u00edtott azoknak a magyar honv\u00e9deknek, akik a V\u00e9rtesben \u2013 saj\u00e1t haz\u00e1juk\u00e9rt harcolva \u2013 vesztett\u00e9k \u00e9let\u00fcket 1945 janu\u00e1rj\u00e1ban az oroszokkal v\u00edvott harcokban.<\/em>&#8221; Sajnos mindaz, ami az elm\u00falt k\u00e9t \u00e9v sor\u00e1n a Horthy restaur\u00e1ci\u00f3 jegy\u00e9ben t\u00f6rt\u00e9nik, egy kis meg\u00e1ll\u00e1st parancsol ennek a megeml\u00e9kez\u00e9snek.<\/p>\n<p><!--more--><\/p>\n<p><strong>R\u00f6pke visszaeml\u00e9kez\u00e9s<\/strong><\/p>\n<p>Horthy lemond\u00e1s\u00e1val meg\u00fcr\u00fclt \u00e1llamf\u0151i posztot a n\u00e9metekkel \u00e9s a nyilasokkal egy\u00fcttm\u0171k\u00f6dni k\u00e9sz k\u00f6zjogi m\u00e9lt\u00f3s\u00e1gokb\u00f3l \u00e1ll\u00f3 \u00fagynevezett Orsz\u00e1gtan\u00e1cs 1944. okt\u00f3ber 27-\u00e9n ideiglenes jelleggel Sz\u00e1lasira mint &#8222;nemzetvezet\u0151re&#8221; ruh\u00e1zta. Ezt a d\u00f6nt\u00e9st november 3-\u00e1n a k\u00e9pvisel\u0151k kevesebb mint \u00f6t\u00f6de (55 f\u0151) \u00e9s az ugyancsak felett\u00e9bb fogh\u00edjas fels\u0151h\u00e1z is j\u00f3v\u00e1hagyta. A nyilas hatalom\u00e1tv\u00e9tel miatt Sz\u00e1lasi lett hatalmon. A n\u00e1ci hatalom kiszolg\u00e1l\u00f3ja.<\/p>\n<p>Az alapt\u00f6rv\u00e9nynek nevezett Ipad f\u00e9rcm\u0171ben (Magyarorsz\u00e1g jelenleg \u00e9rv\u00e9nyes Alapt\u00f6rv\u00e9ny\u00e9ben) pedig az \u00e1ll, haz\u00e1nk 1944. m\u00e1rcius 19-\u00e9n elvesz\u00edtette \u00e1llami \u00f6nrendelkez\u00e9s\u00e9t. Sz\u00f3val, csak a n\u00e1cik oldal\u00e1n harcoltunk. Tal\u00e1n vel\u00fck imm\u00e1ron testv\u00e9ri sz\u00f6vets\u00e9ge l\u00e9pve? Lehet ugyan az oroszokra mondani n\u00e9h\u00e1ny keresetlen mondatot a felszabad\u00edt\u00e1s k\u00f6zben elk\u00f6vetett tetteikr\u0151l, vagy ink\u00e1bb az\u00e9rt, mert itt maradtak ideiglenesen, de legal\u00e1bb nem k\u00e9ne ezt a cikket egy ilyen mondattal bevezetni.<\/p>\n<p>Azt \u00e1ll\u00edtja Vargha Tam\u00e1s, a Honv\u00e9delmi Miniszt\u00e9rium politikai \u00e1llamtitk\u00e1ra (a Don-kanyarban elesettekre eml\u00e9kezve a p\u00e1kozdi eml\u00e9kparkban), hogy a magyar katon\u00e1k haz\u00e1juk v\u00e9delm\u00e9\u00e9rt haltak h\u0151si hal\u00e1lt a t\u00e1voli orsz\u00e1g harcmez\u0151in. Az \u00e1llamtitk\u00e1r szerint a hadba l\u00e9p\u00e9s \u00e9rdek\u00e9ben a hitleri politika er\u0151s nyom\u00e1st gyakorolt a magyar korm\u00e1nyra, \u00e9s akkor m\u00e1r r\u00e9gen a t\u00f6rt\u00e9nelem hom\u00e1ly\u00e1ba veszett nemzeti \u00f6nrendelkez\u00e9s\u00fcnk. Ezzel szemben a t\u00e9ny az, hogy a Fidesz \u00e1ltal elfogadott alapt\u00f6rv\u00e9ny szerint \u00f6nrendelkez\u00e9s\u00fcnk 1941-ben m\u00e9g nem veszett hom\u00e1lyba, hanem csak 1944. m\u00e1rcius 19-\u00e9n. \u00dagyhogy tal\u00e1n m\u00e9gsem k\u00e9ne a gr\u00e1nitba v\u00e9sett alapt\u00f6rv\u00e9nyt \u00e1llamtitk\u00e1rilag m\u00f3dos\u00edtani. Mint ahogy a val\u00f3s\u00e1got sem. A magyar katon\u00e1k nem a haza v\u00e9delm\u00e9\u00e9rt folytatott harcban haltak h\u0151si hal\u00e1lt a Donn\u00e1l. A haza ugyanis nem a magyar hat\u00e1rokt\u00f3l k\u00e9tezer kilom\u00e9ternyire volt \u00e9s van.<\/p>\n<p><a title=\"Wikipedia.hu - Ungv\u00e1ry Kriszti\u00e1nr\u00f3l\" href=\"http:\/\/hu.wikipedia.org\/wiki\/Ungv%C3%A1ry_Kriszti%C3%A1n\" target=\"_blank\">Ungv\u00e1ry <\/a>Kriszti\u00e1n &#8222;Le kell sz\u00e1molni a <a title=\"A teljes cikk megnyit\u00e1sa\" href=\"http:\/\/www.168ora.hu\/itthon\/ungvary-leszamolni-don-kanyar-mitoszaival-108934.html\" target=\"_blank\">Don-kanyar<\/a> m\u00edtoszaival&#8221; c\u00edm\u0171 \u00edr\u00e1s\u00e1ban is sz\u00f3lt arr\u00f3l, a k\u00f6zv\u00e9lem\u00e9nyben ugyancsak \u00e9l\u0151 m\u00edtoszr\u00f3l is, hogy magyar katon\u00e1k j\u00f3 viszonyban voltak az orosz lakoss\u00e1ggal, sokkal jobban viselkedtek azokkal szemben, mint a n\u00e9metek. \u00c1m az eml\u00e9kiratok, a fennmaradt iratok, filmes dokumentumok m\u00e1s k\u00e9pet mutatnak. Szomor\u00fa, de t\u00e9ny, hogy a fronton a n\u00e9met Einsatzgruppek ut\u00e1n a legt\u00f6bb t\u00f6megkiv\u00e9gz\u00e9st magyar csapatok k\u00f6vett\u00e9k el. T\u00f6bb ezer falut gy\u00fajtottak fel, semmis\u00edtettek meg. A frontot j\u00e1rt magyar katon\u00e1k \u00e1ldozatnak \u00e9rzik magukat \u2013 de annak \u00e9rzi mag\u00e1t a sokat szenvedett orosz lakoss\u00e1g is. Ezeket az \u00e9rz\u00e9seket kellene k\u00f6zel\u00edteni.<\/p>\n<p style=\"padding-left: 30px;\"><strong>Javasolt anyag a t\u00e9m\u00e1ban<\/strong><\/p>\n<blockquote>\n<ul>\n<li>Ungv\u00e1ry Kriszti\u00e1n: <a title=\"A teljes INDEX cikk megnyit\u00e1sa\" href=\" http:\/\/index.hu\/tudomany\/tortenelem\/2013\/01\/17\/mitoszok_a_don-kanyarrol\/\" target=\"_blank\">M\u00edtoszok <\/a>a Don-kanyarr\u00f3l<\/li>\n<li>Erd\u00e9lyi P\u00e9ter: <a title=\"Vide\u00f3film megnyit\u00e1sa\" href=\"https:\/\/www.youtube.com\/watch?v=k6oNxrC99Lg\" target=\"_blank\">Doni t\u00fck\u00f6r<\/a><\/li>\n<\/ul>\n<\/blockquote>\n<p><strong>Z\u00e1vada P\u00e1l: Ne tagadjuk le b\u0171neinket<\/strong><\/p>\n<p>&#8222;<em>Tudat\u00e1ban kell lenn\u00fcnk, hogy a 2. vil\u00e1gh\u00e1bor\u00fa idej\u00e9n, de m\u00e1r azt megel\u0151z\u0151en is, az orsz\u00e1got leg\u00fajabb kori t\u00f6rt\u00e9net\u00e9nek legnagyobb katasztr\u00f3f\u00e1j\u00e1ba vezett\u00e9k, holott ez a katasztr\u00f3fa nem volt elker\u00fclhetetlen<\/em>\u201d \u2013 hangoztatta megnyit\u00f3 besz\u00e9d\u00e9ben Z\u00e1vada P\u00e1l.<\/p>\n<p>&#8222;<em>A magyars\u00e1got terhel\u0151 b\u0171nr\u00e9szess\u00e9get a t\u00e9nylegesen elk\u00f6vetett b\u0171ncselekm\u00e9nyek ar\u00e1ny\u00e1ban v\u00e1llalni kell. Soha nem fogunk nemzet\u00fcnk dolg\u00e1ban tiszt\u00e1n l\u00e1tni, m\u00faltunkkal egyenesen szemben\u00e9zni, \u00f6r\u00f6ks\u00e9g\u00fcnket feldolgozni \u00e9s abb\u00f3l tanulni, ha csak az elszenvedettet v\u00e1llaljuk \u00e9s letagadjuk tettes mivoltunkat. Csak az\u00e9rt, mert n\u00e1lunk t\u00f6rv\u00e9nyesnek nem mondhat\u00f3 k\u00f6r\u00fclm\u00e9nyek k\u00f6z\u00f6tt \u00edt\u00e9lt\u00e9k el a h\u00e1bor\u00fas b\u0171n\u00f6s\u00f6ket, majd a m\u00e1sik, a szovjet t\u00edpus\u00fa \u00f6nk\u00e9nyuralom a t\u00e9nyeket kev\u00e9ss\u00e9 tisztel\u0151 m\u00f3don mondta ki \u00edt\u00e9let\u00e9t a Horthy-korszakr\u00f3l. \u00c1m att\u00f3l, hogy a rendszerv\u00e1lt\u00e1sn\u00e1l megfordult a kocka, a b\u0171n\u00f6s\u00f6kb\u0151l nem felt\u00e9tlen\u00fcl lesznek \u00e1rtatlan \u00e1ldozatok, h\u0151s\u00f6k. Tess\u00e9k elm\u00e9lyedni a szakirodalomban \u2013 m\u00e1r csak annak t\u00fckr\u00e9ben is, meddig jutott el ism\u00e9t a hazai n\u00e1cizmus, a gy\u0171l\u00f6letbesz\u00e9d. De okulhatn\u00e1nak azok a honfit\u00e1rsaink is, k\u00f6zt\u00fck \u00e1llami \u00e9s korm\u00e1ny-t\u00e9nyez\u0151k, akik lelkesen dics\u00e9rik az egykori korm\u00e1nyz\u00f3t, a Horthy-korszakot. S nem csak a konzervat\u00edv-polg\u00e1ri rendet, hanem az \u00e1porodott, f\u00e9l-feud\u00e1lis \u00fari vil\u00e1got. Mik\u00f6zben nem z\u00e1rk\u00f3znak el a sz\u00e9ls\u0151jobbt\u00f3l sem \u2013 s \u00edgy v\u00e9lik \u00e1polni k\u00f6z\u00f6s nemzeti tudatunkat\u2026<\/em>\u201d<\/p>\n<p><strong>S v\u00e9gezet\u00fcl ism\u00e9t!<\/strong><\/p>\n<p>Nem az elesett katon\u00e1k s\u00edrjainak gondoz\u00e1s\u00e1val, vagy az azokra val\u00f3 eml\u00e9kez\u00e9ssel van gond. Hanem mindazzal a k\u00f6r\u00edt\u00e9ssel, amit e k\u00f6r\u00e9 \u00e9p\u00edt tudatosan imm\u00e1ron t\u00f6bb mint k\u00e9t \u00e9ve ez a korm\u00e1nyzat. Ha egy korm\u00e1ny \u00e1llamtitk\u00e1ra (R\u00e9tv\u00e1ry Bence) v\u00e1llalhat\u00f3nak tartja Horthy-t, s erre nincs senkinek egy szava sem azon az oldalon, rettenetesen nagy gond van az \u00e9rt\u00e9k\u00edt\u00e9letekben.<\/p>\n","protected":false},"excerpt":{"rendered":"<p>Nem \u00e9rtem igaz\u00e1b\u00f3l kinek milyen okb\u00f3l van sz\u00fcks\u00e9ge Semly\u00e9n Zsolttal val\u00f3 eml\u00e9km\u0171 avat\u00e1sra, de furcsa gusztusra vall. Az oroszlany.hu-n megjelent &#8222;Eml\u00e9kezz\u00fcnk elesett katon\u00e1inkra&#8221; c\u00edm\u0171 cikk azonban azt mutatja, hogy n\u00e9h\u00e1ny honfit\u00e1rsunknak erre van ig\u00e9nye. Tulajdonk\u00e9ppen a bejegyz\u00e9ssel nem is lenne semmi gond. Eml\u00e9kezz\u00fcnk elesett katon\u00e1inkra, gondozzuk s\u00edrjaikat. Ezen azonban t\u00falmegy a cikk els\u0151 mondata: &#8222;A V\u00e9rtesi Erd\u0151 Zrt. eml\u00e9km\u0171vet \u00e1ll\u00edtott azoknak a magyar honv\u00e9deknek, akik a V\u00e9rtesben \u2013 saj\u00e1t haz\u00e1juk\u00e9rt harcolva \u2013 vesztett\u00e9k \u00e9let\u00fcket 1945 janu\u00e1rj\u00e1ban az oroszokkal v\u00edvott harcokban.&#8221; Sajnos mindaz, ami az elm\u00falt k\u00e9t \u00e9v sor\u00e1n a Horthy restaur\u00e1ci\u00f3 jegy\u00e9ben t\u00f6rt\u00e9nik, egy kis meg\u00e1ll\u00e1st parancsol ennek a megeml\u00e9kez\u00e9snek. <a href=\"https:\/\/www.mszporoszlany.hu\/?p=2011\">Egy kattint\u00e1s ide a folytat\u00e1shoz&#8230;. <span class=\"meta-nav\">&rarr;<\/span><\/a><\/p>\n","protected":false},"author":35,"featured_media":0,"comment_status":"open","ping_status":"closed","sticky":false,"template":"","format":"standard","meta":{"footnotes":""},"categories":[196,194],"tags":[950,1253,1255,1258,60,1252,1247,1257,1248,1254,1244,1249,1260,1271,1250,1256,1251,1246,1245,1259],"class_list":["post-2011","post","type-post","status-publish","format-standard","hentry","category-magyarorszag","category-oroszlany","tag-alaptorveny","tag-allamtitkar","tag-don-kanyar","tag-erdelyi-peter","tag-fidesz","tag-honvedelmi-miniszterium","tag-horthy-restauracio","tag-mitoszok","tag-nyilasok","tag-onrendelkezes","tag-oroszlany-hu","tag-orszagtanacs","tag-retvary-bence","tag-semjen-zsolt","tag-szalasi","tag-ungvary-krisztian","tag-vargha-tamas","tag-vertes","tag-vertesi-erdo-zrt","tag-zavada-pal"],"_links":{"self":[{"href":"https:\/\/www.mszporoszlany.hu\/index.php?rest_route=\/wp\/v2\/posts\/2011","targetHints":{"allow":["GET"]}}],"collection":[{"href":"https:\/\/www.mszporoszlany.hu\/index.php?rest_route=\/wp\/v2\/posts"}],"about":[{"href":"https:\/\/www.mszporoszlany.hu\/index.php?rest_route=\/wp\/v2\/types\/post"}],"author":[{"embeddable":true,"href":"https:\/\/www.mszporoszlany.hu\/index.php?rest_route=\/wp\/v2\/users\/35"}],"replies":[{"embeddable":true,"href":"https:\/\/www.mszporoszlany.hu\/index.php?rest_route=%2Fwp%2Fv2%2Fcomments&post=2011"}],"version-history":[{"count":0,"href":"https:\/\/www.mszporoszlany.hu\/index.php?rest_route=\/wp\/v2\/posts\/2011\/revisions"}],"wp:attachment":[{"href":"https:\/\/www.mszporoszlany.hu\/index.php?rest_route=%2Fwp%2Fv2%2Fmedia&parent=2011"}],"wp:term":[{"taxonomy":"category","embeddable":true,"href":"https:\/\/www.mszporoszlany.hu\/index.php?rest_route=%2Fwp%2Fv2%2Fcategories&post=2011"},{"taxonomy":"post_tag","embeddable":true,"href":"https:\/\/www.mszporoszlany.hu\/index.php?rest_route=%2Fwp%2Fv2%2Ftags&post=2011"}],"curies":[{"name":"wp","href":"https:\/\/api.w.org\/{rel}","templated":true}]}}