{"id":2014,"date":"2013-02-02T08:46:18","date_gmt":"2013-02-02T07:46:18","guid":{"rendered":"http:\/\/www.mszporoszlany.hu\/?p=2014"},"modified":"2013-02-02T08:46:18","modified_gmt":"2013-02-02T07:46:18","slug":"orulunk-a-szenfillernek","status":"publish","type":"post","link":"https:\/\/www.mszporoszlany.hu\/?p=2014","title":{"rendered":"\u00d6r\u00fcl\u00fcnk a sz\u00e9nfill\u00e9rnek"},"content":{"rendered":"<p><img loading=\"lazy\" decoding=\"async\" class=\"alignleft size-full wp-image-1841\" alt=\"HerczogEdit\" src=\"https:\/\/www.mszporoszlany.hu\/wp-content\/uploads\/2012\/12\/HerczogEdit.jpg\" width=\"200\" height=\"120\" \/>&#8222;A Bizotts\u00e1g janu\u00e1r v\u00e9gi hat\u00e1rozata, elg\u00f6rd\u00edti az akad\u00e1lyt a magyar b\u00e1ny\u00e1szoknak j\u00e1r\u00f3 t\u00e1mogat\u00e1sok kifizet\u00e9se el\u0151l&#8221; \u2013 der\u00fcl ki Joaqu\u00edn Almunia verseny\u00fcgyi biztos Herczog Edit EP-k\u00e9pvisel\u0151 k\u00e9rd\u00e9s\u00e9re adott friss v\u00e1lasz\u00e1b\u00f3l. A szocialista energiapolitikus decemberben kezdem\u00e9nyezett tal\u00e1lkoz\u00f3t a biztossal, illetve fordult k\u00e9rd\u00e9ssel az Eur\u00f3pai Bizotts\u00e1ghoz, mivel \u00e9vek \u00f3ta k\u00e9sik a b\u00e1ny\u00e1szoknak a sz\u00e9nfill\u00e9r ut\u00e1n j\u00e1r\u00f3 t\u00e1mogat\u00e1sok kifizet\u00e9se.<\/p>\n<p><!--more--><\/p>\n<p>&#8222;Mik\u00f6zben a fogyaszt\u00f3k tov\u00e1bbra is fizetik a sz\u00e9nfill\u00e9rt, t\u00f6bb milli\u00e1rd forintnyi t\u00e1mogat\u00e1s kifizet\u00e9se k\u00e9slekedik \u00e9vek \u00f3ta&#8221; \u2013 \u00e1ll\u00edtotta decemberben Herczog Edit, aki \u00edr\u00e1sbeli k\u00e9rd\u00e9ssel fordult a Bizotts\u00e1ghoz az \u00fcgyben. Az Eur\u00f3pai Tan\u00e1cs rendelete 2018-ig teszi lehet\u0151v\u00e9 az \u00fan. &#8222;sz\u00e9nfill\u00e9r&#8221; beszed\u00e9s\u00e9t, amelyet kiz\u00e1r\u00f3lag a b\u00e1ny\u00e1k vesztes\u00e9g\u00e9nek cs\u00f6kkent\u00e9s\u00e9re, illetve a fokozatos le\u00e9p\u00edt\u00e9ssel \u00e9s bez\u00e1r\u00e1ssal kapcsolatos k\u00f6lts\u00e9gek rendez\u00e9s\u00e9re lehet felhaszn\u00e1lni.<\/p>\n<p>Almunia biztos v\u00e1lasz\u00e1b\u00f3l kit\u0171nik, hogy a magyar korm\u00e1ny csak 2012 november\u00e9ben jelentette be a Bizotts\u00e1gn\u00e1l, hogy a V\u00e9rtesi Er\u0151m\u0171 m\u00e1rkushegyi b\u00e1ny\u00e1j\u00e1nak bez\u00e1r\u00e1sa miatt \u00fczembez\u00e1r\u00e1si t\u00e1mogat\u00e1st \u00e9s a rendk\u00edv\u00fcli k\u00f6rnyezeti \u00e9s t\u00e1rsadalmi k\u00f6lts\u00e9gek fedez\u00e9s\u00e9re ny\u00fajtott t\u00e1mogat\u00e1st is foly\u00f3s\u00edtani k\u00edv\u00e1n. A Bizotts\u00e1g ezt k\u00f6vet\u0151en vizsg\u00e1lta meg a t\u00e1mogat\u00e1sok jogszer\u0171s\u00e9g\u00e9t, hiszen a 2010-es Eur\u00f3pai Tan\u00e1csi hat\u00e1rozat \u00e9rtelm\u00e9ben azt kiz\u00e1r\u00f3lag a bez\u00e1rand\u00f3 \u00fczemekre, \u00e9s csak a bez\u00e1r\u00e1ssal kapcsolatos k\u00f6lts\u00e9gekre ford\u00edthatj\u00e1k.<\/p>\n<p>Herczog Edit szerint a korm\u00e1ny s\u00falyos hib\u00e1t k\u00f6vetett el, amikor \u2013 ellenben a t\u00f6bbi tag\u00e1llammal \u2013 k\u00e9t \u00e9vet v\u00e1rt t\u00e1mogat\u00e1si k\u00e9relem beny\u00fajt\u00e1s\u00e1val, hiszen v\u00e9szesen ler\u00f6vid\u00fclt az az id\u0151, am\u00edg ki lehet fizetni a fogyaszt\u00f3kt\u00f3l egy\u00e9bk\u00e9nt m\u00e1r beszedett sz\u00e9nfill\u00e9rt. A k\u00e9pvisel\u0151 szeretn\u00e9 tudni, hogy mi volt a k\u00e9sleked\u00e9s szakmai indoka, hiszen a b\u00e1ny\u00e1szok m\u00e1ra t\u00f6bb t\u00edzmilli\u00e1rd fortintra duzzadt jussa nem a k\u00f6lts\u00e9gvet\u00e9sen t\u00e1tong\u00f3 Matolcsy-lyukak bet\u00f6m\u00e9s\u00e9re szolg\u00e1l, hanem a dolgoz\u00f3kat illeti.<\/p>\n<p>&#8222;Szakszervezeteknek \u00e9s a szocialista p\u00e1rtnak \u00e1rgus szemekkel kell \u0151rk\u00f6dni afelett, hogy a rendelkez\u00e9sre \u00e1ll\u00f3 r\u00f6vid id\u0151 alatt a b\u00e1ny\u00e1szok a teljes, nekik jogszer\u0171en j\u00e1r\u00f3 \u00f6sszeget megkapj\u00e1k&#8221; \u2013 fogalmazott Herczog a bizotts\u00e1gi v\u00e1lasz kapcs\u00e1n, aki arra is felh\u00edvta a figyelmet, hogy a kapcsol\u00f3d\u00f3 t\u00e1mogat\u00e1sok lej\u00e1rta ut\u00e1n a fogyaszt\u00f3kt\u00f3l sem szedhet\u0151 majd be a sz\u00e9nfill\u00e9r.<\/p>\n","protected":false},"excerpt":{"rendered":"<p>&#8222;A Bizotts\u00e1g janu\u00e1r v\u00e9gi hat\u00e1rozata, elg\u00f6rd\u00edti az akad\u00e1lyt a magyar b\u00e1ny\u00e1szoknak j\u00e1r\u00f3 t\u00e1mogat\u00e1sok kifizet\u00e9se el\u0151l&#8221; \u2013 der\u00fcl ki Joaqu\u00edn Almunia verseny\u00fcgyi biztos Herczog Edit EP-k\u00e9pvisel\u0151 k\u00e9rd\u00e9s\u00e9re adott friss v\u00e1lasz\u00e1b\u00f3l. A szocialista energiapolitikus decemberben kezdem\u00e9nyezett tal\u00e1lkoz\u00f3t a biztossal, illetve fordult k\u00e9rd\u00e9ssel az Eur\u00f3pai Bizotts\u00e1ghoz, mivel \u00e9vek \u00f3ta k\u00e9sik a b\u00e1ny\u00e1szoknak a sz\u00e9nfill\u00e9r ut\u00e1n j\u00e1r\u00f3 t\u00e1mogat\u00e1sok kifizet\u00e9se. <a href=\"https:\/\/www.mszporoszlany.hu\/?p=2014\">Egy kattint\u00e1s ide a folytat\u00e1shoz&#8230;. <span class=\"meta-nav\">&rarr;<\/span><\/a><\/p>\n","protected":false},"author":35,"featured_media":0,"comment_status":"open","ping_status":"closed","sticky":false,"template":"","format":"standard","meta":{"footnotes":""},"categories":[696,196,194],"tags":[1217,1161,697,1234,114,1274,244,1005,1273,1272,110],"class_list":["post-2014","post","type-post","status-publish","format-standard","hentry","category-eu-parlament","category-magyarorszag","category-oroszlany","tag-europai-bizottsag","tag-europai-tanacs","tag-herczog-edit","tag-joaquin-almunia","tag-markushegyi-banyauzem","tag-matolcsy-lyukak","tag-szakszervezet","tag-szenfiller","tag-szocialista-energiapolitikus","tag-versenyugyi-biztos","tag-vertesi-eromu-zrt"],"_links":{"self":[{"href":"https:\/\/www.mszporoszlany.hu\/index.php?rest_route=\/wp\/v2\/posts\/2014","targetHints":{"allow":["GET"]}}],"collection":[{"href":"https:\/\/www.mszporoszlany.hu\/index.php?rest_route=\/wp\/v2\/posts"}],"about":[{"href":"https:\/\/www.mszporoszlany.hu\/index.php?rest_route=\/wp\/v2\/types\/post"}],"author":[{"embeddable":true,"href":"https:\/\/www.mszporoszlany.hu\/index.php?rest_route=\/wp\/v2\/users\/35"}],"replies":[{"embeddable":true,"href":"https:\/\/www.mszporoszlany.hu\/index.php?rest_route=%2Fwp%2Fv2%2Fcomments&post=2014"}],"version-history":[{"count":0,"href":"https:\/\/www.mszporoszlany.hu\/index.php?rest_route=\/wp\/v2\/posts\/2014\/revisions"}],"wp:attachment":[{"href":"https:\/\/www.mszporoszlany.hu\/index.php?rest_route=%2Fwp%2Fv2%2Fmedia&parent=2014"}],"wp:term":[{"taxonomy":"category","embeddable":true,"href":"https:\/\/www.mszporoszlany.hu\/index.php?rest_route=%2Fwp%2Fv2%2Fcategories&post=2014"},{"taxonomy":"post_tag","embeddable":true,"href":"https:\/\/www.mszporoszlany.hu\/index.php?rest_route=%2Fwp%2Fv2%2Ftags&post=2014"}],"curies":[{"name":"wp","href":"https:\/\/api.w.org\/{rel}","templated":true}]}}