{"id":2017,"date":"2013-02-04T09:40:07","date_gmt":"2013-02-04T08:40:07","guid":{"rendered":"http:\/\/www.mszporoszlany.hu\/?p=2017"},"modified":"2013-02-04T09:40:36","modified_gmt":"2013-02-04T08:40:36","slug":"cikkajanlo-2013-01","status":"publish","type":"post","link":"https:\/\/www.mszporoszlany.hu\/?p=2017","title":{"rendered":"Cikkaj\u00e1nl\u00f3 2013.01"},"content":{"rendered":"<p><img loading=\"lazy\" decoding=\"async\" class=\"alignleft size-full wp-image-1439\" alt=\"Cikkajanlo\" src=\"https:\/\/www.mszporoszlany.hu\/wp-content\/uploads\/2012\/10\/Cikkajanlo.png\" width=\"200\" height=\"120\" \/>Szervezt\u00fcnk tagjai, bar\u00e1taink \u00e9s ismer\u0151seink javasolt\u00e1k az al\u00e1bbi cikkeket elolvas\u00e1sra. Amennyiben ideje \u00e9s lehet\u0151s\u00e9ge van r\u00e1, k\u00e9rj\u00fck l\u00e1togasson el a megadott oldalakra \u00e9s olvassa el \u00d6n is az \u00e1ltaluk javasolt cikkeket. Amennyiben \u00e9rdemi v\u00e9lem\u00e9nye lenne a cikkekkel kapcsolatosan, akkor Facebook oldalunkon a megfelel\u0151 cikk bejegyz\u00e9s\u00e9hez v\u00e9lem\u00e9nyt is f\u0171zhet. Kellemes olvasgat\u00e1st k\u00edv\u00e1nunk!<\/p>\n<p><!--more--><\/p>\n<ul>\n<li>A <a title=\"Ugr\u00e1s az eredeti cikkre\" href=\"http:\/\/hvg.hu\/itthon\/20121220_Ungrvary_interju_horthyrol\" target=\"_blank\">turuloz\u00e1s<\/a>\u00e9rt Horthy alatt b\u00f6rt\u00f6n j\u00e1rt volna<\/li>\n<li>Hatalmas t\u00f6megeket fenyeget a <a title=\"Ugr\u00e1s az eredeti cikkre\" href=\"http:\/\/privatbankar.hu\/ongondoskodas\/az-unio-negyedet-120-millio-embert-fenyegeti-a-szegenyseg-253908\" target=\"_blank\">szeg\u00e9nys\u00e9g<\/a><\/li>\n<li>Megk\u00e9rdezt\u00fck:<a title=\"Ugr\u00e1s az eredeti cikkre\" href=\"http:\/\/www.stop.hu\/belfold\/megkerdeztuk-senki-nem-hiszi-el-hoffmann-rozsa-igereteit\/1111979\/\" target=\"_blank\"> senki nem hiszi el<\/a> Hoffmann R\u00f3zsa \u00edg\u00e9reteit<\/li>\n<li>Rog\u00e1n <a title=\"Ugr\u00e1s az eredeti cikkre\" href=\"http:\/\/galamus.hu\/index.php?option=com_content&amp;view=article&amp;id=183855:rogan-hazugsaga&amp;catid=9:vendegek&amp;Itemid=66\" target=\"_blank\">hazugs\u00e1ga<\/a><\/li>\n<li><a title=\"Ugr\u00e1s az eredeti cikkre\" href=\"http:\/\/sztarold.hu\/kiemelt\/levelet-irt-bayer-zsoltnak-a-diakvezer\" target=\"_blank\">Levelet \u00edrt<\/a> Bayer Zsoltnak a di\u00e1kvez\u00e9r!<\/li>\n<li>Kiterelgetik a <a title=\"Ugr\u00e1s az eredeti cikkre\" href=\"http:\/\/www.gyartastrend.hu\/cikk\/kiterelgetik_a_szennyest\" target=\"_blank\">szennyest<\/a><\/li>\n<li><a title=\"Ugr\u00e1s az eredeti cikkre\" href=\"http:\/\/hvg.hu\/itthon\/20130109_ELTE_gyakorlo_szuloi_forum\" target=\"_blank\">S\u00edrtak a di\u00e1kok<\/a> az ELTE-gyakorl\u00f3 f\u00f3rum\u00e1n<\/li>\n<li>Kibelezett nyugd\u00edjsz\u00e1ml\u00e1k: <a title=\"Ugr\u00e1s az eredeti cikkre\" href=\"http:\/\/privatbankar.hu\/ongondoskodas\/kibelezett-nyugdijszamlak-nem-ezt-igertek-254234\" target=\"_blank\">nem ezt \u00edg\u00e9rt\u00e9k<\/a><\/li>\n<li><a title=\"Ugr\u00e1s az eredeti cikkre\" href=\"http:\/\/mno.hu\/belfold\/bortonre-iteltek-a-volt-polgarmestert-1131283\" target=\"_blank\">B\u00f6rt\u00f6nre \u00edt\u00e9lt\u00e9k<\/a> a volt polg\u00e1rmestert<\/li>\n<li>Ki ad\u00f3zik itt val\u00f3j\u00e1ban? (<a title=\"Ugr\u00e1s az eredeti cikkre\" href=\"http:\/\/szabadeuropa.shp.hu\/hpc\/web.php?a=szabadeuropa&amp;o=heti_tema_2012_12_12__h26H\" target=\"_blank\">1. r\u00e9sz<\/a>, <a title=\"Ugr\u00e1s az eredeti cikkre\" href=\"http:\/\/szabadeuropa.shp.hu\/hpc\/web.php?a=szabadeuropa&amp;o=heti_tema_2012_12_19__VJlZ\" target=\"_blank\">2. r\u00e9sz<\/a>)<\/li>\n<li>Az emberek harmad\u00e1t <a title=\"Ugr\u00e1s az eredeti cikkre\" href=\"http:\/\/egyenlito.blog.hu\/2013\/01\/18\/az_emberek_harmadat_az_ut_szelen_hagyna_a_fideszes_szakember\" target=\"_blank\">az \u00fat sz\u00e9l\u00e9n hagyn\u00e1<\/a><\/li>\n<li><a title=\"Ugr\u00e1s az eredeti cikkre\" href=\"http:\/\/fn.hir24.hu\/nagyinterju\/2013\/01\/21\/allamositas-igy-latja-a-klebelsberg-igazgatoja\/\" target=\"_blank\">\u00c1llamos\u00edt\u00e1s<\/a>: \u00edgy l\u00e1tja a Klebelsberg igazgat\u00f3ja<\/li>\n<li><a title=\"Ugr\u00e1s az eredeti cikkre\" href=\"http:\/\/hvg.hu\/itthon\/20130124_botka_kormanyvaltas_mszp\" target=\"_blank\">Botka<\/a>: belegondolni is sz\u00f6rny\u0171 egy 2014-es Fidesz-gy\u0151zelembe<\/li>\n<li><a title=\"Ugr\u00e1s az eredeti cikkre\" href=\"http:\/\/index.hu\/belfold\/2013\/01\/30\/nem_akarjak_atadni_az_allamnak_az_1_2_milliardos_rendelot\/\" target=\"_blank\">Nem akarj\u00e1k \u00e1tadni<\/a> az \u00e1llamnak az 1,2 milli\u00e1rdos rendel\u0151t<\/li>\n<li>A hanyatl\u00e1s ellen <a title=\"Ugr\u00e1s az eredeti cikkre\" href=\"http:\/\/nol.hu\/belfold\/20130201-a_hanyatlas_ellen_tiltakoztak\" target=\"_blank\">tiltakoztak<\/a><\/li>\n<li><a title=\"Ugr\u00e1s az eredeti cikkre\" href=\"http:\/\/szabadeuropa.shp.hu\/hpc\/web.php?a=szabadeuropa&amp;o=heti_tema_2013_01_15__ccIl\" target=\"_blank\">Gy\u0171l\u00f6letkamp\u00e1ny<\/a><\/li>\n<li><a title=\"Ugr\u00e1s az eredeti cikkre\" href=\"http:\/\/galamus.hu\/index.php?option=com_content&amp;view=article&amp;id=188998:hankook-idezetek-dokumentacio\" target=\"_blank\">Hankook<\/a>-id\u00e9zetek<\/li>\n<li><a title=\"Ugr\u00e1s az eredeti cikkre\" href=\"http:\/\/stop.hu\/belfold\/elhallgatott-mult-matolcsy-gyorgy-tudja-hogy-hazudik\/1119533\/\" target=\"_blank\">Elhallgatott m\u00falt<\/a>: &#8222;Matolcsy Gy\u00f6rgy tudja, hogy hazudik&#8221;<\/li>\n<\/ul>\n","protected":false},"excerpt":{"rendered":"<p>Szervezt\u00fcnk tagjai, bar\u00e1taink \u00e9s ismer\u0151seink javasolt\u00e1k az al\u00e1bbi cikkeket elolvas\u00e1sra. Amennyiben ideje \u00e9s lehet\u0151s\u00e9ge van r\u00e1, k\u00e9rj\u00fck l\u00e1togasson el a megadott oldalakra \u00e9s olvassa el \u00d6n is az \u00e1ltaluk javasolt cikkeket. Amennyiben \u00e9rdemi v\u00e9lem\u00e9nye lenne a cikkekkel kapcsolatosan, akkor Facebook oldalunkon a megfelel\u0151 cikk bejegyz\u00e9s\u00e9hez v\u00e9lem\u00e9nyt is f\u0171zhet. Kellemes olvasgat\u00e1st k\u00edv\u00e1nunk! <a href=\"https:\/\/www.mszporoszlany.hu\/?p=2017\">Egy kattint\u00e1s ide a folytat\u00e1shoz&#8230;. <span class=\"meta-nav\">&rarr;<\/span><\/a><\/p>\n","protected":false},"author":35,"featured_media":0,"comment_status":"closed","ping_status":"closed","sticky":false,"template":"","format":"standard","meta":{"footnotes":""},"categories":[196],"tags":[],"class_list":["post-2017","post","type-post","status-publish","format-standard","hentry","category-magyarorszag"],"_links":{"self":[{"href":"https:\/\/www.mszporoszlany.hu\/index.php?rest_route=\/wp\/v2\/posts\/2017","targetHints":{"allow":["GET"]}}],"collection":[{"href":"https:\/\/www.mszporoszlany.hu\/index.php?rest_route=\/wp\/v2\/posts"}],"about":[{"href":"https:\/\/www.mszporoszlany.hu\/index.php?rest_route=\/wp\/v2\/types\/post"}],"author":[{"embeddable":true,"href":"https:\/\/www.mszporoszlany.hu\/index.php?rest_route=\/wp\/v2\/users\/35"}],"replies":[{"embeddable":true,"href":"https:\/\/www.mszporoszlany.hu\/index.php?rest_route=%2Fwp%2Fv2%2Fcomments&post=2017"}],"version-history":[{"count":0,"href":"https:\/\/www.mszporoszlany.hu\/index.php?rest_route=\/wp\/v2\/posts\/2017\/revisions"}],"wp:attachment":[{"href":"https:\/\/www.mszporoszlany.hu\/index.php?rest_route=%2Fwp%2Fv2%2Fmedia&parent=2017"}],"wp:term":[{"taxonomy":"category","embeddable":true,"href":"https:\/\/www.mszporoszlany.hu\/index.php?rest_route=%2Fwp%2Fv2%2Fcategories&post=2017"},{"taxonomy":"post_tag","embeddable":true,"href":"https:\/\/www.mszporoszlany.hu\/index.php?rest_route=%2Fwp%2Fv2%2Ftags&post=2017"}],"curies":[{"name":"wp","href":"https:\/\/api.w.org\/{rel}","templated":true}]}}