{"id":202,"date":"2011-03-13T14:47:51","date_gmt":"2011-03-13T13:47:51","guid":{"rendered":"http:\/\/www.mszporoszlany.hu\/?p=202"},"modified":"2012-04-06T20:33:57","modified_gmt":"2012-04-06T19:33:57","slug":"az-orban-rezsim","status":"publish","type":"post","link":"https:\/\/www.mszporoszlany.hu\/?p=202","title":{"rendered":"Az Orb\u00e1n rezsim"},"content":{"rendered":"<p><img loading=\"lazy\" decoding=\"async\" class=\"alignleft size-full wp-image-206\" title=\"rezsim\" src=\"https:\/\/www.mszporoszlany.hu\/wp-content\/uploads\/2012\/03\/rezsim.jpg\" alt=\"\" width=\"200\" height=\"120\" \/>M\u00e1r a 2002-es v\u00e1laszt\u00e1sok el\u0151tt is 5-6 sz\u00e1zal\u00e9k k\u00f6r\u00fcl volt azok ar\u00e1nya, akik a k\u00f6zv\u00e9lem\u00e9ny-kutat\u00f3k el\u0151tt jobbnak v\u00e9lt\u00e9k elhallgatni a korm\u00e1nyzattal szembeni ellen\u00e9rz\u00e9s\u00fcket: ez okozta a legt\u00f6bb int\u00e9zet \u00e1ltal prognosztiz\u00e1lt Fidesz-gy\u0151zelem s a val\u00f3s\u00e1gban elszenvedett veres\u00e9g k\u00f6zti ellentmond\u00e1st. S b\u00e1r az els\u0151 Orb\u00e1n-korm\u00e1ny \u00e9ppen csak feszegette a parlament\u00e1ris demokr\u00e1cia kereteit; moh\u00f3s\u00e1ga, g\u00e1tl\u00e1stalans\u00e1ga, liheg\u0151 ideol\u00f3giai buzgalma, a h\u00edvek kok\u00e1rd\u00e1s nyomul\u00e1sa m\u00e9gis \u00f3vatoss\u00e1 tette a v\u00e1laszt\u00f3k egy r\u00e9sz\u00e9t: m\u00e1sk\u00e9nt nyilv\u00e1n\u00edtott\u00e1k ki p\u00e1rtpreferenci\u00e1jukat a k\u00e9rdez\u0151biztossal szemben saj\u00e1t otthonukban, mint egyed\u00fcl a lef\u00fcgg\u00f6ny\u00f6z\u00f6tt szavaz\u00f3f\u00fclk\u00e9ben.<\/p>\n<p><!--more--><\/p>\n<p>Ma a t\u00e1rsadalom nagy r\u00e9sz\u00e9t f\u00e9lelem itatja \u00e1t. Hisz p\u00e1rtkommand\u00f3k cs\u00f6ngetnek be az aj\u00e1nl\u00f3 szelv\u00e9nyek\u00e9rt; hisz mag\u00e1t\u00f3l Kubatovt\u00f3l tudjuk, hogy mindenki rajta van a list\u00e1ikon; hisz indokl\u00e1s n\u00e9lk\u00fcl r\u00fagnak ki b\u00e1rkit a munkahely\u00e9r\u0151l (deklar\u00e1ltan alkotm\u00e1nyellenesen, \u00e1m egy ideig m\u00e9g alkotm\u00e1nyb\u00edr\u00f3s\u00e1gi f\u00f6lhatalmaz\u00e1ssal); hisz egy \u201ebuta\u201d nyilatkozatot megtorolva el\u00e1llnak a d\u00edjnyertes film forgalmaz\u00e1s\u00e1t\u00f3l (egy gy\u00e1va ut\u00f3lagos korrekci\u00f3 ellen\u00e9re is); hisz a k\u00f6zszolg\u00e1lati dolgoz\u00f3knak al\u00e1 kell \u00edrniuk, hogy titkos eszk\u00f6z\u00f6kkel figyelhetik \u0151ket; hisz \u00fcgy\u00e9szi parancsra,megalapozott jogi indokl\u00e1s n\u00e9lk\u00fcl vezet\u0151sz\u00e1rra k\u00f6tnek, s (ha nem akad egy b\u00e1tor \u00e9s tisztess\u00e9ges b\u00edr\u00f3) h\u00f3napokra b\u00f6rt\u00f6nbe z\u00e1rnak b\u00e1rkit, aki a politikai bossz\u00faperek konstru\u00e1l\u00e1sakor k\u00e9pbe ker\u00fcl; hisz vil\u00e1gh\u00edr\u0171 tud\u00f3sokra \u00fctik r\u00e1 a sikkaszt\u00f3 b\u00e9lyeget; hisz b\u00e1rmely v\u00e1llalkoz\u00f3 \u201evisszautas\u00edthatatlan aj\u00e1nlatot\u201d kaphat, ha c\u00e9ge megtetszik valakiknek; hisz rafin\u00e1ltan brut\u00e1lis hatalmi k\u00e9nyszert alkalmazva vett\u00e9k el milli\u00f3k mag\u00e1n-nyugd\u00edjp\u00e9nzt\u00e1ri megtakar\u00edt\u00e1sait&#8230;<\/p>\n<p>Folytathatn\u00e1m, de el\u00e9g ennyi, hogy az olvas\u00f3 is okkal felt\u00e9telezze: a lak\u00e1sba becs\u00f6nget\u0151, a telefonon bejelentkez\u0151 k\u00e9rdez\u0151biztosok nem kapnak mindig \u0151szinte v\u00e1laszt p\u00e1rtpreferenci\u00e1t firtat\u00f3 k\u00e9rd\u00e9seikre. A nyugati t\u00e1rsadalomtudom\u00e1nyb\u00f3l ismert \u201eelhallgat\u00e1si spir\u00e1l\u201d helyett a magyar politol\u00f3gia bevezethetn\u00e9 a \u201ef\u00e9lelmi spir\u00e1l\u201d kateg\u00f3ri\u00e1j\u00e1t.<\/p>\n<p>\u00c1m \u2013 mint a k\u00f6lt\u0151 mondja \u2013 a hatalomt\u00f3l val\u00f3 f\u00e9lelem val\u00f3ban \u201efort\u00e9lyos\u201d dolog.<\/p>\n<p>Kisz\u00e1m\u00edthatatlan a term\u00e9szete. Egy id\u0151 ut\u00e1n kisz\u00e1m\u00edthatatlann\u00e1 v\u00e1lnak a f\u00e9lelemben \u00e9l\u0151 ember reakci\u00f3i is. A f\u00e9lelem m\u00e9ly\u00e9n megal\u00e1zotts\u00e1g, keser\u0171s\u00e9g, dac, lappang\u00f3 indulat, gy\u0171l\u00f6let lakik. Ami kit\u00f6rhet. Min\u00e9l nagyobb a f\u00e9lelem, ann\u00e1l v\u00e1ratlanabb er\u0151vel.<\/p>\n<p>Az Orb\u00e1n-rezsim nyolc\u00e9vnyi populista n\u00e9p\u00e1m\u00edt\u00e1s ut\u00e1n ker\u00fclt hatalomra. Ami 2010 tavasz\u00e1n t\u00f6rt\u00e9nt, az mer\u0151ben m\u00e1s term\u00e9szet\u0171 volt, mint ami egy demokratikus v\u00e1laszt\u00e1s ut\u00e1n t\u00f6rt\u00e9nni szokott. Nem egy nagyobb bizalmat elnyert politikai er\u0151 ker\u00fclt korm\u00e1nyra egy hiteless\u00e9g\u00e9ben megcsappant m\u00e1sik helyett, hanem gy\u0151z\u00f6tt a J\u00f3, \u00e9s vesztett a Gonosz. Let\u0171nt egy rossz, b\u0171n\u00f6s, \u00e1tmeneti korszak a maga hitv\u00e1ny szerepl\u0151ivel, s f\u00f6lvirradt egy \u00faj, boldog kor hajnala. \u201eA nap is m\u00e1sk\u00e9nt s\u00fct holnapt\u00f3l\u201d \u2013 \u00edg\u00e9rte a nagy manipul\u00e1tor, s az emberek hittek neki. Elhitt\u00e9k, hogy rendbe teszi a sz\u00e9n\u00e1jukat, f\u00f6l\u00e9p\u00edti az orsz\u00e1gukat, visszaveszi a rabl\u00f3kt\u00f3l az elorzott p\u00e9nz\u00fcket, \u00e9s munk\u00e1t ad nekik.<\/p>\n<p>Nemcsak szem\u00e9lyesen virrad f\u00f6l minden magyar napja hat\u00e1ron innen \u00e9s t\u00fal, de f\u00f6lvirrad Magyarorsz\u00e1g napja is. Sereghajt\u00f3b\u00f3l \u00e9llovasok lesz\u00fcnk megint, s legel\u00f6l ott lovagol majd az \u00e1ltalunk v\u00e1lasztott, \u00e1m Eur\u00f3pa \u00e9s a vil\u00e1g hatalmasai \u00e1ltal is megs\u00fcvegelt vez\u00e9r. A legkisebb fi\u00fab\u00f3l, a falusz\u00e9li kiskond\u00e1sb\u00f3l lett \u2013 egykor igaztalanul sz\u00e1m\u0171z\u00f6tt \u2013 nagy kir\u00e1ly.<\/p>\n<p>Nem k\u00f6nny\u0171 f\u00f6l\u00e9bredni ebb\u0151l a buta \u00e1lomb\u00f3l. Az ember nehezen ismeri be, ha hi\u00fa v\u00e1gyai nem v\u00e1ltak val\u00f3ra. Ha kider\u00fcl: \u00e1tvert\u00e9k, balek volt \u00e9s ostoba. A r\u00f6vid t\u00e1von a val\u00f3s\u00e1ggal szemben is hat\u00e9kony hatalmi propagand\u00e1n s a f\u00e9lelmen t\u00fal ez is k\u00f6zrej\u00e1tszott abban, hogy oly sokan, oly sok\u00e1ig kitartottak tavaszi rem\u00e9nyeik mellett. Az \u00edr\u00e1s elej\u00e9n id\u00e9zett k\u00f6zv\u00e9lem\u00e9ny-kutat\u00e1si adatok azonban komoly v\u00e1ltoz\u00e1st jeleznek. Az emberek megkapt\u00e1k els\u0151 fizet\u00e9s\u00fcket, amely kisebb volt a kor\u00e1bbin\u00e1l. A t\u00f6rleszt\u0151 r\u00e9szletek viszont nagyobbak lettek. Nem cs\u00f6kkent a g\u00e1z, a villany, a v\u00edz, a benzin \u00e1ra, s\u0151t. Az \u00e9v elej\u00e9n brut\u00e1lisan dr\u00e1gultak az \u00e9lelmiszerek.<\/p>\n<p>Az infl\u00e1ci\u00f3 megl\u00f3dult, a jegybank kamatemel\u00e9sre k\u00e9nyszer\u00fclt. A munkan\u00e9lk\u00fclis\u00e9g \u2013 a bombasztikus \u00edg\u00e9retekre r\u00e1c\u00e1folva \u2013 \u0151sz \u00f3ta emelkedik, janu\u00e1rban majdnem sz\u00e1zezer f\u0151vel ugrott meg az el\u0151z\u0151 korm\u00e1ny k\u00f6zmunkaprogramjainak le\u00e1ll\u00edt\u00e1sa miatt. S mik\u00f6zben a v\u00e1ls\u00e1gb\u00f3l kifel\u00e9 tart\u00f3 orsz\u00e1gokban minden\u00fctt n\u0151 a beruh\u00e1z\u00e1si r\u00e1ta, n\u00e1lunk az utols\u00f3 negyed\u00e9vben 8 sz\u00e1zal\u00e9kos zuhan\u00e1s k\u00f6vetkezett be, a k\u00f6lts\u00e9gvet\u00e9s hi\u00e1nya m\u00e1ris brut\u00e1lis: febru\u00e1rra meghaladta az \u00e9ves el\u0151ir\u00e1nyzat 81 sz\u00e1zal\u00e9k\u00e1t.<\/p>\n<p>Az Orb\u00e1n-rezsim m\u00e1ra k\u00e9t malomk\u0151 k\u00f6z\u00e9 ker\u00fclt. Egyfel\u0151l a nyugati gazdas\u00e1gi k\u00f6rnyezet, a befektet\u0151k, a finansz\u00edroz\u00f3k, egysz\u00f3val a realit\u00e1s; m\u00e1sfel\u0151l az irrealit\u00e1s k\u00f6z\u00e9. A maga \u00e1ltal keltett hamis v\u00e1rakoz\u00e1sok, az elbolond\u00edtott, megh\u00fcly\u00edtett, f\u00f6lheccelt n\u00e9p elv\u00e1r\u00e1sai k\u00f6z\u00e9, ami persze maga is a legvaskosabb politikai realit\u00e1s. E kett\u0151 k\u00f6zt kopik, \u0151rl\u0151dik a vez\u00e9r s az \u00e1ltala \u00e9p\u00edtett, ma m\u00e9g szil\u00e1rdan k\u00e9zben tartott politikai konglomer\u00e1tum. E malomk\u00f6vek \u0151rlem\u00e9nye a Sz\u00e9ll K\u00e1lm\u00e1nr\u00f3l elnevezett \u2013 ink\u00e1bb kommunik\u00e1ci\u00f3s, mint gazdas\u00e1gpolitikai \u2013produkci\u00f3, amely kev\u00e9s ahhoz, hogy a k\u00fclf\u00f6ldi befektet\u0151i \u00e9s politikai k\u00f6r\u00f6k elv\u00e1r\u00e1sait kiel\u00e9g\u00edtse, \u00e1m t\u00fal sok az itthoni n\u00e9p\u00e1m\u00edt\u00e1s f\u00f6nntart\u00e1s\u00e1hoz. A hazugs\u00e1gok leleplez\u0151dnek, a bev\u00e1lt kommunik\u00e1ci\u00f3s tr\u00fckk\u00f6k hat\u00e1sa az ellenkez\u0151j\u00e9re fordul, a lavina lassan megindul&#8230;<\/p>\n<p>Orb\u00e1n \u00e9s rendszere katasztrof\u00e1lisan lej\u00e1rat\u00f3dott a nyugati vil\u00e1g minden politikai t\u00e9nyez\u0151je szem\u00e9ben. Am\u00edg az EU-ban form\u00e1lisan bet\u00f6lti a f\u00e9l \u00e9vre re\u00e1 h\u00e1rul\u00f3 funkci\u00f3t, addig nem r\u00e9szes\u00fcl durva megal\u00e1ztat\u00e1sban, de ut\u00e1na abba a p\u00e1riaszerepbe jut, amit a Washington Post m\u00e1r tavaly ny\u00e1ron megj\u00f3solt neki (a g\u00f6d\u00f6ll\u0151i EU-cs\u00facs lemond\u00e1sa csak \u00edzel\u00edt\u0151 volt). Ez el\u0151bb-ut\u00f3bb itthon is nyilv\u00e1nval\u00f3v\u00e1 v\u00e1lik \u2013 a legals\u00f3bb n\u00e9poszt\u00e1lyok el\u0151tt is. Ma m\u00e1r vil\u00e1gos az is, hogy a \u201ekeleti sz\u00e9llel\u201d vitorl\u00e1zni: mer\u0151 ill\u00fazi\u00f3 volt. Orb\u00e1nt Moszkv\u00e1ban megal\u00e1z\u00f3 m\u00f3don elutas\u00edtott\u00e1k, a k\u00ednaiak form\u00e1lis udvariass\u00e1g\u00e1t pedig sim\u00e1n f\u00e9lre\u00e9rtette tavaly okt\u00f3berben. Az\u00f3ta kider\u00fclt, esz\u00fck \u00e1g\u00e1ban sincs finansz\u00edrozni a magyar \u00e1llamad\u00f3ss\u00e1got, a k\u00ednai k\u00e1rtya teh\u00e1t: betli.<\/p>\n<p>A v\u00e1rhat\u00f3 fejlem\u00e9ny: m\u00e9g g\u00f6rcs\u00f6sebb hatalmi arrogancia. B\u00e9rkommand\u00f3k, \u201eaz elad\u00f3sod\u00e1s\u00e9rt felel\u0151s politikai b\u0171n\u00f6z\u0151k\u201d \u00fcld\u00f6z\u00e9se, a korm\u00e1nyf\u0151 \u00e1ltal szem\u00e9lyesen elrendelt \u00e9jszakai razzi\u00e1k a sz\u00f3rakoz\u00f3helyeken, gyerekek beb\u00f6rt\u00f6nz\u00e9se \u00e9s a t\u00f6bbi. A f\u00e9lelem s vele a gy\u0171l\u00f6let tov\u00e1bb n\u0151 a hatalom ir\u00e1nt. Orb\u00e1n\u00e9k annyi durvas\u00e1got k\u00f6vettek el m\u00e1ris, anynyi g\u00e1tl\u00e1stalan l\u00e9p\u00e9st tettek; annyi norm\u00e1t s\u00e9rtettek meg, annyi hat\u00e1ron g\u00e1zoltak \u00e1t, hogy mindez nem maradhat k\u00f6vetkezm\u00e9nyek n\u00e9lk\u00fcl. Ez vissza\u00fct. Most m\u00e1r azt mondom, ink\u00e1bb el\u0151bb, mint ut\u00f3bb. Ez a f\u00e9ktelen uralom, ez a stupid rendszer nem tarthat\u00f3 f\u00f6nn hossz\u00fa t\u00e1von. Anyagi \u00e9s lelki tartal\u00e9kai egy id\u0151 ut\u00e1n rohamos fogy\u00e1snak indulnak \u2013\u00e9s azt\u00e1n f\u00f6lgyorsulnak az esem\u00e9nyek. Bek\u00f6vetkezik a politikai f\u00f6ldcsuszaml\u00e1s. Hogy ez pontosan mit jelent, ma m\u00e9g nem tudhat\u00f3.<\/p>\n<p>A j\u00f6v\u0151 kisz\u00e1m\u00edthatatlan, de nem olyan t\u00e1voli, mint kor\u00e1bban hinni lehetett.<\/p>\n<p>&nbsp;<\/p>\n","protected":false},"excerpt":{"rendered":"<p>M\u00e1r a 2002-es v\u00e1laszt\u00e1sok el\u0151tt is 5-6 sz\u00e1zal\u00e9k k\u00f6r\u00fcl volt azok ar\u00e1nya, akik a k\u00f6zv\u00e9lem\u00e9ny-kutat\u00f3k el\u0151tt jobbnak v\u00e9lt\u00e9k elhallgatni a korm\u00e1nyzattal szembeni ellen\u00e9rz\u00e9s\u00fcket: ez okozta a legt\u00f6bb int\u00e9zet \u00e1ltal prognosztiz\u00e1lt Fidesz-gy\u0151zelem s a val\u00f3s\u00e1gban elszenvedett veres\u00e9g k\u00f6zti ellentmond\u00e1st. S b\u00e1r az els\u0151 Orb\u00e1n-korm\u00e1ny \u00e9ppen csak feszegette a parlament\u00e1ris demokr\u00e1cia kereteit; moh\u00f3s\u00e1ga, g\u00e1tl\u00e1stalans\u00e1ga, liheg\u0151 ideol\u00f3giai buzgalma, a h\u00edvek kok\u00e1rd\u00e1s nyomul\u00e1sa m\u00e9gis \u00f3vatoss\u00e1 tette a v\u00e1laszt\u00f3k egy r\u00e9sz\u00e9t: m\u00e1sk\u00e9nt nyilv\u00e1n\u00edtott\u00e1k ki p\u00e1rtpreferenci\u00e1jukat a k\u00e9rdez\u0151biztossal szemben saj\u00e1t otthonukban, mint egyed\u00fcl a lef\u00fcgg\u00f6ny\u00f6z\u00f6tt szavaz\u00f3f\u00fclk\u00e9ben. <a href=\"https:\/\/www.mszporoszlany.hu\/?p=202\">Egy kattint\u00e1s ide a folytat\u00e1shoz&#8230;. <span class=\"meta-nav\">&rarr;<\/span><\/a><\/p>\n","protected":false},"author":35,"featured_media":0,"comment_status":"open","ping_status":"closed","sticky":false,"template":"","format":"standard","meta":{"footnotes":""},"categories":[196],"tags":[],"class_list":["post-202","post","type-post","status-publish","format-standard","hentry","category-magyarorszag"],"_links":{"self":[{"href":"https:\/\/www.mszporoszlany.hu\/index.php?rest_route=\/wp\/v2\/posts\/202","targetHints":{"allow":["GET"]}}],"collection":[{"href":"https:\/\/www.mszporoszlany.hu\/index.php?rest_route=\/wp\/v2\/posts"}],"about":[{"href":"https:\/\/www.mszporoszlany.hu\/index.php?rest_route=\/wp\/v2\/types\/post"}],"author":[{"embeddable":true,"href":"https:\/\/www.mszporoszlany.hu\/index.php?rest_route=\/wp\/v2\/users\/35"}],"replies":[{"embeddable":true,"href":"https:\/\/www.mszporoszlany.hu\/index.php?rest_route=%2Fwp%2Fv2%2Fcomments&post=202"}],"version-history":[{"count":0,"href":"https:\/\/www.mszporoszlany.hu\/index.php?rest_route=\/wp\/v2\/posts\/202\/revisions"}],"wp:attachment":[{"href":"https:\/\/www.mszporoszlany.hu\/index.php?rest_route=%2Fwp%2Fv2%2Fmedia&parent=202"}],"wp:term":[{"taxonomy":"category","embeddable":true,"href":"https:\/\/www.mszporoszlany.hu\/index.php?rest_route=%2Fwp%2Fv2%2Fcategories&post=202"},{"taxonomy":"post_tag","embeddable":true,"href":"https:\/\/www.mszporoszlany.hu\/index.php?rest_route=%2Fwp%2Fv2%2Ftags&post=202"}],"curies":[{"name":"wp","href":"https:\/\/api.w.org\/{rel}","templated":true}]}}