{"id":2024,"date":"2013-02-07T16:21:36","date_gmt":"2013-02-07T15:21:36","guid":{"rendered":"http:\/\/www.mszporoszlany.hu\/?p=2024"},"modified":"2013-02-07T16:21:36","modified_gmt":"2013-02-07T15:21:36","slug":"racs-mogott-a-szexualis-buncselekmennyel-vadolt-teves","status":"publish","type":"post","link":"https:\/\/www.mszporoszlany.hu\/?p=2024","title":{"rendered":"R\u00e1cs m\u00f6g\u00f6tt a szexu\u00e1lis b\u0171ncselekm\u00e9nnyel v\u00e1dolt t\u00e9v\u00e9s"},"content":{"rendered":"<p><img loading=\"lazy\" decoding=\"async\" class=\"alignleft size-full wp-image-2025\" alt=\"VertesTV\" src=\"https:\/\/www.mszporoszlany.hu\/wp-content\/uploads\/2013\/02\/VertesTV.png\" width=\"200\" height=\"120\" \/>A Tatab\u00e1nyai J\u00e1r\u00e1sb\u00edr\u00f3s\u00e1g er\u0151szakos k\u00f6z\u00f6s\u00fcl\u00e9s b\u0171ntette, valamint tiltott pornogr\u00e1f felv\u00e9tel k\u00e9sz\u00edt\u00e9s\u00e9vel val\u00f3 folytat\u00f3lagos vissza\u00e9l\u00e9s miatt 30 napra el\u0151zetes letart\u00f3ztat\u00e1sba helyezte az oroszl\u00e1nyi K.I.-t \u2013 er\u0151s\u00edtette meg a t\u00f6rv\u00e9nysz\u00e9k sajt\u00f3titk\u00e1ra h\u00e9tf\u0151n az MTI \u00e9rtes\u00fcl\u00e9s\u00e9t. Majorosn\u00e9 K\u00f6ck Ildik\u00f3 k\u00f6z\u00f6lte, az \u00fcggyel kapcsolatban tov\u00e1bbi inform\u00e1ci\u00f3t a s\u00e9rtett kor\u00e1r\u00f3l, a tiltott pornogr\u00e1f felv\u00e9telek k\u00e9sz\u00edt\u00e9s\u00e9nek r\u00e9szleteir\u0151l nem adhat.<\/p>\n<p><!--more--><\/p>\n<p>A Kom\u00e1rom-Esztergom Megyei Rend\u0151r-f\u0151kapit\u00e1nys\u00e1g sajt\u00f3referense, L\u00e9ber Gabriella elmondta, a b\u00fcntet\u0151elj\u00e1r\u00e1s sor\u00e1n a nyomoz\u00f3k k\u00fcl\u00f6nb\u00f6z\u0151 sz\u00e1m\u00edt\u00e1stechnikai eszk\u00f6z\u00f6ket foglaltak le, melyeket szak\u00e9rt\u0151k vizsg\u00e1lnak \u2013 \u00e1ll az MTI h\u00edr\u00e9ben.<\/p>\n<p>A v\u00e1rosh\u00e1za sajt\u00f3referense, Vasv\u00e1ri Erika a helyi v\u00e1rosi telev\u00edzi\u00f3 (ORITEL) \u00e9rdekl\u0151d\u00e9sre k\u00f6z\u00f6lte: az \u00f6nkorm\u00e1nyzat honlapj\u00e1t kor\u00e1bban friss\u00edt\u0151 szerz\u0151d\u00e9ses partner nem tudja ell\u00e1tni feladat\u00e1t, ez\u00e9rt helyettes\u00edt\u00e9s\u00e9r\u0151l gondoskodtak. A nyomoz\u00e1s \u00e9rdekeire hivatkozva t\u00f6bbet \u0151 sem k\u00f6z\u00f6lt, azonban inform\u00e1ci\u00f3nk szerint K.I. azonos azzal a szem\u00e9llyel, aki az oroszl\u00e1nyi \u00f6nkorm\u00e1nyzat weboldal\u00e1t gondozta eddig, valamint a V\u00e9rtes Telev\u00edzi\u00f3 vezet\u0151 munkat\u00e1rsa volt letart\u00f3ztat\u00e1s\u00e1ig.<\/p>\n<p>A telev\u00edzi\u00f3 st\u00fadi\u00f3j\u00e1nak helyet biztos\u00edt\u00f3 v\u00e1rosi m\u0171vel\u0151d\u00e9si k\u00f6zpontban a rend\u0151rs\u00e9g janu\u00e1r 23-\u00e1n v\u00e9gzett kutat\u00e1st, azt azonban, hogy ez milyen eredm\u00e9nnyel z\u00e1rult, hogy mit z\u00e1rolt, illetve vitt el a nyomoz\u00f3hat\u00f3s\u00e1g, nincs h\u00edr\u00fcnk. Egy szemtan\u00fat\u00f3l sz\u00e1rmaz\u00f3 (hivatalosan meg nem er\u0151s\u00edtett) inform\u00e1ci\u00f3 szerint janu\u00e1r negyedik het\u00e9ben a gyan\u00fas\u00edtott lak\u00f3hely\u00e9n is v\u00e9geztek h\u00e1zkutat\u00e1st a rend\u0151r\u00f6k, ahol sz\u00e1m\u00edt\u00e1stechnikai eszk\u00f6z\u00f6ket \u00e9s adathordoz\u00f3kat foglaltak le.<\/p>\n<p>Mint az k\u00f6ztudott, a V\u00e9rtes Telev\u00edzi\u00f3 Tak\u00e1cs K\u00e1roly polg\u00e1rmester \u00f3haja \u00e9s tal\u00e1lm\u00e1nya volt az ORITEL mell\u00e9, annak mintegy &#8222;kiegyens\u00falyoz\u00e1s\u00e1ra&#8221;. A m\u0171sort a DIGI TV csatorn\u00e1j\u00e1n lehet fogni. A t\u00e9v\u00e9t \u00fczemeltet\u0151 t\u00e1rsas\u00e1g a Dzsupin \u00e9s T\u00e1rsai Bt. B\u00e1rsonyosra, a F\u00f6veny d\u0171l\u0151 25. al\u00e1 van bejegyezve a Nemzeti M\u00e9dia- \u00e9s H\u00edrk\u00f6zl\u00e9si Hat\u00f3s\u00e1g weboldal\u00e1n tal\u00e1lhat\u00f3 adatok szerint. Az enged\u00e9lyt 2011 december\u00e9ben adt\u00e1k ki Tatab\u00e1nya \u00e9s Oroszl\u00e1ny k\u00f6rzet\u00e9re. K\u00fcl\u00f6nlegess\u00e9ge a t\u00e1rsas\u00e1gnak, hogy f\u0151tev\u00e9kenys\u00e9gek\u00e9nt a sz\u00e1razf\u00f6ldi szem\u00e9lysz\u00e1ll\u00edt\u00e1s van neves\u00edtve a nyilv\u00e1nos c\u00e9ginform\u00e1ci\u00f3kban, s a c\u00e9g vezet\u0151 tiszts\u00e9gvisel\u0151j\u00e9nek telefonsz\u00e1ma megegyezik Tak\u00e1cs K\u00e1roly polg\u00e1rmesteri sof\u0151rj\u00e9nek mobilsz\u00e1m\u00e1val.<\/p>\n<p>Az is \u00e9rdekes, hogyan folytathat m\u00e9diaszolg\u00e1ltat\u00e1st egy olyan v\u00e1llalkoz\u00e1s, melynek c\u00e9girataiban nincsen felt\u00fcntetve a 6020 TE\u00c1OR sz\u00e1m\u00fa: &#8222;telev\u00edzi\u00f3m\u0171sor \u00f6ssze\u00e1ll\u00edt\u00e1sa, szolg\u00e1ltat\u00e1sa&#8221; tev\u00e9kenys\u00e9g? Milyen megfontol\u00e1sb\u00f3l szerepel a m\u00e9diahat\u00f3s\u00e1g enged\u00e9ly\u00e9ben a hat\u00f3s\u00e1ggal val\u00f3 kapcsolattart\u00e1sra kijel\u00f6lt szem\u00e9lyk\u00e9nt Vasv\u00e1ri Erika, az oroszl\u00e1nyi \u00f6nkorm\u00e1nyzat sajt\u00f3referense, aki egy\u00e9bk\u00e9nt nem tagja a Dzsupin \u00e9s T\u00e1rsai Bt-nek?<\/p>\n","protected":false},"excerpt":{"rendered":"<p>A Tatab\u00e1nyai J\u00e1r\u00e1sb\u00edr\u00f3s\u00e1g er\u0151szakos k\u00f6z\u00f6s\u00fcl\u00e9s b\u0171ntette, valamint tiltott pornogr\u00e1f felv\u00e9tel k\u00e9sz\u00edt\u00e9s\u00e9vel val\u00f3 folytat\u00f3lagos vissza\u00e9l\u00e9s miatt 30 napra el\u0151zetes letart\u00f3ztat\u00e1sba helyezte az oroszl\u00e1nyi K.I.-t \u2013 er\u0151s\u00edtette meg a t\u00f6rv\u00e9nysz\u00e9k sajt\u00f3titk\u00e1ra h\u00e9tf\u0151n az MTI \u00e9rtes\u00fcl\u00e9s\u00e9t. Majorosn\u00e9 K\u00f6ck Ildik\u00f3 k\u00f6z\u00f6lte, az \u00fcggyel kapcsolatban tov\u00e1bbi inform\u00e1ci\u00f3t a s\u00e9rtett kor\u00e1r\u00f3l, a tiltott pornogr\u00e1f felv\u00e9telek k\u00e9sz\u00edt\u00e9s\u00e9nek r\u00e9szleteir\u0151l nem adhat. <a href=\"https:\/\/www.mszporoszlany.hu\/?p=2024\">Egy kattint\u00e1s ide a folytat\u00e1shoz&#8230;. <span class=\"meta-nav\">&rarr;<\/span><\/a><\/p>\n","protected":false},"author":35,"featured_media":0,"comment_status":"open","ping_status":"closed","sticky":false,"template":"","format":"standard","meta":{"footnotes":""},"categories":[194],"tags":[1286,1284,1285,1276,1283,682,1280,1278,240,1287,147,1764,70,79,9,179,1275,1277,1279,43,1281,1282],"class_list":["post-2024","post","type-post","status-publish","format-standard","hentry","category-oroszlany","tag-barsonyos","tag-digi-tv","tag-dzsupin-es-tarsai-bt","tag-eroszakos-kozosules","tag-kiegyensulyozas","tag-komarom-esztergom-megyei-rendor-fokapitanysag","tag-leber-gabriella","tag-majorosne-kock-ildiko","tag-mti","tag-nemzeti-media-es-hirkozlesi-hatosag","tag-oritel","tag-oroszlany","tag-polgarmester","tag-sajtoreferens","tag-takacs-karoly","tag-tatabanya","tag-tatabanyai-jarasbirosag","tag-tiltott-pornograf-felvetel","tag-torvenyszeki-sajtotitkar","tag-vasvari-erika","tag-vertes-televizio","tag-vezeto-munkatars"],"_links":{"self":[{"href":"https:\/\/www.mszporoszlany.hu\/index.php?rest_route=\/wp\/v2\/posts\/2024","targetHints":{"allow":["GET"]}}],"collection":[{"href":"https:\/\/www.mszporoszlany.hu\/index.php?rest_route=\/wp\/v2\/posts"}],"about":[{"href":"https:\/\/www.mszporoszlany.hu\/index.php?rest_route=\/wp\/v2\/types\/post"}],"author":[{"embeddable":true,"href":"https:\/\/www.mszporoszlany.hu\/index.php?rest_route=\/wp\/v2\/users\/35"}],"replies":[{"embeddable":true,"href":"https:\/\/www.mszporoszlany.hu\/index.php?rest_route=%2Fwp%2Fv2%2Fcomments&post=2024"}],"version-history":[{"count":0,"href":"https:\/\/www.mszporoszlany.hu\/index.php?rest_route=\/wp\/v2\/posts\/2024\/revisions"}],"wp:attachment":[{"href":"https:\/\/www.mszporoszlany.hu\/index.php?rest_route=%2Fwp%2Fv2%2Fmedia&parent=2024"}],"wp:term":[{"taxonomy":"category","embeddable":true,"href":"https:\/\/www.mszporoszlany.hu\/index.php?rest_route=%2Fwp%2Fv2%2Fcategories&post=2024"},{"taxonomy":"post_tag","embeddable":true,"href":"https:\/\/www.mszporoszlany.hu\/index.php?rest_route=%2Fwp%2Fv2%2Ftags&post=2024"}],"curies":[{"name":"wp","href":"https:\/\/api.w.org\/{rel}","templated":true}]}}