{"id":2033,"date":"2013-02-14T22:26:52","date_gmt":"2013-02-14T21:26:52","guid":{"rendered":"http:\/\/www.mszporoszlany.hu\/?p=2033"},"modified":"2013-02-24T23:57:07","modified_gmt":"2013-02-24T22:57:07","slug":"tempora-mutantur","status":"publish","type":"post","link":"https:\/\/www.mszporoszlany.hu\/?p=2033","title":{"rendered":"Tempora mutantur"},"content":{"rendered":"<p><img loading=\"lazy\" decoding=\"async\" class=\"size-full wp-image-2034 alignleft\" alt=\"KosaLajos\" src=\"https:\/\/www.mszporoszlany.hu\/wp-content\/uploads\/2013\/02\/KosaLajos.png\" width=\"200\" height=\"120\" \/>Az al\u00e1bbi k\u00f6vetel\u00e9seket K\u00f3sa Lajos fideszes polg\u00e1rmester 2009. okt\u00f3ber 10-\u00e9n az Orsz\u00e1gh\u00e1z el\u0151tt tartott &#8222;\u00d6nkorm\u00e1nyzatok t\u00fcntet\u00e9se&#8221; rendezv\u00e9nyen olvasta fel, \u00e9s k\u00e9rte az \u00f6nkorm\u00e1nyzatok jelenl\u00e9v\u0151 k\u00e9pvisel\u0151it, hogy nev\u00fckben is az al\u00e1bbi 12 pontot a Parlamentben felolvashassa. Nem kellett t\u00fal sok id\u0151nek eltelnie ahhoz, hogy ezen k\u00f6vetel\u00e9sek val\u00f3ban fontosak \u00e9s megval\u00f3s\u00edtand\u00f3ak legyenek. Javasoljuk olvas\u00f3inknak, hogy minden egyes pontj\u00e1t gondolj\u00e1k j\u00f3l v\u00e9gig szeretet v\u00e1rosunk Oroszl\u00e1ny szempontj\u00e1b\u00f3l.<\/p>\n<p><!--more--><\/p>\n<p><strong>K\u00f3sa Lajos \u00e1ltal felolvasott 12 pont az \u00f6nkorm\u00e1nyzatok jogair\u00f3l<\/strong><\/p>\n<ol>\n<li><strong><\/strong>Minden \u00f6nkorm\u00e1nyzat alapvet\u0151 c\u00e9lja polg\u00e1rai j\u00f3l\u00e9t\u00e9nek, boldogul\u00e1s\u00e1nak, gyarapod\u00e1s\u00e1nak, biztons\u00e1g\u00e1nak megteremt\u00e9se.<\/li>\n<li>Minden \u00f6nkorm\u00e1nyzatnak joga van az \u00e9lethez, sors\u00e1r\u00f3l csak lak\u00f3i d\u00f6nthetnek.<br \/>\nA k\u00f6zponti \u00e1llam semelyik falur\u00f3l, v\u00e1rosr\u00f3l nem mondhatja meg, hogy sorvad\u00e1sra vagy hal\u00e1lra van \u00edt\u00e9lve.<\/li>\n<li>A magyarok legfontosabb v\u00e1rosa Budapest, itt \u00e9l a legt\u00f6bb magyar ember.<br \/>\nA f\u0151v\u00e1ros j\u00e1rul hozz\u00e1 a telep\u00fcl\u00e9sek k\u00f6z\u00fcl a legnagyobb m\u00e9rt\u00e9kben Magyarorsz\u00e1g teljes\u00edtm\u00e9ny\u00e9hez.<\/li>\n<li>Minden falu, v\u00e1ros \u00e9s megye a mi k\u00f6z\u00f6s \u00f6r\u00f6ks\u00e9g\u00fcnk, \u00e9rt\u00e9k\u00fcnk.<br \/>\nMindegyik fontos, pusztul\u00e1sukkal, fogy\u00e1sukkal mindny\u00e1jan kevesebben lesz\u00fcnk.<\/li>\n<li>A legfontosabb v\u00e1rosnak, Budapestnek k\u00f6teless\u00e9ge ki\u00e1llni a legkisebb falu\u00e9rt is.<br \/>\nCsak ilyen \u00f6sszefog\u00e1s emelheti fel \u00fajra a magyarokat \u00e9s Magyarorsz\u00e1got.<\/li>\n<li>Minden telep\u00fcl\u00e9snek joga van az iskol\u00e1hoz.<\/li>\n<li>Minden telep\u00fcl\u00e9snek joga van a kult\u00far\u00e1hoz \u00e9s templom\u00e1hoz.<\/li>\n<li>Minden telep\u00fcl\u00e9snek joga van legal\u00e1bb egy rend\u0151rh\u00f6z, ha az \u00e1llam nem biztos\u00edtja ezt, joga van megszervez\u00e9s\u00e9hez teljes \u00e1llami felhatalmaz\u00e1s mellett.<\/li>\n<li>A korm\u00e1ny csak \u00fagy adhat k\u00f6telez\u0151 feladatot az \u00f6nkorm\u00e1nyzatoknak, ha teljes\u00edt\u00e9s felt\u00e9teleit is biztos\u00edtja, jogban \u00e9s p\u00e9nzben egyar\u00e1nt.<\/li>\n<li>Minden \u00f6nkorm\u00e1nyzatnak joga van a vagyon\u00e1hoz.<br \/>\nArra a Korm\u00e1ny nem teheti r\u00e1 a kez\u00e9t, el nem vonhatja.<\/li>\n<li>Minden \u00f6nkorm\u00e1nyzatnak joga van a j\u00f6vedelem\u00e9hez.<br \/>\nAzt a k\u00f6zponti \u00e1llam el nem veheti, fel nem haszn\u00e1lhatja.<\/li>\n<li>Minden \u00f6nkorm\u00e1nyzatnak joga van az ellen\u00e1ll\u00e1sra a t\u00f6rv\u00e9nyes keretek k\u00f6z\u00f6tt, ha a k\u00f6zponti \u00e1llam a l\u00e9t\u00e9t, a t\u00f6rv\u00e9nyess\u00e9get vagy az alkotm\u00e1nyoss\u00e1got fenyegeti.<\/li>\n<\/ol>\n<p>Ma egyetlen jelmondatunk lehet &#8222;Egy mindenki\u00e9rt, mindenki egy\u00e9rt&#8221; \u00edgy fogjuk Magyarorsz\u00e1got \u00fajj\u00e1\u00e9p\u00edteni.<\/p>\n<p>Forr\u00e1s: <a title=\"Vide\u00f3 megnyit\u00e1sa\" href=\"http:\/\/www.youtube.com\/watch?v=iPJU6kIt-xA#t=4m34s\" target=\"_blank\">Youtube<\/a><\/p>\n","protected":false},"excerpt":{"rendered":"<p>Az al\u00e1bbi k\u00f6vetel\u00e9seket K\u00f3sa Lajos fideszes polg\u00e1rmester 2009. okt\u00f3ber 10-\u00e9n az Orsz\u00e1gh\u00e1z el\u0151tt tartott &#8222;\u00d6nkorm\u00e1nyzatok t\u00fcntet\u00e9se&#8221; rendezv\u00e9nyen olvasta fel, \u00e9s k\u00e9rte az \u00f6nkorm\u00e1nyzatok jelenl\u00e9v\u0151 k\u00e9pvisel\u0151it, hogy nev\u00fckben is az al\u00e1bbi 12 pontot a Parlamentben felolvashassa. Nem kellett t\u00fal sok id\u0151nek eltelnie ahhoz, hogy ezen k\u00f6vetel\u00e9sek val\u00f3ban fontosak \u00e9s megval\u00f3s\u00edtand\u00f3ak legyenek. Javasoljuk olvas\u00f3inknak, hogy minden egyes pontj\u00e1t gondolj\u00e1k j\u00f3l v\u00e9gig szeretet v\u00e1rosunk Oroszl\u00e1ny szempontj\u00e1b\u00f3l. <a href=\"https:\/\/www.mszporoszlany.hu\/?p=2033\">Egy kattint\u00e1s ide a folytat\u00e1shoz&#8230;. <span class=\"meta-nav\">&rarr;<\/span><\/a><\/p>\n","protected":false},"author":35,"featured_media":0,"comment_status":"open","ping_status":"closed","sticky":false,"template":"","format":"standard","meta":{"footnotes":""},"categories":[1082,196,194],"tags":[1288,706,282],"class_list":["post-2033","post","type-post","status-publish","format-standard","hentry","category-egykor-es-ma","category-magyarorszag","category-oroszlany","tag-jogok","tag-kosa-lajos","tag-onkormanyzat"],"_links":{"self":[{"href":"https:\/\/www.mszporoszlany.hu\/index.php?rest_route=\/wp\/v2\/posts\/2033","targetHints":{"allow":["GET"]}}],"collection":[{"href":"https:\/\/www.mszporoszlany.hu\/index.php?rest_route=\/wp\/v2\/posts"}],"about":[{"href":"https:\/\/www.mszporoszlany.hu\/index.php?rest_route=\/wp\/v2\/types\/post"}],"author":[{"embeddable":true,"href":"https:\/\/www.mszporoszlany.hu\/index.php?rest_route=\/wp\/v2\/users\/35"}],"replies":[{"embeddable":true,"href":"https:\/\/www.mszporoszlany.hu\/index.php?rest_route=%2Fwp%2Fv2%2Fcomments&post=2033"}],"version-history":[{"count":0,"href":"https:\/\/www.mszporoszlany.hu\/index.php?rest_route=\/wp\/v2\/posts\/2033\/revisions"}],"wp:attachment":[{"href":"https:\/\/www.mszporoszlany.hu\/index.php?rest_route=%2Fwp%2Fv2%2Fmedia&parent=2033"}],"wp:term":[{"taxonomy":"category","embeddable":true,"href":"https:\/\/www.mszporoszlany.hu\/index.php?rest_route=%2Fwp%2Fv2%2Fcategories&post=2033"},{"taxonomy":"post_tag","embeddable":true,"href":"https:\/\/www.mszporoszlany.hu\/index.php?rest_route=%2Fwp%2Fv2%2Ftags&post=2033"}],"curies":[{"name":"wp","href":"https:\/\/api.w.org\/{rel}","templated":true}]}}