{"id":2049,"date":"2013-02-18T22:21:09","date_gmt":"2013-02-18T21:21:09","guid":{"rendered":"http:\/\/www.mszporoszlany.hu\/?p=2049"},"modified":"2013-02-24T23:56:27","modified_gmt":"2013-02-24T22:56:27","slug":"emelkedo-munkanelkuliseg","status":"publish","type":"post","link":"https:\/\/www.mszporoszlany.hu\/?p=2049","title":{"rendered":"Emelked\u0151 munkan\u00e9lk\u00fclis\u00e9g"},"content":{"rendered":"<p><img loading=\"lazy\" decoding=\"async\" class=\"alignleft size-full wp-image-2050\" alt=\"PakozdiSzabolcs\" src=\"https:\/\/www.mszporoszlany.hu\/wp-content\/uploads\/2013\/02\/PakozdiSzabolcs.png\" width=\"200\" height=\"120\" \/>December v\u00e9g\u00e9re a gazdas\u00e1gilag akt\u00edv n\u00e9pess\u00e9gen bel\u00fcl 9,6 sz\u00e1zal\u00e9kosra n\u0151tt a nyilv\u00e1ntartott \u00e1ll\u00e1skeres\u0151k ar\u00e1nya Kom\u00e1rom-Esztergom megy\u00e9ben &#8211; k\u00f6z\u00f6lte a megyei munka\u00fcgyi k\u00f6zpont igazgat\u00f3ja az MTI-vel.<br \/>\nP\u00e1kozdi Szabolcs t\u00e1j\u00e9koztat\u00e1sa szerint a mutat\u00f3 egy h\u00f3nap alatt 0,9 sz\u00e1zal\u00e9kponttal emelkedett. A n\u00f6veked\u00e9s alapvet\u0151en a munkaviszonyt vesztettk\u00e9nt nyilv\u00e1ntartottak \u00e1llom\u00e1ny\u00e1nak b\u0151v\u00fcl\u00e9s\u00e9b\u0151l eredt, azonban egy \u00e9ves id\u0151t\u00e1von bel\u00fcl jelent\u0151sen, mintegy 60 sz\u00e1zal\u00e9kkal n\u0151tt a p\u00e1lyakezd\u0151k sz\u00e1ma.<\/p>\n<p><!--more--><\/p>\n<p>A decemberi be\u00e1raml\u00e1s feler\u0151s\u00f6d\u00e9s\u00e9hez legink\u00e1bb a befejez\u0151d\u00f6tt k\u00f6zfoglalkoztat\u00e1si programokban r\u00e9sztvev\u0151k nyilv\u00e1ntart\u00e1sba val\u00f3 visszat\u00e9r\u00e9se j\u00e1rult hozz\u00e1. A programokb\u00f3l november v\u00e9g\u00e9n t\u00f6bb mint 600 f\u0151 l\u00e9pett ki, akiknek nagy r\u00e9sze r\u00f6vid id\u0151n bel\u00fcl \u00fajra \u00e1ll\u00e1skeres\u0151v\u00e9 v\u00e1lt.<\/p>\n<p>Az \u00e9v utols\u00f3 napj\u00e1ra 669 bet\u00f6lthet\u0151 \u00e1ll\u00e1s maradt a munka\u00fcgyi k\u00f6zpontok k\u00edn\u00e1lat\u00e1ban, az \u00e1ll\u00e1skeres\u0151k sz\u00e1ma 14.225 f\u0151 volt. A munka\u00fcgyi k\u00f6zpont decemberben 322 embernek tudott \u00e1ll\u00e1st k\u00f6zvet\u00edteni, k\u00f6z\u00fcl\u00fck 246 f\u0151 t\u00e1mogatott foglalkoztat\u00e1sba ker\u00fclt, a t\u00f6bbieket norm\u00e1l munkahelyekre vett\u00e9k fel.<\/p>\n","protected":false},"excerpt":{"rendered":"<p>December v\u00e9g\u00e9re a gazdas\u00e1gilag akt\u00edv n\u00e9pess\u00e9gen bel\u00fcl 9,6 sz\u00e1zal\u00e9kosra n\u0151tt a nyilv\u00e1ntartott \u00e1ll\u00e1skeres\u0151k ar\u00e1nya Kom\u00e1rom-Esztergom megy\u00e9ben &#8211; k\u00f6z\u00f6lte a megyei munka\u00fcgyi k\u00f6zpont igazgat\u00f3ja az MTI-vel. P\u00e1kozdi Szabolcs t\u00e1j\u00e9koztat\u00e1sa szerint a mutat\u00f3 egy h\u00f3nap alatt 0,9 sz\u00e1zal\u00e9kponttal emelkedett. A n\u00f6veked\u00e9s alapvet\u0151en a munkaviszonyt vesztettk\u00e9nt nyilv\u00e1ntartottak \u00e1llom\u00e1ny\u00e1nak b\u0151v\u00fcl\u00e9s\u00e9b\u0151l eredt, azonban egy \u00e9ves id\u0151t\u00e1von bel\u00fcl jelent\u0151sen, mintegy 60 sz\u00e1zal\u00e9kkal n\u0151tt a p\u00e1lyakezd\u0151k sz\u00e1ma. <a href=\"https:\/\/www.mszporoszlany.hu\/?p=2049\">Egy kattint\u00e1s ide a folytat\u00e1shoz&#8230;. <span class=\"meta-nav\">&rarr;<\/span><\/a><\/p>\n","protected":false},"author":35,"featured_media":0,"comment_status":"open","ping_status":"closed","sticky":false,"template":"","format":"standard","meta":{"footnotes":""},"categories":[195],"tags":[684,1765,1292,240,690,1291,1289,1290],"class_list":["post-2049","post","type-post","status-publish","format-standard","hentry","category-komarom-esztergom-megye","tag-allaskereso","tag-komarom-esztergom-megye","tag-kozfoglalkoztatas","tag-mti","tag-munkaugyi-kozpont","tag-munkaviszonyt-vesztettek","tag-pakozdi-szabolcs","tag-palyakezdok"],"_links":{"self":[{"href":"https:\/\/www.mszporoszlany.hu\/index.php?rest_route=\/wp\/v2\/posts\/2049","targetHints":{"allow":["GET"]}}],"collection":[{"href":"https:\/\/www.mszporoszlany.hu\/index.php?rest_route=\/wp\/v2\/posts"}],"about":[{"href":"https:\/\/www.mszporoszlany.hu\/index.php?rest_route=\/wp\/v2\/types\/post"}],"author":[{"embeddable":true,"href":"https:\/\/www.mszporoszlany.hu\/index.php?rest_route=\/wp\/v2\/users\/35"}],"replies":[{"embeddable":true,"href":"https:\/\/www.mszporoszlany.hu\/index.php?rest_route=%2Fwp%2Fv2%2Fcomments&post=2049"}],"version-history":[{"count":0,"href":"https:\/\/www.mszporoszlany.hu\/index.php?rest_route=\/wp\/v2\/posts\/2049\/revisions"}],"wp:attachment":[{"href":"https:\/\/www.mszporoszlany.hu\/index.php?rest_route=%2Fwp%2Fv2%2Fmedia&parent=2049"}],"wp:term":[{"taxonomy":"category","embeddable":true,"href":"https:\/\/www.mszporoszlany.hu\/index.php?rest_route=%2Fwp%2Fv2%2Fcategories&post=2049"},{"taxonomy":"post_tag","embeddable":true,"href":"https:\/\/www.mszporoszlany.hu\/index.php?rest_route=%2Fwp%2Fv2%2Ftags&post=2049"}],"curies":[{"name":"wp","href":"https:\/\/api.w.org\/{rel}","templated":true}]}}