{"id":2053,"date":"2013-02-18T22:51:19","date_gmt":"2013-02-18T21:51:19","guid":{"rendered":"http:\/\/www.mszporoszlany.hu\/?p=2053"},"modified":"2013-02-24T23:56:08","modified_gmt":"2013-02-24T22:56:08","slug":"oroszlanyi-oktatas-es-neveles-szamokban","status":"publish","type":"post","link":"https:\/\/www.mszporoszlany.hu\/?p=2053","title":{"rendered":"Oroszl\u00e1nyi oktat\u00e1s \u00e9s nevel\u00e9s sz\u00e1mokban"},"content":{"rendered":"<p><img loading=\"lazy\" decoding=\"async\" class=\"alignleft size-full wp-image-2054\" alt=\"Oktatas\" src=\"https:\/\/www.mszporoszlany.hu\/wp-content\/uploads\/2013\/02\/Oktatas.png\" width=\"200\" height=\"120\" \/>M\u00edg a kilencvenes \u00e9vek k\u00f6zep\u00e9n mintegy 3000 \u00e1ltal\u00e1nos iskol\u00e1s volt Oroszl\u00e1nyban, addig 2006. szeptember 1-\u00e9n 1642 \u00e1ltal\u00e1nos iskol\u00e1s kezdte meg tanulm\u00e1nyait. 2009-re a l\u00e9tsz\u00e1m 1369 \u00e1ltal\u00e1nos iskolai tanul\u00f3ra cs\u00f6kkent, az\u00f3ta e sz\u00e1m k\u00f6r\u00fcl alakul az \u00e1ltal\u00e1nos iskol\u00e1s l\u00e9tsz\u00e1m. A kilencvenes \u00e9vekben a v\u00e1rosban 5 \u00e1ltal\u00e1nos \u00e9s k\u00e9t k\u00f6z\u00e9piskola m\u0171k\u00f6d\u00f6tt, jelenleg 3 int\u00e9zm\u00e9nyben tanulnak a gyerekek. A k\u00e9t k\u00f6z\u00e9piskola \u00f6sszevon\u00e1sra ker\u00fclt, de profiljuk megmaradt. Az egyik a szakk\u00e9pz\u00e9sre \u00f6sszpontos\u00edt, m\u00edg a m\u00e1sik gimn\u00e1ziumk\u00e9nt m\u0171k\u00f6dik. A v\u00e1ros t\u00e1mogat\u00e1s\u00e1val a telep\u00fcl\u00e9sen m\u0171v\u00e9szeti iskola (nem k\u00f6telez\u0151 szolg\u00e1ltat\u00e1s) \u00e9s pedag\u00f3giai szakszolg\u00e1lat m\u0171k\u00f6dik, \u00e9s az egyik iskola keret\u00e9ben a koll\u00e9giumi ell\u00e1t\u00e1s is biztos\u00edtott.<\/p>\n<p><!--more--><\/p>\n<p><strong>Az MSZP-s v\u00e1rosvezet\u00e9s k\u00e9t ciklus\u00e1nak oktat\u00e1s-nevel\u00e9s beruh\u00e1z\u00e1sai<\/strong><\/p>\n<p><strong>2004.07.13<\/strong>: N\u00e9gymilli\u00f3s fel\u00faj\u00edt\u00e1s az oroszl\u00e1nyi J\u00f3zsef Attila iskol\u00e1ban.<\/p>\n<p><strong>2004.09.14<\/strong>: K\u00f6zel h\u00e9tmilli\u00f3s beruh\u00e1z\u00e1ssal elk\u00e9sz\u00fclt a Bakfark B\u00e1lint m\u0171v\u00e9szeti iskola elhelyez\u00e9s\u00e9t biztos\u00edt\u00f3 \u00e9p\u00fcletr\u00e9sz a m\u0171szaki k\u00f6z\u00e9piskol\u00e1ban.<\/p>\n<p><strong>2004.12.20<\/strong>: A ny\u00e1ron az oroszl\u00e1nyi \u00f6nkorm\u00e1nyzat elv\u00e9geztette a telep\u00fcl\u00e9s iskol\u00e1inak halaszthatatlan fel\u00faj\u00edt\u00e1sait, de az int\u00e9zm\u00e9nyek eszk\u00f6zt\u00e1r\u00e1nak \u00e9s felszerel\u00e9s\u00e9nek fejleszt\u00e9se a sikeres p\u00e1ly\u00e1zatoknak k\u00f6sz\u00f6nhet\u0151. Az alapfok\u00fa iskol\u00e1k egymilli\u00f3 k\u00e9tsz\u00e1zhatvanezer forintos t\u00e1mogat\u00e1sban r\u00e9szes\u00fcltek, a k\u00e9t k\u00f6z\u00e9piskola pedig t\u00f6bb mint 30 milli\u00f3 forintot k\u00f6lthetett hasonl\u00f3 c\u00e9lra.<\/p>\n<p><strong>2005.01.07<\/strong>: \u00c1tadt\u00e1k a nyelvi labort a Lengyel J\u00f3zsef gimn\u00e1ziumban, ahol tizenhatmilli\u00f3 forintot ford\u00edtottak sz\u00e1m\u00edt\u00e1stechnikai eszk\u00f6z\u00f6k \u00e9s berendez\u00e9sek v\u00e1s\u00e1rl\u00e1s\u00e1ra, illetve a helyis\u00e9gek \u00e1talak\u00edt\u00e1s\u00e1ra. Az \u00f6sszegb\u0151l 12 milli\u00f3 forintot p\u00e1ly\u00e1zaton nyertek, m\u00edg a fennmarad\u00f3 \u00f6nr\u00e9szt a szakk\u00e9pz\u00e9si alapb\u00f3l finansz\u00edrozt\u00e1k.<\/p>\n<p><strong>2005.05.27<\/strong>: Birtokba vett\u00e9k S\u00e1gv\u00e1ri iskola di\u00e1kjai \u00e9s a k\u00f6rny\u00e9k gyerekei azt a j\u00e1tsz\u00f3teret, amely k\u00f6zel k\u00e9tmilli\u00f3s beruh\u00e1z\u00e1s eredm\u00e9nyek\u00e9ppen val\u00f3sult meg az int\u00e9zm\u00e9ny udvar\u00e1n.<\/p>\n<p><strong>2005.05.30<\/strong>: K\u00f6zel 19 milli\u00f3 Ft-os t\u00e1mogat\u00e1si \u00f6sszeg feloszt\u00e1s\u00e1r\u00f3l hat\u00e1rozott a Kom\u00e1rom-Esztergom Megye K\u00f6zoktat\u00e1s\u00e1\u00e9rt K\u00f6zalap\u00edtv\u00e1ny. 25 %-os \u00f6nr\u00e9szt kell biztos\u00edtania az oroszl\u00e1nyi Lengyel J\u00f3zsef Gimn\u00e1zium \u00e9s Szakk\u00f6z\u00e9piskol\u00e1nak, mely a hat\u00e9konyabb idegennyelv-tanul\u00e1st szolg\u00e1l\u00f3 eszk\u00f6z\u00f6k (idegen nyelv\u0171 k\u00f6nyvek, sz\u00f3t\u00e1rak, szoftverek\u2026) beszerz\u00e9s\u00e9hez, tov\u00e1bb\u00e1 a k\u00f6z\u00e9piskolai di\u00e1kok anyanyelv\u0171 k\u00f6rnyezetben val\u00f3 nyelvgyakorl\u00e1s\u00e1hoz 71 ezer Ft. \u00f6sszeg\u0171 t\u00e1mogat\u00e1st nyert el. 50 %-os \u00f6nr\u00e9szt kell biztos\u00edtania az oroszl\u00e1nyi Bakfark B\u00e1lint M\u0171v\u00e9szeti Iskol\u00e1nak az elnyert 900 ezer Ft-os t\u00e1mogat\u00e1shoz, mellyel az alap\u00edtv\u00e1ny a hang- kotta- \u00e9s k\u00f6nyvt\u00e1rfejleszt\u00e9s\u00fckh\u00f6z, illetve m\u00e1s saj\u00e1tos eszk\u00f6zt\u00e1ruk (fell\u00e9p\u0151 ruha, megmunk\u00e1land\u00f3 anyag) b\u0151v\u00edt\u00e9s\u00e9hez, beszerz\u00e9s\u00e9hez j\u00e1rult hozz\u00e1.<\/p>\n<p><strong>2005.10.20<\/strong>: \u00dcnnep\u00e9lyes keretek k\u00f6z\u00f6tt ker\u00fclt felavat\u00e1sra a Lengyel J\u00f3zsef gimn\u00e1ziumban az a h\u00e1rom darab interakt\u00edv t\u00e1bla \u00e9s digit\u00e1lis m\u00e9dialabor, melynek \u00e9rt\u00e9ke t\u00edzmilli\u00f3 forint.<\/p>\n<p><strong>2006.11.22<\/strong>: \u00dcnnep\u00e9lyes keretek k\u00f6z\u00f6tt adt\u00e1k \u00e1t az oroszl\u00e1nyi Brunszvik Ter\u00e9z \u00f3vod\u00e1t, ahol a befejez\u0151d\u00f6tt beruh\u00e1z\u00e1s sor\u00e1n kicser\u00e9lt\u00e9k az \u00f6sszes ny\u00edl\u00e1sz\u00e1r\u00f3t, \u00f6sszesen sz\u00e1zharmincat, valamint kifestettek minden helys\u00e9get. A beruh\u00e1z\u00e1s k\u00f6zel h\u00faszmilli\u00f3 forintba ker\u00fclt.<\/p>\n<p><strong>2006.12.08<\/strong>: K\u00e9t \u00e9s f\u00e9lmilli\u00f3 forintb\u00f3l tornatermet \u00e9p\u00edtettek a Borb\u00e1la telepi \u00f3vod\u00e1ban.<\/p>\n<p><strong>2007.09.15<\/strong>: Befejez\u0151d\u00f6tt k\u00f6zel 220 milli\u00f3 forint\u00e9rt az Oktat\u00e1si int\u00e9zm\u00e9nyek energia-megtakar\u00edt\u00e1st eredm\u00e9nyez\u0151 fel\u00faj\u00edt\u00e1sa. A fel\u00faj\u00edt\u00e1s keret\u00e9ben t\u00f6bbf\u00e9le feladat elv\u00e9gz\u00e9se k\u00f6z\u00f6tt sor ker\u00fclt a J\u00f3zsef Attila \u00c1ltal\u00e1nos Iskola, a S\u00e1gv\u00e1ri Endre \u00c1ltal\u00e1nos Iskola \u00e9s az E\u00f6tv\u00f6s L\u00f3r\u00e1nd Szakk\u00f6z\u00e9p- \u00e9s Szakiskola ny\u00edl\u00e1sz\u00e1r\u00f3inak cser\u00e9j\u00e9re valamint az \u00f6sszes vil\u00e1g\u00edt\u00f3test cser\u00e9j\u00e9re \u00e9s az ezekkel \u00f6sszef\u00fcgg\u0151 fest\u00e9si munk\u00e1kra.<\/p>\n<p>A J\u00f3zsef Attila \u00c1ltal\u00e1nos Iskol\u00e1ban megt\u00f6rt\u00e9nt az \u00faj tantermi sz\u00e1rny ell\u00e1t\u00e1sa 8 cm-es h\u0151szigetel\u00e9ssel, h\u00e1rom tanterem kialak\u00edt\u00e1sa, b\u0151v\u00edtm\u00e9nyi torna \u00f6lt\u00f6z\u0151 \u00e9s vizesblokkja teljes \u00e1t\u00e9p\u00edt\u00e9se, ny\u00edl\u00e1sz\u00e1r\u00f3inak cser\u00e9je, vil\u00e1g\u00edt\u00f3testek cser\u00e9je, \u00e9s a fentiekkel \u00f6sszef\u00fcgg\u0151 fest\u00e9si munk\u00e1k. A S\u00e1gv\u00e1ri Endre \u00c1ltal\u00e1nos Iskol\u00e1ban sor ker\u00fclt a ny\u00edl\u00e1sz\u00e1r\u00f3inak cser\u00e9j\u00e9re, a vil\u00e1g\u00edt\u00f3testek cser\u00e9j\u00e9re \u00e9s a fentiekkel \u00f6sszef\u00fcgg\u0151 fest\u00e9si munk\u00e1k.<\/p>\n<p>Az E\u00f6tv\u00f6s L\u00f3r\u00e1nd Szakk\u00f6z\u00e9p- \u00e9s Szakiskol\u00e1ban a kupola teljes dr\u00f3t\u00fcvegez\u00e9se h\u0151szigetelt 16 mm-es polikarbon\u00e1t lemezel\u00e9st kapott, ki\u00e9p\u00fclt az \u00e9p\u00fclet teljes h\u00edrh\u00e1l\u00f3zata, tantermi hangos\u00edt\u00f3kkal, a f\u0151\u00e9p\u00fclet feletti 450 m-es tet\u0151 teljes fel\u00faj\u00edt\u00e1sa t\u00f6rt\u00e9nt meg, vill\u00e1mh\u00e1r\u00edt\u00f3t kapott a f\u0151\u00e9p\u00fclet, kicser\u00e9lt\u00fck a ny\u00edl\u00e1sz\u00e1r\u00f3it, \u00e9s a vil\u00e1g\u00edt\u00f3testeket, elv\u00e9gezt\u00fck a fentiekkel \u00f6sszef\u00fcgg\u0151 fest\u00e9si munk\u00e1kat. A tan\u00edt\u00e1s valamennyi int\u00e9zm\u00e9nyben zavartalanul megkezd\u0151d\u00f6tt. A v\u00e1rosi M\u00f3ra Ferenc Koll\u00e9gium hat vizesblokkja \u00e9s udvari homlokzat\u00e1nak egy r\u00e9sze teljes fel\u00faj\u00edt\u00e1st kapott. \u00dajdons\u00e1g, hogy a vizesblokkok p\u00e1ra kezel\u0151 berendez\u00e9ssel lettek ell\u00e1tva, amely biztos\u00edtja a zuhanyz\u00f3k p\u00e1ramentess\u00e9g\u00e9t.<\/p>\n<p><strong>2007.10.03<\/strong>: K\u00f6zel 100 milli\u00f3 forintba ker\u00fclt a b\u00f6lcs\u0151dei szolg\u00e1lat egyik \u00e9p\u00fclet\u00e9nek teljes rekonstrukci\u00f3ja. A tavaly okt\u00f3ber v\u00e9g\u00e9n kezd\u0151d\u00f6tt munk\u00e1k sor\u00e1n a k\u00f6z\u00f6ss\u00e9gi helys\u00e9gek mellett a konyha, mosoda is meg\u00fajult, \u00e9s \u00faj felszerel\u00e9sekkel is gazdagodott az int\u00e9zm\u00e9ny.<\/p>\n<p><strong>2009.10.02<\/strong>: 5,3 milli\u00f3s beruh\u00e1z\u00e1ssal k\u00e9sz\u00fclt el a harmadik sz\u00e1m\u00edt\u00f3g\u00e9p-terem az oroszl\u00e1nyi Lengyel J\u00f3zsef Gimn\u00e1zium \u00e9s Szakk\u00f6z\u00e9piskol\u00e1ban, \u00edgy m\u00e1r \u00f6sszesen nyolcvan PC seg\u00edti a di\u00e1kok k\u00e9pz\u00e9s\u00e9t.<\/p>\n<p><strong>2010.05.10<\/strong>: \u00c1tadt\u00e1k a T\u00e1ncsics \u00fati \u00f3vod\u00e1t, melyet az \u00f6nkorm\u00e1nyzat saj\u00e1t er\u0151b\u0151l \u00faj\u00edtott fel 30 milli\u00f3 forint \u00e9rt\u00e9kben.<\/p>\n<p><strong>2010.08.31<\/strong>: A v\u00e1ros k\u00f6zel sz\u00e1z pedag\u00f3gusa vett r\u00e9szt tavaly november \u00f3ta azokon a kurzusokon, melyeken a kompetencia alap\u00fa oktat\u00e1s titkaival ismerkedtek a r\u00e9sztvev\u0151k. Ennek fedezet\u00e9t egy 90 milli\u00f3 forint \u00f6ssz\u00e9rt\u00e9k\u0171 T\u00c1MOP (T\u00e1rsadalmi Meg\u00fajul\u00e1s Operat\u00edv Program) p\u00e1ly\u00e1zat biztos\u00edtotta. Ebb\u0151l az \u00f6sszegb\u0151l val\u00f3sult meg az \u00e1ltal\u00e1nos \u00e9s a szakter\u00fcletenk\u00e9nti tov\u00e1bbk\u00e9pz\u00e9si rendszer, illetve az info-kommunik\u00e1ci\u00f3s eszk\u00f6z\u00f6k beszerz\u00e9se. A r\u00e9sztvev\u0151k a munk\u00e1jukat megk\u00f6nny\u00edt\u0151 notebook-okat kaptak, valamint mindh\u00e1rom int\u00e9zm\u00e9ny l\u00e9zerm\u00e1sol\u00f3val gazdagodott, s a k\u00f6zelj\u00f6v\u0151ben v\u00e1rhat\u00f3k a digit\u00e1lis t\u00e1bl\u00e1k, gyerek sz\u00e1m\u00edt\u00f3g\u00e9pek \u00e9s projektorok.<\/p>\n<p><strong>2010.09.24<\/strong>: Az Oroszl\u00e1ny v\u00e1ros \u00e1ltal\u00e1nos iskol\u00e1inak komplex fejleszt\u00e9se c\u00edm\u0171 projekt sor\u00e1n az ut\u00f3bbi f\u00e9l \u00e9vtized legjelent\u0151sebb, 850 milli\u00f3 forintot meghalad\u00f3 \u00f6nkorm\u00e1nyzati beruh\u00e1z\u00e1sa zajlott a telep\u00fcl\u00e9sen. Az \u00f6sszegb\u0151l kb. f\u00e9lmilli\u00e1rd volt a p\u00e1ly\u00e1zati forr\u00e1s, a fennmarad\u00f3 \u00f6sszeget az \u00f6nkorm\u00e1nyzat saj\u00e1t k\u00f6lts\u00e9gvet\u00e9s\u00e9b\u0151l fedezte.<\/p>\n","protected":false},"excerpt":{"rendered":"<p>M\u00edg a kilencvenes \u00e9vek k\u00f6zep\u00e9n mintegy 3000 \u00e1ltal\u00e1nos iskol\u00e1s volt Oroszl\u00e1nyban, addig 2006. szeptember 1-\u00e9n 1642 \u00e1ltal\u00e1nos iskol\u00e1s kezdte meg tanulm\u00e1nyait. 2009-re a l\u00e9tsz\u00e1m 1369 \u00e1ltal\u00e1nos iskolai tanul\u00f3ra cs\u00f6kkent, az\u00f3ta e sz\u00e1m k\u00f6r\u00fcl alakul az \u00e1ltal\u00e1nos iskol\u00e1s l\u00e9tsz\u00e1m. A kilencvenes \u00e9vekben a v\u00e1rosban 5 \u00e1ltal\u00e1nos \u00e9s k\u00e9t k\u00f6z\u00e9piskola m\u0171k\u00f6d\u00f6tt, jelenleg 3 int\u00e9zm\u00e9nyben tanulnak a gyerekek. A k\u00e9t k\u00f6z\u00e9piskola \u00f6sszevon\u00e1sra ker\u00fclt, de profiljuk megmaradt. Az egyik a szakk\u00e9pz\u00e9sre \u00f6sszpontos\u00edt, m\u00edg a m\u00e1sik gimn\u00e1ziumk\u00e9nt m\u0171k\u00f6dik. A v\u00e1ros t\u00e1mogat\u00e1s\u00e1val a telep\u00fcl\u00e9sen m\u0171v\u00e9szeti iskola (nem k\u00f6telez\u0151 szolg\u00e1ltat\u00e1s) \u00e9s pedag\u00f3giai szakszolg\u00e1lat m\u0171k\u00f6dik, \u00e9s az egyik iskola keret\u00e9ben a koll\u00e9giumi ell\u00e1t\u00e1s is biztos\u00edtott. <a href=\"https:\/\/www.mszporoszlany.hu\/?p=2053\">Egy kattint\u00e1s ide a folytat\u00e1shoz&#8230;. <span class=\"meta-nav\">&rarr;<\/span><\/a><\/p>\n","protected":false},"author":35,"featured_media":0,"comment_status":"open","ping_status":"closed","sticky":false,"template":"","format":"standard","meta":{"footnotes":""},"categories":[194],"tags":[1294,1297,1298,1293,1295,1299,1296],"class_list":["post-2053","post","type-post","status-publish","format-standard","hentry","category-oroszlany","tag-bakfark-balint","tag-brunszvik-terez","tag-eotvos-lorand","tag-jozsef-attila","tag-lengyel-jozsef","tag-mora-ferenc","tag-sagvari-endre"],"_links":{"self":[{"href":"https:\/\/www.mszporoszlany.hu\/index.php?rest_route=\/wp\/v2\/posts\/2053","targetHints":{"allow":["GET"]}}],"collection":[{"href":"https:\/\/www.mszporoszlany.hu\/index.php?rest_route=\/wp\/v2\/posts"}],"about":[{"href":"https:\/\/www.mszporoszlany.hu\/index.php?rest_route=\/wp\/v2\/types\/post"}],"author":[{"embeddable":true,"href":"https:\/\/www.mszporoszlany.hu\/index.php?rest_route=\/wp\/v2\/users\/35"}],"replies":[{"embeddable":true,"href":"https:\/\/www.mszporoszlany.hu\/index.php?rest_route=%2Fwp%2Fv2%2Fcomments&post=2053"}],"version-history":[{"count":0,"href":"https:\/\/www.mszporoszlany.hu\/index.php?rest_route=\/wp\/v2\/posts\/2053\/revisions"}],"wp:attachment":[{"href":"https:\/\/www.mszporoszlany.hu\/index.php?rest_route=%2Fwp%2Fv2%2Fmedia&parent=2053"}],"wp:term":[{"taxonomy":"category","embeddable":true,"href":"https:\/\/www.mszporoszlany.hu\/index.php?rest_route=%2Fwp%2Fv2%2Fcategories&post=2053"},{"taxonomy":"post_tag","embeddable":true,"href":"https:\/\/www.mszporoszlany.hu\/index.php?rest_route=%2Fwp%2Fv2%2Ftags&post=2053"}],"curies":[{"name":"wp","href":"https:\/\/api.w.org\/{rel}","templated":true}]}}