{"id":2065,"date":"2013-02-25T11:06:15","date_gmt":"2013-02-25T10:06:15","guid":{"rendered":"http:\/\/www.mszporoszlany.hu\/?p=2065"},"modified":"2013-02-25T11:06:58","modified_gmt":"2013-02-25T10:06:58","slug":"cikkajanlo-2013-02","status":"publish","type":"post","link":"https:\/\/www.mszporoszlany.hu\/?p=2065","title":{"rendered":"Cikkaj\u00e1nl\u00f3 2013.02"},"content":{"rendered":"<p><img loading=\"lazy\" decoding=\"async\" class=\"alignleft size-full wp-image-1441\" alt=\"Cikkajanlo3\" src=\"https:\/\/www.mszporoszlany.hu\/wp-content\/uploads\/2012\/10\/Cikkajanlo3.png\" width=\"200\" height=\"120\" \/>Szervezt\u00fcnk tagjai, bar\u00e1taink \u00e9s ismer\u0151seink javasolt\u00e1k az al\u00e1bbi cikkeket elolvas\u00e1sra. Amennyiben ideje \u00e9s lehet\u0151s\u00e9ge van r\u00e1, k\u00e9rj\u00fck l\u00e1togasson el a megadott oldalakra \u00e9s olvassa el \u00d6n is az \u00e1ltaluk javasolt cikkeket. Amennyiben \u00e9rdemi v\u00e9lem\u00e9nye lenne a cikkekkel kapcsolatosan, akkor Facebook oldalunkon a megfelel\u0151 cikk bejegyz\u00e9s\u00e9hez v\u00e9lem\u00e9nyt is f\u0171zhet. Kellemes olvasgat\u00e1st k\u00edv\u00e1nunk!<\/p>\n<p><!--more--><\/p>\n<ul>\n<li>M\u00e9lysz\u00e1nt\u00e1s: <a title=\"Ugr\u00e1s az eredeti cikkre\" href=\"http:\/\/hvg.hu\/velemeny\/20130205_iskolaallamositas_Rado\" target=\"_blank\">iskola\u00e1llamos\u00edt\u00e1s<\/a> 2013<\/li>\n<li>Nyugd\u00edjba <a title=\"Ugr\u00e1s az eredeti cikkre\" href=\"http:\/\/www.vg.hu\/kozelet\/politika\/nyugdijba-menekulnek-a-nok-nagyon-alabecsulte-a-kormany-a-szamukat-397107\" target=\"_blank\">menek\u00fclnek a n\u0151k<\/a><\/li>\n<li><a title=\"Ugr\u00e1s az eredeti cikkre\" href=\"http:\/\/magyarnarancs.hu\/diplomaciai_jegyzet\/wallenberg-a-zsidok-es-amerikaiak-ugynoke-83471\" target=\"_blank\">Wallenberg<\/a>, a zsid\u00f3k \u00e9s amerikaiak \u00fcgyn\u00f6ke<\/li>\n<li>J\u00f6n-megy az <a title=\"Ugr\u00e1s az eredeti cikkre\" href=\"http:\/\/www.maszol.ro\/index.php\/belfold\/7929-qjon-megy-az-urnaq-marko-bela-allasfoglalasa\" target=\"_blank\">urna<\/a><\/li>\n<li><a title=\"Ugr\u00e1s az eredeti cikkre\" href=\"http:\/\/szabadeuropa.shp.hu\/hpc\/web.php?a=szabadeuropa&amp;o=heti_tema_2013_01_22__WGcT\" target=\"_blank\">Romokban az orsz\u00e1g<\/a> vagy tejjel-m\u00e9zzel foly\u00f3 K\u00e1na\u00e1n?<\/li>\n<li>Most akkor kellenek a <a title=\"Ugr\u00e1s az eredeti cikkre\" href=\"http:\/\/szabadeuropa.shp.hu\/hpc\/web.php?a=szabadeuropa&amp;o=heti_tema_2013_01_28__ikMX\" target=\"_blank\">multik<\/a> vagy nem?<\/li>\n<li><a title=\"Ugr\u00e1s az eredeti cikkre\" href=\"http:\/\/www.femina.hu\/hirhatter\/onkormanyzat_jutalmak\" target=\"_blank\">Milli\u00f3s jutalmak<\/a> maradtak a fideszesek zseb\u00e9ben<\/li>\n<li><a title=\"Ugr\u00e1s az eredeti cikkre\" href=\"http:\/\/egyenlito.blog.hu\/2013\/02\/09\/csod_szelerol\" target=\"_blank\">Cs\u0151d<\/a> sz\u00e9l\u00e9r\u0151l?<\/li>\n<li><a title=\"Ugr\u00e1s az eredeti cikkre\" href=\"http:\/\/mesenincs.blog.hu\/2013\/02\/12\/szoval_akkor_107\" target=\"_blank\">Sz\u00f3val akkor<\/a> \u2026<\/li>\n<li>Minden m\u00e1sodik <a title=\"Ugr\u00e1s az eredeti cikkre\" href=\"http:\/\/www.hir24.hu\/belfold\/2013\/02\/19\/minden-masodik-gyermek-nelkuloz-magyarorszagon\/\" target=\"_blank\">gyermek n\u00e9lk\u00fcl\u00f6z<\/a> Magyarorsz\u00e1gon<\/li>\n<li><a title=\"Ugr\u00e1s az eredeti cikkre\" href=\"http:\/\/www.hir24.hu\/belfold\/2013\/02\/19\/orakig-vallattak-az-egyik-diakot\/\" target=\"_blank\">\u00d3r\u00e1kig vallatt\u00e1k<\/a> az egyik di\u00e1kot<\/li>\n<li><a title=\"Ugr\u00e1s az eredeti cikkre\" href=\"http:\/\/www.nepszava.hu\/articles\/article.php?id=624128\" target=\"_blank\">T\u00fck\u00f6r<\/a> a korm\u00e1nynak<\/li>\n<li>Siralmas: ez lett a bajba jutott <a title=\"Ugr\u00e1s az eredeti cikkre\" href=\"http:\/\/velemenyvezer.blog.hu\/2013\/02\/21\/ez_lett_a_bajba_jutott_devizahitelesek_megmentesebol\" target=\"_blank\">devizahitelesek<\/a> megment\u00e9s\u00e9b\u0151l<\/li>\n<\/ul>\n","protected":false},"excerpt":{"rendered":"<p>Szervezt\u00fcnk tagjai, bar\u00e1taink \u00e9s ismer\u0151seink javasolt\u00e1k az al\u00e1bbi cikkeket elolvas\u00e1sra. Amennyiben ideje \u00e9s lehet\u0151s\u00e9ge van r\u00e1, k\u00e9rj\u00fck l\u00e1togasson el a megadott oldalakra \u00e9s olvassa el \u00d6n is az \u00e1ltaluk javasolt cikkeket. Amennyiben \u00e9rdemi v\u00e9lem\u00e9nye lenne a cikkekkel kapcsolatosan, akkor Facebook oldalunkon a megfelel\u0151 cikk bejegyz\u00e9s\u00e9hez v\u00e9lem\u00e9nyt is f\u0171zhet. Kellemes olvasgat\u00e1st k\u00edv\u00e1nunk! <a href=\"https:\/\/www.mszporoszlany.hu\/?p=2065\">Egy kattint\u00e1s ide a folytat\u00e1shoz&#8230;. <span class=\"meta-nav\">&rarr;<\/span><\/a><\/p>\n","protected":false},"author":35,"featured_media":0,"comment_status":"open","ping_status":"closed","sticky":false,"template":"","format":"standard","meta":{"footnotes":""},"categories":[196],"tags":[],"class_list":["post-2065","post","type-post","status-publish","format-standard","hentry","category-magyarorszag"],"_links":{"self":[{"href":"https:\/\/www.mszporoszlany.hu\/index.php?rest_route=\/wp\/v2\/posts\/2065","targetHints":{"allow":["GET"]}}],"collection":[{"href":"https:\/\/www.mszporoszlany.hu\/index.php?rest_route=\/wp\/v2\/posts"}],"about":[{"href":"https:\/\/www.mszporoszlany.hu\/index.php?rest_route=\/wp\/v2\/types\/post"}],"author":[{"embeddable":true,"href":"https:\/\/www.mszporoszlany.hu\/index.php?rest_route=\/wp\/v2\/users\/35"}],"replies":[{"embeddable":true,"href":"https:\/\/www.mszporoszlany.hu\/index.php?rest_route=%2Fwp%2Fv2%2Fcomments&post=2065"}],"version-history":[{"count":0,"href":"https:\/\/www.mszporoszlany.hu\/index.php?rest_route=\/wp\/v2\/posts\/2065\/revisions"}],"wp:attachment":[{"href":"https:\/\/www.mszporoszlany.hu\/index.php?rest_route=%2Fwp%2Fv2%2Fmedia&parent=2065"}],"wp:term":[{"taxonomy":"category","embeddable":true,"href":"https:\/\/www.mszporoszlany.hu\/index.php?rest_route=%2Fwp%2Fv2%2Fcategories&post=2065"},{"taxonomy":"post_tag","embeddable":true,"href":"https:\/\/www.mszporoszlany.hu\/index.php?rest_route=%2Fwp%2Fv2%2Ftags&post=2065"}],"curies":[{"name":"wp","href":"https:\/\/api.w.org\/{rel}","templated":true}]}}