{"id":2070,"date":"2013-02-27T23:31:41","date_gmt":"2013-02-27T22:31:41","guid":{"rendered":"http:\/\/www.mszporoszlany.hu\/?p=2070"},"modified":"2013-02-27T23:31:41","modified_gmt":"2013-02-27T22:31:41","slug":"onkormanyzat-koltsegvetes","status":"publish","type":"post","link":"https:\/\/www.mszporoszlany.hu\/?p=2070","title":{"rendered":"\u00d6nkorm\u00e1nyzat-k\u00f6lts\u00e9gvet\u00e9s"},"content":{"rendered":"<p><strong><img loading=\"lazy\" decoding=\"async\" class=\"alignleft size-full wp-image-2071\" alt=\"Csorte\" src=\"https:\/\/www.mszporoszlany.hu\/wp-content\/uploads\/2013\/02\/Csorte.png\" width=\"200\" height=\"120\" \/>Oroszl\u00e1ny k\u00e9pvisel\u0151i leszavazt\u00e1k a tiszteletd\u00edjuk cs\u00f6kkent\u00e9s\u00e9re vonatkoz\u00f3 javaslatot <\/strong>&#8211;<strong> <\/strong>A Fidesz \u00e9s az MSZP k\u00e9pvisel\u0151i sem t\u00e1mogatt\u00e1k az oroszl\u00e1nyi k\u00e9pvisel\u0151-test\u00fclet kedd esti \u00fcl\u00e9s\u00e9n, hogy 30 sz\u00e1zal\u00e9kkal cs\u00f6kkenjen a tiszteletd\u00edjuk, \u00e9s az \u00f6sszeg egy szeg\u00e9nyeket seg\u00edt\u0151 alapba ker\u00fclj\u00f6n &#8211; t\u00e1j\u00e9koztatta a polg\u00e1rmester szerd\u00e1n az MTI-t. A fideszes Tak\u00e1cs K\u00e1roly k\u00f6z\u00f6lte: az \u00e1ltala el\u0151terjesztett javaslatban lemondott a 2013-as polg\u00e1rmesteri jutalm\u00e1r\u00f3l is, \u00e9s ind\u00edtv\u00e1nyozta, hogy ebb\u0151l az \u00f6sszegb\u0151l, valamint a k\u00e9pvisel\u0151i tiszteletd\u00edjak 30 sz\u00e1zal\u00e9k\u00e1b\u00f3l sz\u00e1rmaz\u00f3, \u00f6sszesen 12 milli\u00f3 forintb\u00f3l hozz\u00e1k l\u00e9tre az &#8222;<em>Oroszl\u00e1ny szeg\u00e9nyeinek<\/em>&#8221; nev\u0171 programot.<\/p>\n<p><!--more--><\/p>\n<p>A 12 f\u0151s k\u00e9pvisel\u0151-test\u00fclet m\u00f3dos\u00edt\u00f3 ind\u00edtv\u00e1nyokkal, 10 igen szavazattal \u00fagy d\u00f6nt\u00f6tt, hogy nincs sz\u00fcks\u00e9g a szeg\u00e9nyeket seg\u00edt\u0151 alapra, azonban azt megszavazt\u00e1k, hogy a jutalmat nulla forinttal szerepeltess\u00e9k a k\u00f6lts\u00e9gvet\u00e9sben, \u00e9s az \u00f6sszeget a polg\u00e1rmesteri keret sor\u00e1ra tegy\u00e9k \u00e1t, melyb\u0151l civil szervezeteket lehet t\u00e1mogatni &#8211; ismertette Tak\u00e1cs K\u00e1roly. Oroszl\u00e1ny vezet\u0151je elgondolkodtat\u00f3nak nevezte, hogy javaslatainak leszavaz\u00e1s\u00e1ra egy\u00fcttm\u0171k\u00f6d\u00f6tt a Fidesz, az MSZP \u00e9s a Jobbik. &#8222;<em>Ez egy bizalmatlans\u00e1gi ind\u00edtv\u00e1ny velem szemben. (&#8230;) Logikusan azonnal fel kellene \u00e1llni, de ennek nem vagyok h\u00edve. Az ember megkezdett egy munk\u00e1t, amit v\u00e9gig kell szolg\u00e1lni<\/em>&#8221; &#8211; mondta Tak\u00e1cs K\u00e1roly. A polg\u00e1rmester hozz\u00e1tette: az elfogadott k\u00f6lts\u00e9gvet\u00e9s sz\u00f6veges r\u00e9sz\u00e9ben viszont szerepel azon \u00e9szrev\u00e9tele, miszerint etikailag \u00f6sszef\u00e9rhetetlen, hogy az \u00f6nkorm\u00e1nyzatt\u00f3l a k\u00e9pvisel\u0151-test\u00fclet tagjai saj\u00e1t v\u00e1llalkoz\u00e1suk r\u00e9sz\u00e9re kapnak megb\u00edz\u00e1st, ez\u00e9rt ezt a gyakorlatot a j\u00f6v\u0151ben meg k\u00edv\u00e1nja sz\u00fcntetni. A politikus szerint \u00e9rthetetlen a vele szembeni bizalmatlans\u00e1g, mert a v\u00e1ros sikeres, j\u00f3l gazd\u00e1lkodik \u00e9s milli\u00e1rdos fejleszt\u00e9sei vannak. Tak\u00e1cs K\u00e1roly elmondta, az \u00e1llam \u00e1tv\u00e1llalja a szocialista ciklusban felhalmozott ad\u00f3ss\u00e1g \u00f6tven sz\u00e1zal\u00e9k\u00e1t, mintegy 1 milli\u00e1rd forintot.<\/p>\n<p>Papp P\u00e9ter alpolg\u00e1rmester, a polg\u00e1ri frakci\u00f3 vezet\u0151je az MTI-vel k\u00f6z\u00f6lte: &#8222;<em>a 22 \u00e9v \u00f3ta el\u0151sz\u00f6r az ellenz\u00e9k t\u00e1mogat\u00e1s\u00e1t is b\u00edr\u00f3 k\u00f6lts\u00e9gvet\u00e9s a polg\u00e1rmester h\u00e1romhetes szabads\u00e1ga alatt \u00e1llt \u00f6ssze alpolg\u00e1rmesteri koordin\u00e1ci\u00f3val. A fesz\u00fclts\u00e9get az \u0151 r\u00f6gt\u00f6nz\u00f6tt m\u00f3dos\u00edt\u00f3 ind\u00edtv\u00e1nyai gener\u00e1lt\u00e1k, val\u00f3sz\u00edn\u0171leg a k\u00f6lts\u00e9gvet\u00e9si sorokban val\u00f3 t\u00e1j\u00e9kozatlans\u00e1ga miatt<\/em>&#8222;. Az alpolg\u00e1rmester megjegyezte, hogy nem a szeg\u00e9nyeknek sz\u00f3l\u00f3 alap fel\u00e1ll\u00edt\u00e1sa ellen szavazott a test\u00fclet. Oroszl\u00e1nyban helyi r\u00e1szorul\u00f3k t\u00e1mogat\u00e1s\u00e1ra 550 milli\u00f3 forintos keret van, \u00e9s a v\u00e1ros a h\u00e1tr\u00e1nyos helyzet\u0171ek \u00e9letmin\u0151s\u00e9g\u00e9nek jav\u00edt\u00e1s\u00e1ra \u00f6sszesen 170 milli\u00f3s forintos p\u00e1ly\u00e1zati \u00f6sszeget nyert el, melyhez \u00f6nr\u00e9szt biztos\u00edtott a k\u00f6lts\u00e9gvet\u00e9s.<\/p>\n<p>Rajnai G\u00e1bor k\u00e9pvisel\u0151, kor\u00e1bbi MSZP-s polg\u00e1rmester az MTI megkeres\u00e9s\u00e9re \u00e9rdekes \u00e9rvel\u00e9snek nevezte a szeg\u00e9nyekkel kapcsolatos alap l\u00e9trehoz\u00e1s\u00e1t, mivel a polg\u00e1rmester a 2012-es jutalm\u00e1t egy Oroszl\u00e1nyon k\u00edv\u00fcli szervezetnek aj\u00e1nlotta fel. A k\u00e9pvisel\u0151 \u00fagy v\u00e9lte, hogy a v\u00e1ros szoci\u00e1lis ell\u00e1t\u00f3rendszere \u00e1tlagon fel\u00fcli, a k\u00e9pvisel\u0151-test\u00fcletnek ezzel kapcsolatban sincs sz\u00e9gyellnival\u00f3ja, majd hozz\u00e1tette: &#8222;<em>Tak\u00e1cs K\u00e1roly \u00far k\u00f6z\u00e9leti megnyilv\u00e1nul\u00e1sai \u00e9s \u00fcl\u00e9svezet\u00e9si st\u00edlusa b\u0151ven hagy maga ut\u00e1n kivetnival\u00f3t, nem csak ellenz\u00e9ki szemsz\u00f6gb\u0151l n\u00e9zve<\/em>&#8222;.<\/p>\n<p>Az oroszl\u00e1nyi k\u00e9pvisel\u0151-test\u00fclet 12 f\u0151s, a polg\u00e1rmester mellett hat mand\u00e1tuma van a Fidesz-KDNP-nek, 4 helyet az MSZP birtokol, a Jobbik egy k\u00e9pvisel\u0151vel van jelen.<\/p>\n<p>Forr\u00e1s: MTI<\/p>\n","protected":false},"excerpt":{"rendered":"<p>A Fidesz \u00e9s az MSZP k\u00e9pvisel\u0151i sem t\u00e1mogatt\u00e1k az oroszl\u00e1nyi k\u00e9pvisel\u0151-test\u00fclet kedd esti \u00fcl\u00e9s\u00e9n, hogy 30 sz\u00e1zal\u00e9kkal cs\u00f6kkenjen a tiszteletd\u00edjuk, \u00e9s az \u00f6sszeg egy szeg\u00e9nyeket seg\u00edt\u0151 alapba ker\u00fclj\u00f6n &#8211; t\u00e1j\u00e9koztatta a polg\u00e1rmester szerd\u00e1n az MTI-t. A fideszes Tak\u00e1cs K\u00e1roly k\u00f6z\u00f6lte: az \u00e1ltala el\u0151terjesztett javaslatban lemondott a 2013-as polg\u00e1rmesteri jutalm\u00e1r\u00f3l is, \u00e9s ind\u00edtv\u00e1nyozta, hogy ebb\u0151l az \u00f6sszegb\u0151l, valamint a k\u00e9pvisel\u0151i tiszteletd\u00edjak 30 sz\u00e1zal\u00e9k\u00e1b\u00f3l sz\u00e1rmaz\u00f3, \u00f6sszesen 12 milli\u00f3 forintb\u00f3l hozz\u00e1k l\u00e9tre az &#8222;Oroszl\u00e1ny szeg\u00e9nyeinek&#8221; nev\u0171 programot. <a href=\"https:\/\/www.mszporoszlany.hu\/?p=2070\">Egy kattint\u00e1s ide a folytat\u00e1shoz&#8230;. <span class=\"meta-nav\">&rarr;<\/span><\/a><\/p>\n","protected":false},"author":35,"featured_media":0,"comment_status":"open","ping_status":"closed","sticky":false,"template":"","format":"standard","meta":{"footnotes":""},"categories":[194],"tags":[1302,1303,60,268,1304,1763,1301,56,1300,69,9],"class_list":["post-2070","post","type-post","status-publish","format-standard","hentry","category-oroszlany","tag-bizalmatlansagi-inditvany","tag-etikai-osszeferhetetlenseg","tag-fidesz","tag-koltsegvetes","tag-milliardos-fejlesztesek","tag-mszp","tag-oroszlany-szegenyeinek","tag-papp-peter","tag-polgarmesteri-jutalom","tag-rajnai-gabor","tag-takacs-karoly"],"_links":{"self":[{"href":"https:\/\/www.mszporoszlany.hu\/index.php?rest_route=\/wp\/v2\/posts\/2070","targetHints":{"allow":["GET"]}}],"collection":[{"href":"https:\/\/www.mszporoszlany.hu\/index.php?rest_route=\/wp\/v2\/posts"}],"about":[{"href":"https:\/\/www.mszporoszlany.hu\/index.php?rest_route=\/wp\/v2\/types\/post"}],"author":[{"embeddable":true,"href":"https:\/\/www.mszporoszlany.hu\/index.php?rest_route=\/wp\/v2\/users\/35"}],"replies":[{"embeddable":true,"href":"https:\/\/www.mszporoszlany.hu\/index.php?rest_route=%2Fwp%2Fv2%2Fcomments&post=2070"}],"version-history":[{"count":0,"href":"https:\/\/www.mszporoszlany.hu\/index.php?rest_route=\/wp\/v2\/posts\/2070\/revisions"}],"wp:attachment":[{"href":"https:\/\/www.mszporoszlany.hu\/index.php?rest_route=%2Fwp%2Fv2%2Fmedia&parent=2070"}],"wp:term":[{"taxonomy":"category","embeddable":true,"href":"https:\/\/www.mszporoszlany.hu\/index.php?rest_route=%2Fwp%2Fv2%2Fcategories&post=2070"},{"taxonomy":"post_tag","embeddable":true,"href":"https:\/\/www.mszporoszlany.hu\/index.php?rest_route=%2Fwp%2Fv2%2Ftags&post=2070"}],"curies":[{"name":"wp","href":"https:\/\/api.w.org\/{rel}","templated":true}]}}