{"id":2079,"date":"2013-03-03T21:09:13","date_gmt":"2013-03-03T20:09:13","guid":{"rendered":"http:\/\/www.mszporoszlany.hu\/?p=2079"},"modified":"2013-03-03T21:09:13","modified_gmt":"2013-03-03T20:09:13","slug":"magyarorszagma","status":"publish","type":"post","link":"https:\/\/www.mszporoszlany.hu\/?p=2079","title":{"rendered":"Magyarorsz\u00e1gMA"},"content":{"rendered":"<p><img loading=\"lazy\" decoding=\"async\" class=\"alignleft size-full wp-image-2080\" alt=\"MagyarorszagMA\" src=\"https:\/\/www.mszporoszlany.hu\/wp-content\/uploads\/2013\/03\/MagyarorszagMA.png\" width=\"200\" height=\"120\" \/>Az MSZP a v\u00e1laszt\u00e1sokra k\u00e9sz\u00fclve, a val\u00f3s\u00e1got bamutatand\u00f3 elk\u00e9sz\u00edtett egy &#8222;Magyarorsz\u00e1gMA&#8221; kamp\u00e1nyfilmet. A film c\u00e9lja bemutatni \u2013 a korm\u00e1nykamp\u00e1nyban megjelentekkel ellent\u00e9tben \u2013, hogy milyen \u00e1llapotban is van ma haz\u00e1nk. A m\u00e1sodik Orb\u00e1n-korm\u00e1ny megalakul\u00e1sa eltelt h\u00e1rom \u00e9vben nem mi, magyarok lett\u00fcnk rosszabbak, nem a k\u00e9pess\u00e9geink, hanem az el\u0151nyeink fogytak el. A korm\u00e1nyunk lett rosszabb \u00e9s vele az orsz\u00e1g olyan, ahol nehezebb \u00e9lni. A mi dolgunk most azt, hogy kider\u00edts\u00fck, mi t\u00f6rt\u00e9nt vel\u00fcnk, mi a baj, min \u00e9s hogyan kellene v\u00e1ltoztatni \u2013 tudhatjuk meg a 18 perces vide\u00f3b\u00f3l.<\/p>\n<p>A vide\u00f3 itt <a title=\"A Magyarorsz\u00e1gMA vide\u00f3 megtekint\u00e9se\" href=\"http:\/\/www.youtube.com\/watch?v=BtjQWYid65k\" target=\"_blank\">tekinthet\u0151 <\/a>meg!<\/p>\n","protected":false},"excerpt":{"rendered":"<p>Az MSZP a v\u00e1laszt\u00e1sokra k\u00e9sz\u00fclve, a val\u00f3s\u00e1got bamutatand\u00f3 elk\u00e9sz\u00edtett egy &#8222;Magyarorsz\u00e1gMA&#8221; kamp\u00e1nyfilmet. A film c\u00e9lja bemutatni \u2013 a korm\u00e1nykamp\u00e1nyban megjelentekkel ellent\u00e9tben \u2013, hogy milyen \u00e1llapotban is van ma haz\u00e1nk. A m\u00e1sodik Orb\u00e1n-korm\u00e1ny megalakul\u00e1sa eltelt h\u00e1rom \u00e9vben nem mi, magyarok lett\u00fcnk rosszabbak, nem a k\u00e9pess\u00e9geink, hanem az el\u0151nyeink fogytak el. A korm\u00e1nyunk lett rosszabb \u00e9s vele az orsz\u00e1g olyan, ahol nehezebb \u00e9lni. A mi dolgunk most azt, hogy kider\u00edts\u00fck, mi t\u00f6rt\u00e9nt vel\u00fcnk, mi a baj, min \u00e9s hogyan kellene v\u00e1ltoztatni \u2013 tudhatjuk meg a 18 perces vide\u00f3b\u00f3l. <a href=\"https:\/\/www.mszporoszlany.hu\/?p=2079\">Egy kattint\u00e1s ide a folytat\u00e1shoz&#8230;. <span class=\"meta-nav\">&rarr;<\/span><\/a><\/p>\n","protected":false},"author":35,"featured_media":0,"comment_status":"open","ping_status":"closed","sticky":false,"template":"","format":"standard","meta":{"footnotes":""},"categories":[196,58],"tags":[1305,1763],"class_list":["post-2079","post","type-post","status-publish","format-standard","hentry","category-magyarorszag","category-mszp","tag-magyarorszagma","tag-mszp"],"_links":{"self":[{"href":"https:\/\/www.mszporoszlany.hu\/index.php?rest_route=\/wp\/v2\/posts\/2079","targetHints":{"allow":["GET"]}}],"collection":[{"href":"https:\/\/www.mszporoszlany.hu\/index.php?rest_route=\/wp\/v2\/posts"}],"about":[{"href":"https:\/\/www.mszporoszlany.hu\/index.php?rest_route=\/wp\/v2\/types\/post"}],"author":[{"embeddable":true,"href":"https:\/\/www.mszporoszlany.hu\/index.php?rest_route=\/wp\/v2\/users\/35"}],"replies":[{"embeddable":true,"href":"https:\/\/www.mszporoszlany.hu\/index.php?rest_route=%2Fwp%2Fv2%2Fcomments&post=2079"}],"version-history":[{"count":0,"href":"https:\/\/www.mszporoszlany.hu\/index.php?rest_route=\/wp\/v2\/posts\/2079\/revisions"}],"wp:attachment":[{"href":"https:\/\/www.mszporoszlany.hu\/index.php?rest_route=%2Fwp%2Fv2%2Fmedia&parent=2079"}],"wp:term":[{"taxonomy":"category","embeddable":true,"href":"https:\/\/www.mszporoszlany.hu\/index.php?rest_route=%2Fwp%2Fv2%2Fcategories&post=2079"},{"taxonomy":"post_tag","embeddable":true,"href":"https:\/\/www.mszporoszlany.hu\/index.php?rest_route=%2Fwp%2Fv2%2Ftags&post=2079"}],"curies":[{"name":"wp","href":"https:\/\/api.w.org\/{rel}","templated":true}]}}